{"id":1388,"date":"2026-09-01T13:27:25","date_gmt":"2026-09-01T19:27:25","guid":{"rendered":"https:\/\/www.oaxaca.gob.mx\/trabajo\/?p=1388"},"modified":"2026-09-01T13:27:25","modified_gmt":"2026-09-01T19:27:25","slug":"%f0%9d%97%a2%f0%9d%97%94%f0%9d%97%ab%f0%9d%97%94%f0%9d%97%96%f0%9d%97%94-%f0%9d%97%a6%f0%9d%97%a8%f0%9d%97%a0%f0%9d%97%94-%f0%9d%97%a0a%f0%9d%97%a6-%f0%9d%97%97%f0%9d%97%98-%f0%9d%9f%ad%f0%9d%9f%ac","status":"publish","type":"post","link":"https:\/\/www.oaxaca.gob.mx\/trabajo\/%f0%9d%97%a2%f0%9d%97%94%f0%9d%97%ab%f0%9d%97%94%f0%9d%97%96%f0%9d%97%94-%f0%9d%97%a6%f0%9d%97%a8%f0%9d%97%a0%f0%9d%97%94-%f0%9d%97%a0a%f0%9d%97%a6-%f0%9d%97%97%f0%9d%97%98-%f0%9d%9f%ad%f0%9d%9f%ac\/","title":{"rendered":"\ud835\udde2\ud835\uddd4\ud835\uddeb\ud835\uddd4\ud835\uddd6\ud835\uddd4 \ud835\udde6\ud835\udde8\ud835\udde0\ud835\uddd4 \ud835\udde0\u00c1\ud835\udde6 \ud835\uddd7\ud835\uddd8 \ud835\udfed\ud835\udfec\ud835\udfee \ud835\udde0\ud835\udddc\ud835\udddf \ud835\udde3\ud835\uddd8\ud835\udde5\ud835\udde6\ud835\udde2\ud835\udde1\ud835\uddd4\ud835\udde6 \ud835\udde2\ud835\uddd6\ud835\udde8\ud835\udde3\ud835\uddd4\ud835\uddd7\ud835\uddd4\ud835\udde6 \ud835\uddd7\ud835\udde8\ud835\udde5\ud835\uddd4\ud835\udde1\ud835\udde7\ud835\uddd8 \ud835\uddd8\ud835\udddf \ud835\udde6\ud835\uddd8\ud835\uddda\ud835\udde8\ud835\udde1\ud835\uddd7\ud835\udde2 \ud835\udde7\ud835\udde5\ud835\udddc\ud835\udde0\ud835\uddd8\ud835\udde6\ud835\udde7\ud835\udde5\ud835\uddd8 \ud835\uddd7\ud835\uddd8 \ud835\udfee\ud835\udfec\ud835\udfee\ud835\udff2"},"content":{"rendered":"<p><img loading=\"lazy\" decoding=\"async\" class=\"aligncenter size-large wp-image-1389\" src=\"https:\/\/www.oaxaca.gob.mx\/trabajo\/wp-content\/uploads\/sites\/93\/2026\/09\/WhatsApp-Image-2026-09-01-at-1.21.09-PM-819x1024.jpeg\" alt=\"\" width=\"819\" height=\"1024\" srcset=\"https:\/\/www.oaxaca.gob.mx\/trabajo\/wp-content\/uploads\/sites\/93\/2026\/09\/WhatsApp-Image-2026-09-01-at-1.21.09-PM-819x1024.jpeg 819w, https:\/\/www.oaxaca.gob.mx\/trabajo\/wp-content\/uploads\/sites\/93\/2026\/09\/WhatsApp-Image-2026-09-01-at-1.21.09-PM-240x300.jpeg 240w, https:\/\/www.oaxaca.gob.mx\/trabajo\/wp-content\/uploads\/sites\/93\/2026\/09\/WhatsApp-Image-2026-09-01-at-1.21.09-PM-768x960.jpeg 768w, https:\/\/www.oaxaca.gob.mx\/trabajo\/wp-content\/uploads\/sites\/93\/2026\/09\/WhatsApp-Image-2026-09-01-at-1.21.09-PM.jpeg 1122w\" sizes=\"auto, (max-width: 819px) 100vw, 819px\" \/><br \/>\n\ud83d\udc77\ud83c\udffd\u200d\u2640\ufe0f Oaxaca registra \ud835\udfed \ud835\uddfa\ud835\uddf6\ud835\uddf9\ud835\uddf9\ud835\uddfc\u0301\ud835\uddfb \ud835\udff5\ud835\udfef\ud835\udff2 \ud835\uddfa\ud835\uddf6\ud835\uddf9 \ud835\udff1\ud835\udfee\ud835\udfef \ud835\uddfd\ud835\uddf2\ud835\uddff\ud835\ude00\ud835\uddfc\ud835\uddfb\ud835\uddee\ud835\ude00 \ud835\uddfc\ud835\uddf0\ud835\ude02\ud835\uddfd\ud835\uddee\ud835\uddf1\ud835\uddee\ud835\ude00 durante el segundo trimestre de 2026, 102 mil 830 m\u00e1s que en el mismo periodo de 2025, de acuerdo con la Encuesta Nacional de Ocupaci\u00f3n y Empleo (ENOE) del INEGI.<\/p>\n<p>\ud83d\udcca La desocupaci\u00f3n disminuy\u00f3 de \ud835\udfed.\ud835\udfed \ud835\uddee \ud835\udfec.\ud835\udff4% y la subocupaci\u00f3n pas\u00f3 de 13.4 a 11.5%, lo que refleja un crecimiento de la ocupaci\u00f3n laboral en la entidad.<\/p>\n<p>\ud83c\udf3e \ud835\udddf\ud835\udde2\ud835\udde6 \ud835\udde6\ud835\uddd8\ud835\uddd6\ud835\udde7\ud835\udde2\ud835\udde5\ud835\uddd8\ud835\udde6 \ud835\uddd6\ud835\udde2\ud835\udde1 \ud835\udde0\ud835\uddd4\ud835\uddec\ud835\udde2\ud835\udde5 \ud835\uddd6\ud835\udde5\ud835\uddd8\ud835\uddd6\ud835\udddc\ud835\udde0\ud835\udddc\ud835\uddd8\ud835\udde1\ud835\udde7\ud835\udde2 \ud835\udde6\ud835\udde2\ud835\udde1:<br \/>\n-Agricultura, ganader\u00eda, silvicultura, caza y pesca: m\u00e1s de 40 mil personas<br \/>\n-Restaurantes y servicios de alojamiento: m\u00e1s de 38 mil personas<br \/>\n-Comercio: cerca de 25 mil personas<br \/>\n-Construcci\u00f3n: m\u00e1s de 20 mil personas<\/p>\n<p>\ud83d\udc69\ud83c\udffd\u200d\ud83d\udcbc La participaci\u00f3n de la mujer en el mercado laboral aument\u00f3:<br \/>\n-Pas\u00f3 de 44.2 a 47.9%, con alrededor de \ud835\udff1\ud835\udff3 \ud835\uddfa\ud835\uddf6\ud835\uddf9 \ud835\uddfa\ud835\ude02\ud835\uddf7\ud835\uddf2\ud835\uddff\ud835\uddf2\ud835\ude00 m\u00e1s respecto al mismo trimestre de 2025.<\/p>\n<p>\ud83e\udd1d\ud83c\udffc La Secretar\u00eda del Trabajo de Oaxaca refrenda el compromiso de continuar acercando oportunidades laborales, proteger los derechos de las y los trabajadores y atender retos como la informalidad, para que el trabajo digno contribuya al bienestar de las familias oaxaque\u00f1as.<\/p>\n","protected":false},"excerpt":{"rendered":"<p>\ud83d\udc77\ud83c\udffd\u200d\u2640\ufe0f Oaxaca registra \ud835\udfed \ud835\uddfa\ud835\uddf6\ud835\uddf9\ud835\uddf9\ud835\uddfc\u0301\ud835\uddfb \ud835\udff5\ud835\udfef\ud835\udff2 \ud835\uddfa\ud835\uddf6\ud835\uddf9 \ud835\udff1\ud835\udfee\ud835\udfef \ud835\uddfd\ud835\uddf2\ud835\uddff\ud835\ude00\ud835\uddfc\ud835\uddfb\ud835\uddee\ud835\ude00 \ud835\uddfc\ud835\uddf0\ud835\ude02\ud835\uddfd\ud835\uddee\ud835\uddf1\ud835\uddee\ud835\ude00 durante el segundo trimestre de 2026, 102 mil 830 m\u00e1s que en el mismo periodo de 2025, de acuerdo con la Encuesta Nacional de Ocupaci\u00f3n y Empleo (ENOE) del INEGI. \ud83d\udcca La desocupaci\u00f3n disminuy\u00f3 de \ud835\udfed.\ud835\udfed \ud835\uddee \ud835\udfec.\ud835\udff4% y la subocupaci\u00f3n pas\u00f3 de 13.4 a [&hellip;]<\/p>\n","protected":false},"author":114,"featured_media":0,"comment_status":"open","ping_status":"open","sticky":false,"template":"","format":"standard","meta":{"episode_type":"","audio_file":"","podmotor_file_id":"","podmotor_episode_id":"","cover_image":"","cover_image_id":"","duration":"","filesize":"","filesize_raw":"","date_recorded":"","explicit":"","block":"","itunes_episode_number":"","itunes_title":"","itunes_season_number":"","itunes_episode_type":"","footnotes":""},"categories":[1],"tags":[],"class_list":["post-1388","post","type-post","status-publish","format-standard","hentry","category-sin-categoria"],"acf":[],"publishpress_future_action":{"enabled":false,"date":"2026-09-09 02:17:20","action":"change-status","newStatus":"draft","terms":[],"taxonomy":"category","extraData":[]},"publishpress_future_workflow_manual_trigger":{"enabledWorkflows":[]},"_links":{"self":[{"href":"https:\/\/www.oaxaca.gob.mx\/trabajo\/wp-json\/wp\/v2\/posts\/1388","targetHints":{"allow":["GET"]}}],"collection":[{"href":"https:\/\/www.oaxaca.gob.mx\/trabajo\/wp-json\/wp\/v2\/posts"}],"about":[{"href":"https:\/\/www.oaxaca.gob.mx\/trabajo\/wp-json\/wp\/v2\/types\/post"}],"author":[{"embeddable":true,"href":"https:\/\/www.oaxaca.gob.mx\/trabajo\/wp-json\/wp\/v2\/users\/114"}],"replies":[{"embeddable":true,"href":"https:\/\/www.oaxaca.gob.mx\/trabajo\/wp-json\/wp\/v2\/comments?post=1388"}],"version-history":[{"count":1,"href":"https:\/\/www.oaxaca.gob.mx\/trabajo\/wp-json\/wp\/v2\/posts\/1388\/revisions"}],"predecessor-version":[{"id":1390,"href":"https:\/\/www.oaxaca.gob.mx\/trabajo\/wp-json\/wp\/v2\/posts\/1388\/revisions\/1390"}],"wp:attachment":[{"href":"https:\/\/www.oaxaca.gob.mx\/trabajo\/wp-json\/wp\/v2\/media?parent=1388"}],"wp:term":[{"taxonomy":"category","embeddable":true,"href":"https:\/\/www.oaxaca.gob.mx\/trabajo\/wp-json\/wp\/v2\/categories?post=1388"},{"taxonomy":"post_tag","embeddable":true,"href":"https:\/\/www.oaxaca.gob.mx\/trabajo\/wp-json\/wp\/v2\/tags?post=1388"}],"curies":[{"name":"wp","href":"https:\/\/api.w.org\/{rel}","templated":true}]}}