{"id":1380,"date":"2026-08-31T11:55:59","date_gmt":"2026-08-31T17:55:59","guid":{"rendered":"https:\/\/www.oaxaca.gob.mx\/trabajo\/?p=1380"},"modified":"2026-08-31T11:55:59","modified_gmt":"2026-08-31T17:55:59","slug":"%f0%9d%97%9d%f0%9d%97%a8%f0%9d%97%a9%f0%9d%97%98%f0%9d%97%a1%f0%9d%97%a7%f0%9d%97%a8%f0%9d%97%97%f0%9d%97%98%f0%9d%97%a6-%f0%9d%97%97%f0%9d%97%98-%f0%9d%97%9f%f0%9d%97%94-%f0%9d%97%a8%f0%9d%97%a1","status":"publish","type":"post","link":"https:\/\/www.oaxaca.gob.mx\/trabajo\/juventudes-de-la-universidad-al-mundo-laboral","title":{"rendered":"\ud835\udddd\ud835\udde8\ud835\udde9\ud835\uddd8\ud835\udde1\ud835\udde7\ud835\udde8\ud835\uddd7\ud835\uddd8\ud835\udde6 \ud835\uddd7\ud835\uddd8 \ud835\udddf\ud835\uddd4 \ud835\udde8\ud835\udde1\ud835\udddc\ud835\udde9\ud835\uddd8\ud835\udde5\ud835\udde6\ud835\udddc\ud835\uddd7\ud835\uddd4\ud835\uddd7 \ud835\uddd4\ud835\udddf \ud835\udde0\ud835\udde8\ud835\udde1\ud835\uddd7\ud835\udde2 \ud835\udddf\ud835\uddd4\ud835\uddd5\ud835\udde2\ud835\udde5\ud835\uddd4\ud835\udddf"},"content":{"rendered":"<p>\ud83d\udcca Con el objetivo de que estudiantes universitarios adquieran herramientas para facilitar su incorporaci\u00f3n al mundo laboral y conozcan sus derechos, la Secretar\u00eda del Trabajo y la Secretar\u00eda de Educaci\u00f3n P\u00fablica de Oaxaca iniciaron esta estrategia conjunta.<\/p>\n<p>Participaron j\u00f3venes de la Universidad Vasconcelos, NovaUniversitas y el Tecnol\u00f3gico del Valle de Etla.<\/p>\n<p>\ud83d\udcbc Posteriormente, se propone sumar a la UABJO, Universidad Mesoamericana, CLEU, Universidad Regional del Sureste, Universidad del Golfo de M\u00e9xico, Universidad An\u00e1huac Oaxaca, Instituto Tecnol\u00f3gico de Oaxaca, Universidad Tecnol\u00f3gica de la Mixteca, Universidad Polit\u00e9cnica del Istmo, Universidad del Pueblo, entre otras.<\/p>\n<p>Horacio Sosa Villavicencio, encargado de la pol\u00edtica laboral en Oaxaca, destac\u00f3 que las juventudes son una prioridad para el Gobernador Salom\u00f3n Jara Cruz y que esta estrategia, junto con programas como Mi Primera Chamba, genera oportunidades que contribuyen a alejarlas de actividades il\u00edcitas.<\/p>\n<p>\ud83e\udef1\ud83c\udffd\u200d\ud83e\udef2\ud83c\udffc Las universidades interesadas en sumarse pueden acudir a la Secretar\u00eda del Trabajo, ubicada en Calzada Porfirio D\u00edaz n\u00famero 901, colonia Reforma, Oaxaca de Ju\u00e1rez, o contactarla a trav\u00e9s de sus redes sociales oficiales.<\/p>\n\r\n<div class=\"gdgallery-gallery-container\" id=\"gdgallery-container-7\" data-id=\"7\">\r\n    \r\n<div id=\"gdgallery_container_7\" style=\"display:none;\" data-view=\"justified\">\r\n            <a href=\"\" target=\"_blank\">\r\n            <img decoding=\"async\" alt=\"\"\r\n                 data-type=\"image\"\r\n                 src=\"https:\/\/www.oaxaca.gob.mx\/trabajo\/wp-content\/uploads\/sites\/93\/2026\/08\/IMG_6359.JPG.jpeg\"\r\n                 data-image=\"https:\/\/www.oaxaca.gob.mx\/trabajo\/wp-content\/uploads\/sites\/93\/2026\/08\/IMG_6359.JPG.jpeg\"\r\n                 data-description=\"\"\r\n                                 style=\"display:block\">\r\n        <\/a>\r\n            <a href=\"\" target=\"_blank\">\r\n            <img decoding=\"async\" alt=\"\"\r\n                 data-type=\"image\"\r\n                 src=\"https:\/\/www.oaxaca.gob.mx\/trabajo\/wp-content\/uploads\/sites\/93\/2026\/08\/WhatsApp-Image-2026-08-31-at-10.20.16-AM.jpeg\"\r\n                 data-image=\"https:\/\/www.oaxaca.gob.mx\/trabajo\/wp-content\/uploads\/sites\/93\/2026\/08\/WhatsApp-Image-2026-08-31-at-10.20.16-AM.jpeg\"\r\n                 data-description=\"\"\r\n                                 style=\"display:block\">\r\n        <\/a>\r\n            <a href=\"\" target=\"_blank\">\r\n            <img decoding=\"async\" alt=\"\"\r\n                 data-type=\"image\"\r\n                 src=\"https:\/\/www.oaxaca.gob.mx\/trabajo\/wp-content\/uploads\/sites\/93\/2026\/08\/WhatsApp-Image-2026-08-31-at-10.20.17-AM-33334.jpeg\"\r\n                 data-image=\"https:\/\/www.oaxaca.gob.mx\/trabajo\/wp-content\/uploads\/sites\/93\/2026\/08\/WhatsApp-Image-2026-08-31-at-10.20.17-AM-33334.jpeg\"\r\n                 data-description=\"\"\r\n                                 style=\"display:block\">\r\n        <\/a>\r\n            <a href=\"\" target=\"_blank\">\r\n            <img decoding=\"async\" alt=\"\"\r\n                 data-type=\"image\"\r\n                 src=\"https:\/\/www.oaxaca.gob.mx\/trabajo\/wp-content\/uploads\/sites\/93\/2026\/08\/WhatsApp-Image-2026-08-31-at-10.20.17-AM.jpeg\"\r\n                 data-image=\"https:\/\/www.oaxaca.gob.mx\/trabajo\/wp-content\/uploads\/sites\/93\/2026\/08\/WhatsApp-Image-2026-08-31-at-10.20.17-AM.jpeg\"\r\n                 data-description=\"\"\r\n                                 style=\"display:block\">\r\n        <\/a>\r\n    <\/div>\r\n\r\n\r\n\r\n<script type=\"text\/javascript\">\r\n\r\n\r\n    (function() {\r\n        var runMyCode = function() {\r\n            jQuery(document).ready(function () {\r\n                var container = jQuery(\"#gdgallery_container_7\");\r\n                container.unitegallery({\"gallery_theme\":\"justified\",\"tiles_type\":\"justified\",\"tiles_justified_space_between\":10,\"tile_enable_textpanel\":true,\"tile_textpanel_always_on\":true,\"tile_textpanel_title_text_align\":\"center\",\"tile_textpanel_title_font_size\":\"16\",\"tile_textpanel_title_color\":\"#FFFFFF\",\"tile_textpanel_bg_color\":\"#333333\",\"tile_textpanel_bg_opacity\":0.7,\"tile_enable_border\":true,\"tile_border_width\":\"0\",\"tile_border_color\":\"#333333\",\"tile_border_radius\":\"0\",\"tile_enable_overlay\":true,\"tile_enable_image_effect\":true,\"tile_image_effect_type\":\"blur\",\"tile_image_effect_reverse\":true,\"tile_enable_shadow\":false,\"tile_as_link\":false,\"tile_enable_icons\":true,\"tile_show_link_icon\":true,\"tile_textpanel_appear_type\":\"slide\",\"tile_textpanel_position\":\"inside_bottom\",\"tile_link_newpage\":true,\"lightbox_type\":\"wide\",\"lightbox_arrows_offset\":0,\"lightbox_overlay_color\":\"#000000\",\"lightbox_overlay_opacity\":1,\"lightbox_top_panel_opacity\":1,\"lightbox_show_numbers\":true,\"lightbox_numbers_size\":\"15\",\"lightbox_numbers_color\":\"#FFFFFF\",\"lightbox_slider_image_border_width\":\"0\",\"lightbox_slider_image_border_color\":\"#FFFFFF\",\"lightbox_slider_image_border_radius\":0,\"lightbox_slider_image_shadow\":true,\"lightbox_slider_control_swipe\":true,\"lightbox_slider_control_zoom\":true,\"lightbox_slider_image_border\":true,\"lightbox_show_textpanel\":true,\"lightbox_textpanel_enable_title\":true,\"lightbox_textpanel_enable_description\":false,\"lightbox_textpanel_padding_top\":5,\"lightbox_textpanel_padding_bottom\":5,\"lightbox_textpanel_padding_right\":5,\"lightbox_textpanel_padding_left\":5,\"lightbox_textpanel_title_color\":\"#FFFFFF\",\"lightbox_textpanel_title_text_align\":\"center\",\"lightbox_textpanel_title_font_size\":\"16\",\"lightbox_textpanel_desc_color\":\"#FFFFFF\",\"lightbox_textpanel_desc_text_align\":\"center\",\"lightbox_textpanel_desc_font_size\":\"14\"});\r\n            });\r\n        };\r\n        var timer = function() {\r\n            if (window.jQuery) {runMyCode(window.jQuery);}\r\n            else {window.setTimeout(timer, 100);}\r\n        };\r\n        timer();\r\n    })();\r\n<\/script><style>\r\n#gdgallery-container-7 {\r\n   text-align: center}\r\n\r\n.gdgallery-pagination-7{\r\ntext-align: center !important;\r\n}\r\n\r\n.gdgallery-pagination-7 a{\r\n    font-size: 15px !important;\r\n    padding: 8px 13px !important;\r\n    margin: 3px !important;\r\n    border: 1px solid #333333 !important;\r\n    border-radius: 0px !important;\r\n    color: #333333 !important;\r\n    background-color: #FFFFFF !important;\r\n    font-family: monospace !important;\r\n}\r\n\r\n.gdgallery-pagination-7 a:hover, .gdgallery-pagination-7 a.gdgallery-pagination-icon-active{\r\n    color: #FFFFFF !important;\r\n    background-color: #333333 !important;\r\n    border-color: #333333 !important;\r\n}\r\n\r\n#gdgallery-container-7 .gdgallery_load_more_space{\r\n    margin-top: 20px !important;\r\n    text-align: center !important;\r\n}\r\n\r\n#gdgallery-container-7 .gdgallery_load_more_space button{\r\n                      padding: 8px 13px !important;\r\n    font-size: 15px !important;\r\n    background-color: #333333 !important;\r\n    color: #FFFFFF !important;\r\n    border:1px solid #333333 !important;\r\n                      border-radius: 0px !important;\r\n                      font-family: monospace !important;\r\n                  }\r\n#gdgallery-container-7 .gdgallery_load_more_space button:hover{\r\n                      background-color: #FFFFFF !important;\r\n                      color: #333333 !important;\r\n                      border-color: #333333 !important;\r\n                  }\r\n\r\n#gdgallery-container-7 .gdgallery_load_more_space button,\r\n#gdgallery-container-7 .gdgallery_load_more_space button:hover,\r\n#gdgallery-container-7 .gdgallery_load_more_space button:active,\r\n#gdgallery-container-7 .gdgallery_load_more_space button:focus{\r\n    outline: none !important;\r\n}\r\n\r\n\r\n#gdgallery-container-7 .gdgallery_loading li{\r\n                      border: 3px solid #333333 !important;\r\n                  }\r\n\r\n.ug-lightbox .ug-lightbox-top-panel-overlay{\r\n    background-color: #000000 !important;\r\n}\r\n\r\n\r\n                  #gdgallery_container_7{}\r\n<\/style>\r\n\r\n\r\n\r\n<\/div>\r\n\r\n\r\n\r\n\r\n\r\n\n","protected":false},"excerpt":{"rendered":"<p>\ud83d\udcca Con el objetivo de que estudiantes universitarios adquieran herramientas para facilitar su incorporaci\u00f3n al mundo laboral y conozcan sus derechos, la Secretar\u00eda del Trabajo y la Secretar\u00eda de Educaci\u00f3n P\u00fablica de Oaxaca iniciaron esta estrategia conjunta. Participaron j\u00f3venes de la Universidad Vasconcelos, NovaUniversitas y el Tecnol\u00f3gico del Valle de Etla. \ud83d\udcbc Posteriormente, se propone [&hellip;]<\/p>\n","protected":false},"author":114,"featured_media":1381,"comment_status":"open","ping_status":"open","sticky":false,"template":"","format":"standard","meta":{"episode_type":"","audio_file":"","podmotor_file_id":"","podmotor_episode_id":"","cover_image":"","cover_image_id":"","duration":"","filesize":"","filesize_raw":"","date_recorded":"","explicit":"","block":"","itunes_episode_number":"","itunes_title":"","itunes_season_number":"","itunes_episode_type":"","footnotes":""},"categories":[4,5],"tags":[],"class_list":["post-1380","post","type-post","status-publish","format-standard","has-post-thumbnail","hentry","category-destacado","category-noticias"],"acf":[],"publishpress_future_action":{"enabled":false,"date":"2026-09-08 21:44:32","action":"change-status","newStatus":"draft","terms":[],"taxonomy":"category","extraData":[]},"publishpress_future_workflow_manual_trigger":{"enabledWorkflows":[]},"_links":{"self":[{"href":"https:\/\/www.oaxaca.gob.mx\/trabajo\/wp-json\/wp\/v2\/posts\/1380","targetHints":{"allow":["GET"]}}],"collection":[{"href":"https:\/\/www.oaxaca.gob.mx\/trabajo\/wp-json\/wp\/v2\/posts"}],"about":[{"href":"https:\/\/www.oaxaca.gob.mx\/trabajo\/wp-json\/wp\/v2\/types\/post"}],"author":[{"embeddable":true,"href":"https:\/\/www.oaxaca.gob.mx\/trabajo\/wp-json\/wp\/v2\/users\/114"}],"replies":[{"embeddable":true,"href":"https:\/\/www.oaxaca.gob.mx\/trabajo\/wp-json\/wp\/v2\/comments?post=1380"}],"version-history":[{"count":2,"href":"https:\/\/www.oaxaca.gob.mx\/trabajo\/wp-json\/wp\/v2\/posts\/1380\/revisions"}],"predecessor-version":[{"id":1386,"href":"https:\/\/www.oaxaca.gob.mx\/trabajo\/wp-json\/wp\/v2\/posts\/1380\/revisions\/1386"}],"wp:featuredmedia":[{"embeddable":true,"href":"https:\/\/www.oaxaca.gob.mx\/trabajo\/wp-json\/wp\/v2\/media\/1381"}],"wp:attachment":[{"href":"https:\/\/www.oaxaca.gob.mx\/trabajo\/wp-json\/wp\/v2\/media?parent=1380"}],"wp:term":[{"taxonomy":"category","embeddable":true,"href":"https:\/\/www.oaxaca.gob.mx\/trabajo\/wp-json\/wp\/v2\/categories?post=1380"},{"taxonomy":"post_tag","embeddable":true,"href":"https:\/\/www.oaxaca.gob.mx\/trabajo\/wp-json\/wp\/v2\/tags?post=1380"}],"curies":[{"name":"wp","href":"https:\/\/api.w.org\/{rel}","templated":true}]}}