{"id":1354,"date":"2026-08-10T11:06:21","date_gmt":"2026-08-10T17:06:21","guid":{"rendered":"https:\/\/www.oaxaca.gob.mx\/trabajo\/?p=1354"},"modified":"2026-08-10T11:53:37","modified_gmt":"2026-08-10T17:53:37","slug":"impulsa-gobierno-de-oaxaca-jornadas-para-erradicar-el-trabajo-infantil-en-la-mixteca","status":"publish","type":"post","link":"https:\/\/www.oaxaca.gob.mx\/trabajo\/impulsa-gobierno-de-oaxaca-jornadas-para-erradicar-el-trabajo-infantil-en-la-mixteca\/","title":{"rendered":"Impulsa Gobierno de Oaxaca Jornadas para Erradicar el Trabajo Infantil en la Mixteca"},"content":{"rendered":"<p>\ud83d\udcc8 El Gobierno del Estado de Oaxaca realiz\u00f3 las Jornadas Regionales para la Prevenci\u00f3n del Trabajo Infantil en Tlaxiaco y Huajuapan de Le\u00f3n, con la participaci\u00f3n de presidentas y presidentes de 40 municipios de la Mixteca.<\/p>\n<p>\ud83c\udfaf En apego a la encomienda del Gobernador Salom\u00f3n Jara Cruz, estas acciones fortalecen la coordinaci\u00f3n municipal para prevenir y erradicar el trabajo infantil y proteger los derechos de ni\u00f1as, ni\u00f1os y adolescentes.<\/p>\n<p>\ud83c\udfdb\ufe0f Durante las jornadas, el Encargado de Despacho de la Secretar\u00eda del Trabajo, Horacio Sosa Villavicencio, destac\u00f3 la importancia de distinguir las actividades comunitarias de aquellas que vulneran el desarrollo de las infancias. Asimismo, se orient\u00f3 sobre la instalaci\u00f3n y funcionamiento de la Comisi\u00f3n Intermunicipal para la Prevenci\u00f3n y Erradicaci\u00f3n del Trabajo Infantil (CITI) y se present\u00f3 la Ruta de Identificaci\u00f3n, Atenci\u00f3n y Canalizaci\u00f3n de Casos de Trabajo Infantil en el Estado de Oaxaca.<\/p>\n<p>\ud83e\udd1d\ud83c\udffc Entre los municipios participantes estuvieron San Crist\u00f3bal Amoltepec, San Mateo Pe\u00f1asco, Santiago Yolecatl, Santiago Yosund\u00faa, Zapotitl\u00e1n Palmas, Santos Reyes Yucun\u00e1, Santa Mar\u00eda Camotl\u00e1n, Cosoltepec, San Juan Cieneguilla, Santa Cruz Tacache de Mina, San Jorge Nuchita, San Pedro y San Pablo Tequixtepec, Chochichilco, Silacayo\u00e1pilla y San Mateo Sindihui, entre otros.<\/p>\n\r\n<div class=\"gdgallery-gallery-container\" id=\"gdgallery-container-6\" data-id=\"6\">\r\n    \r\n<div id=\"gdgallery_container_6\" style=\"display:none;\" data-view=\"justified\">\r\n            <a href=\"\" target=\"_blank\">\r\n            <img decoding=\"async\" alt=\"\"\r\n                 data-type=\"image\"\r\n                 src=\"https:\/\/www.oaxaca.gob.mx\/trabajo\/wp-content\/uploads\/sites\/93\/2026\/08\/WhatsApp-Image-2026-08-08-at-11.42.32-AM-3.jpeg\"\r\n                 data-image=\"https:\/\/www.oaxaca.gob.mx\/trabajo\/wp-content\/uploads\/sites\/93\/2026\/08\/WhatsApp-Image-2026-08-08-at-11.42.32-AM-3.jpeg\"\r\n                 data-description=\"\"\r\n                                 style=\"display:block\">\r\n        <\/a>\r\n            <a href=\"\" target=\"_blank\">\r\n            <img decoding=\"async\" alt=\"\"\r\n                 data-type=\"image\"\r\n                 src=\"https:\/\/www.oaxaca.gob.mx\/trabajo\/wp-content\/uploads\/sites\/93\/2026\/08\/WhatsApp-Image-2026-08-08-at-11.42.32-AM-2-e1786383427553.jpeg\"\r\n                 data-image=\"https:\/\/www.oaxaca.gob.mx\/trabajo\/wp-content\/uploads\/sites\/93\/2026\/08\/WhatsApp-Image-2026-08-08-at-11.42.32-AM-2-e1786383427553.jpeg\"\r\n                 data-description=\"\"\r\n                                 style=\"display:block\">\r\n        <\/a>\r\n            <a href=\"\" target=\"_blank\">\r\n            <img decoding=\"async\" alt=\"\"\r\n                 data-type=\"image\"\r\n                 src=\"https:\/\/www.oaxaca.gob.mx\/trabajo\/wp-content\/uploads\/sites\/93\/2026\/08\/WhatsApp-Image-2026-08-08-at-11.42.32-AM-1.jpeg\"\r\n                 data-image=\"https:\/\/www.oaxaca.gob.mx\/trabajo\/wp-content\/uploads\/sites\/93\/2026\/08\/WhatsApp-Image-2026-08-08-at-11.42.32-AM-1.jpeg\"\r\n                 data-description=\"\"\r\n                                 style=\"display:block\">\r\n        <\/a>\r\n            <a href=\"\" target=\"_blank\">\r\n            <img decoding=\"async\" alt=\"\"\r\n                 data-type=\"image\"\r\n                 src=\"https:\/\/www.oaxaca.gob.mx\/trabajo\/wp-content\/uploads\/sites\/93\/2026\/08\/WhatsApp-Image-2026-08-08-at-11.42.33-AM.jpeg\"\r\n                 data-image=\"https:\/\/www.oaxaca.gob.mx\/trabajo\/wp-content\/uploads\/sites\/93\/2026\/08\/WhatsApp-Image-2026-08-08-at-11.42.33-AM.jpeg\"\r\n                 data-description=\"\"\r\n                                 style=\"display:block\">\r\n        <\/a>\r\n            <a href=\"\" target=\"_blank\">\r\n            <img decoding=\"async\" alt=\"\"\r\n                 data-type=\"image\"\r\n                 src=\"https:\/\/www.oaxaca.gob.mx\/trabajo\/wp-content\/uploads\/sites\/93\/2026\/08\/WhatsApp-Image-2026-08-08-at-11.42.32-AM.jpeg\"\r\n                 data-image=\"https:\/\/www.oaxaca.gob.mx\/trabajo\/wp-content\/uploads\/sites\/93\/2026\/08\/WhatsApp-Image-2026-08-08-at-11.42.32-AM.jpeg\"\r\n                 data-description=\"\"\r\n                                 style=\"display:block\">\r\n        <\/a>\r\n            <a href=\"\" target=\"_blank\">\r\n            <img decoding=\"async\" alt=\"\"\r\n                 data-type=\"image\"\r\n                 src=\"https:\/\/www.oaxaca.gob.mx\/trabajo\/wp-content\/uploads\/sites\/93\/2026\/08\/WhatsApp-Image-2026-08-08-at-11.42.32-AM-5.jpeg\"\r\n                 data-image=\"https:\/\/www.oaxaca.gob.mx\/trabajo\/wp-content\/uploads\/sites\/93\/2026\/08\/WhatsApp-Image-2026-08-08-at-11.42.32-AM-5.jpeg\"\r\n                 data-description=\"\"\r\n                                 style=\"display:block\">\r\n        <\/a>\r\n            <a href=\"\" target=\"_blank\">\r\n            <img decoding=\"async\" alt=\"\"\r\n                 data-type=\"image\"\r\n                 src=\"https:\/\/www.oaxaca.gob.mx\/trabajo\/wp-content\/uploads\/sites\/93\/2026\/08\/WhatsApp-Image-2026-08-08-at-11.42.32-AM-4.jpeg\"\r\n                 data-image=\"https:\/\/www.oaxaca.gob.mx\/trabajo\/wp-content\/uploads\/sites\/93\/2026\/08\/WhatsApp-Image-2026-08-08-at-11.42.32-AM-4.jpeg\"\r\n                 data-description=\"\"\r\n                                 style=\"display:block\">\r\n        <\/a>\r\n    <\/div>\r\n\r\n\r\n\r\n<script type=\"text\/javascript\">\r\n\r\n\r\n    (function() {\r\n        var runMyCode = function() {\r\n            jQuery(document).ready(function () {\r\n                var container = jQuery(\"#gdgallery_container_6\");\r\n                container.unitegallery({\"gallery_theme\":\"justified\",\"tiles_type\":\"justified\",\"tiles_justified_space_between\":10,\"tile_enable_textpanel\":true,\"tile_textpanel_always_on\":true,\"tile_textpanel_title_text_align\":\"center\",\"tile_textpanel_title_font_size\":\"16\",\"tile_textpanel_title_color\":\"#FFFFFF\",\"tile_textpanel_bg_color\":\"#333333\",\"tile_textpanel_bg_opacity\":0.7,\"tile_enable_border\":true,\"tile_border_width\":\"0\",\"tile_border_color\":\"#333333\",\"tile_border_radius\":\"0\",\"tile_enable_overlay\":true,\"tile_enable_image_effect\":true,\"tile_image_effect_type\":\"blur\",\"tile_image_effect_reverse\":true,\"tile_enable_shadow\":false,\"tile_as_link\":false,\"tile_enable_icons\":true,\"tile_show_link_icon\":true,\"tile_textpanel_appear_type\":\"slide\",\"tile_textpanel_position\":\"inside_bottom\",\"tile_link_newpage\":true,\"lightbox_type\":\"wide\",\"lightbox_arrows_offset\":0,\"lightbox_overlay_color\":\"#000000\",\"lightbox_overlay_opacity\":1,\"lightbox_top_panel_opacity\":1,\"lightbox_show_numbers\":true,\"lightbox_numbers_size\":\"15\",\"lightbox_numbers_color\":\"#FFFFFF\",\"lightbox_slider_image_border_width\":\"0\",\"lightbox_slider_image_border_color\":\"#FFFFFF\",\"lightbox_slider_image_border_radius\":0,\"lightbox_slider_image_shadow\":true,\"lightbox_slider_control_swipe\":true,\"lightbox_slider_control_zoom\":true,\"lightbox_slider_image_border\":true,\"lightbox_show_textpanel\":true,\"lightbox_textpanel_enable_title\":true,\"lightbox_textpanel_enable_description\":false,\"lightbox_textpanel_padding_top\":5,\"lightbox_textpanel_padding_bottom\":5,\"lightbox_textpanel_padding_right\":5,\"lightbox_textpanel_padding_left\":5,\"lightbox_textpanel_title_color\":\"#FFFFFF\",\"lightbox_textpanel_title_text_align\":\"center\",\"lightbox_textpanel_title_font_size\":\"16\",\"lightbox_textpanel_desc_color\":\"#FFFFFF\",\"lightbox_textpanel_desc_text_align\":\"center\",\"lightbox_textpanel_desc_font_size\":\"14\"});\r\n            });\r\n        };\r\n        var timer = function() {\r\n            if (window.jQuery) {runMyCode(window.jQuery);}\r\n            else {window.setTimeout(timer, 100);}\r\n        };\r\n        timer();\r\n    })();\r\n<\/script><style>\r\n#gdgallery-container-6 {\r\n   text-align: center}\r\n\r\n.gdgallery-pagination-6{\r\ntext-align: center !important;\r\n}\r\n\r\n.gdgallery-pagination-6 a{\r\n    font-size: 15px !important;\r\n    padding: 8px 13px !important;\r\n    margin: 3px !important;\r\n    border: 1px solid #333333 !important;\r\n    border-radius: 0px !important;\r\n    color: #333333 !important;\r\n    background-color: #FFFFFF !important;\r\n    font-family: monospace !important;\r\n}\r\n\r\n.gdgallery-pagination-6 a:hover, .gdgallery-pagination-6 a.gdgallery-pagination-icon-active{\r\n    color: #FFFFFF !important;\r\n    background-color: #333333 !important;\r\n    border-color: #333333 !important;\r\n}\r\n\r\n#gdgallery-container-6 .gdgallery_load_more_space{\r\n    margin-top: 20px !important;\r\n    text-align: center !important;\r\n}\r\n\r\n#gdgallery-container-6 .gdgallery_load_more_space button{\r\n                      padding: 8px 13px !important;\r\n    font-size: 15px !important;\r\n    background-color: #333333 !important;\r\n    color: #FFFFFF !important;\r\n    border:1px solid #333333 !important;\r\n                      border-radius: 0px !important;\r\n                      font-family: monospace !important;\r\n                  }\r\n#gdgallery-container-6 .gdgallery_load_more_space button:hover{\r\n                      background-color: #FFFFFF !important;\r\n                      color: #333333 !important;\r\n                      border-color: #333333 !important;\r\n                  }\r\n\r\n#gdgallery-container-6 .gdgallery_load_more_space button,\r\n#gdgallery-container-6 .gdgallery_load_more_space button:hover,\r\n#gdgallery-container-6 .gdgallery_load_more_space button:active,\r\n#gdgallery-container-6 .gdgallery_load_more_space button:focus{\r\n    outline: none !important;\r\n}\r\n\r\n\r\n#gdgallery-container-6 .gdgallery_loading li{\r\n                      border: 3px solid #333333 !important;\r\n                  }\r\n\r\n.ug-lightbox .ug-lightbox-top-panel-overlay{\r\n    background-color: #000000 !important;\r\n}\r\n\r\n\r\n                  #gdgallery_container_6{}\r\n<\/style>\r\n\r\n\r\n\r\n<\/div>\r\n\r\n\r\n\r\n\r\n\r\n\n","protected":false},"excerpt":{"rendered":"<p>\ud83d\udcc8 El Gobierno del Estado de Oaxaca realiz\u00f3 las Jornadas Regionales para la Prevenci\u00f3n del Trabajo Infantil en Tlaxiaco y Huajuapan de Le\u00f3n, con la participaci\u00f3n de presidentas y presidentes de 40 municipios de la Mixteca. \ud83c\udfaf En apego a la encomienda del Gobernador Salom\u00f3n Jara Cruz, estas acciones fortalecen la coordinaci\u00f3n municipal para prevenir [&hellip;]<\/p>\n","protected":false},"author":114,"featured_media":1362,"comment_status":"open","ping_status":"open","sticky":false,"template":"","format":"standard","meta":{"episode_type":"","audio_file":"","podmotor_file_id":"","podmotor_episode_id":"","cover_image":"","cover_image_id":"","duration":"","filesize":"","filesize_raw":"","date_recorded":"","explicit":"","block":"","itunes_episode_number":"","itunes_title":"","itunes_season_number":"","itunes_episode_type":"","footnotes":""},"categories":[16,4,5],"tags":[],"class_list":["post-1354","post","type-post","status-publish","format-standard","has-post-thumbnail","hentry","category-banners","category-destacado","category-noticias"],"acf":[],"publishpress_future_action":{"enabled":false,"date":"2026-09-09 02:17:20","action":"change-status","newStatus":"draft","terms":[],"taxonomy":"category","extraData":[]},"publishpress_future_workflow_manual_trigger":{"enabledWorkflows":[]},"_links":{"self":[{"href":"https:\/\/www.oaxaca.gob.mx\/trabajo\/wp-json\/wp\/v2\/posts\/1354","targetHints":{"allow":["GET"]}}],"collection":[{"href":"https:\/\/www.oaxaca.gob.mx\/trabajo\/wp-json\/wp\/v2\/posts"}],"about":[{"href":"https:\/\/www.oaxaca.gob.mx\/trabajo\/wp-json\/wp\/v2\/types\/post"}],"author":[{"embeddable":true,"href":"https:\/\/www.oaxaca.gob.mx\/trabajo\/wp-json\/wp\/v2\/users\/114"}],"replies":[{"embeddable":true,"href":"https:\/\/www.oaxaca.gob.mx\/trabajo\/wp-json\/wp\/v2\/comments?post=1354"}],"version-history":[{"count":3,"href":"https:\/\/www.oaxaca.gob.mx\/trabajo\/wp-json\/wp\/v2\/posts\/1354\/revisions"}],"predecessor-version":[{"id":1371,"href":"https:\/\/www.oaxaca.gob.mx\/trabajo\/wp-json\/wp\/v2\/posts\/1354\/revisions\/1371"}],"wp:featuredmedia":[{"embeddable":true,"href":"https:\/\/www.oaxaca.gob.mx\/trabajo\/wp-json\/wp\/v2\/media\/1362"}],"wp:attachment":[{"href":"https:\/\/www.oaxaca.gob.mx\/trabajo\/wp-json\/wp\/v2\/media?parent=1354"}],"wp:term":[{"taxonomy":"category","embeddable":true,"href":"https:\/\/www.oaxaca.gob.mx\/trabajo\/wp-json\/wp\/v2\/categories?post=1354"},{"taxonomy":"post_tag","embeddable":true,"href":"https:\/\/www.oaxaca.gob.mx\/trabajo\/wp-json\/wp\/v2\/tags?post=1354"}],"curies":[{"name":"wp","href":"https:\/\/api.w.org\/{rel}","templated":true}]}}