{"id":1195,"date":"2026-07-22T12:50:57","date_gmt":"2026-07-22T18:50:57","guid":{"rendered":"https:\/\/www.oaxaca.gob.mx\/trabajo\/?p=1195"},"modified":"2026-07-22T15:34:24","modified_gmt":"2026-07-22T21:34:24","slug":"distintivo-tip","status":"publish","type":"post","link":"https:\/\/www.oaxaca.gob.mx\/trabajo\/distintivo-tip\/","title":{"rendered":"IMPULSA GOBIERNO DE OAXACA ESPACIOS LABORALES DIGNOS E INCLUSIVOS A TRAV\u00c9S DEL DISTINTIVO TIP"},"content":{"rendered":"<p>&nbsp;<\/p>\n<p><img loading=\"lazy\" decoding=\"async\" class=\"wp-image-1196 size-large aligncenter\" src=\"https:\/\/www.oaxaca.gob.mx\/trabajo\/wp-content\/uploads\/sites\/93\/2026\/07\/0daa5e74-86d2-4762-a482-ed5115f50506-1024x646.jpg\" alt=\"\" width=\"1024\" height=\"646\" \/><\/p>\n<p>\ud83d\udc69\ud83c\udffdA trav\u00e9s de una reuni\u00f3n de seguimiento y del seminario \u00abEquidad de g\u00e9nero y salud menstrual\u00bb, el Gobierno del Estado fortalece, junto con el sector empleador, la construcci\u00f3n de espacios laborales m\u00e1s dignos, inclusivos y con perspectiva de g\u00e9nero.<\/p>\n<p>\ud83d\udccc El encargado de la pol\u00edtica laboral, Horacio Sosa Villavicencio encabez\u00f3 este encuentro, con la participaci\u00f3n de representantes de los centros de trabajo que forman parte del Distintivo TIP -Trabajo Inclusivo con el Periodo-, entre de ellos:<\/p>\n<p>\u2022 Toyota,<br \/>\n\u2022 Honda del Valle Oaxaca<br \/>\n\u2022 Farmacias del Ahorro<br \/>\n\u2022 Mini Abastos<br \/>\n\u2022 Gasolinera G500<br \/>\n\u2022 La Red<br \/>\n\u2022 Huevos El Calvario<br \/>\n\u2022 SOS Bonita<br \/>\n\u2022 Mart King Superhogar<\/p>\n<p>\ud83d\udd16Se brind\u00f3 asesor\u00eda y acompa\u00f1amiento para sensibilizar, eliminar estigmas y fortalecer una cultura de respeto, empat\u00eda e inclusi\u00f3n dentro de los centros de trabajo<\/p>\n","protected":false},"excerpt":{"rendered":"<p>&nbsp; \ud83d\udc69\ud83c\udffdA trav\u00e9s de una reuni\u00f3n de seguimiento y del seminario \u00abEquidad de g\u00e9nero y salud menstrual\u00bb, el Gobierno del Estado fortalece, junto con el sector empleador, la construcci\u00f3n de espacios laborales m\u00e1s dignos, inclusivos y con perspectiva de g\u00e9nero. \ud83d\udccc El encargado de la pol\u00edtica laboral, Horacio Sosa Villavicencio encabez\u00f3 este encuentro, con la [&hellip;]<\/p>\n","protected":false},"author":114,"featured_media":0,"comment_status":"open","ping_status":"open","sticky":false,"template":"","format":"standard","meta":{"episode_type":"","audio_file":"","podmotor_file_id":"","podmotor_episode_id":"","cover_image":"","cover_image_id":"","duration":"","filesize":"","filesize_raw":"","date_recorded":"","explicit":"","block":"","itunes_episode_number":"","itunes_title":"","itunes_season_number":"","itunes_episode_type":"","footnotes":""},"categories":[16,23,4,3,5,6,1],"tags":[],"class_list":["post-1195","post","type-post","status-publish","format-standard","hentry","category-banners","category-convocatorias","category-destacado","category-slide","category-noticias","category-publicaciones","category-sin-categoria"],"acf":[],"publishpress_future_action":{"enabled":false,"date":"2026-09-08 21:44:32","action":"change-status","newStatus":"draft","terms":[],"taxonomy":"category","extraData":[]},"publishpress_future_workflow_manual_trigger":{"enabledWorkflows":[]},"_links":{"self":[{"href":"https:\/\/www.oaxaca.gob.mx\/trabajo\/wp-json\/wp\/v2\/posts\/1195","targetHints":{"allow":["GET"]}}],"collection":[{"href":"https:\/\/www.oaxaca.gob.mx\/trabajo\/wp-json\/wp\/v2\/posts"}],"about":[{"href":"https:\/\/www.oaxaca.gob.mx\/trabajo\/wp-json\/wp\/v2\/types\/post"}],"author":[{"embeddable":true,"href":"https:\/\/www.oaxaca.gob.mx\/trabajo\/wp-json\/wp\/v2\/users\/114"}],"replies":[{"embeddable":true,"href":"https:\/\/www.oaxaca.gob.mx\/trabajo\/wp-json\/wp\/v2\/comments?post=1195"}],"version-history":[{"count":2,"href":"https:\/\/www.oaxaca.gob.mx\/trabajo\/wp-json\/wp\/v2\/posts\/1195\/revisions"}],"predecessor-version":[{"id":1218,"href":"https:\/\/www.oaxaca.gob.mx\/trabajo\/wp-json\/wp\/v2\/posts\/1195\/revisions\/1218"}],"wp:attachment":[{"href":"https:\/\/www.oaxaca.gob.mx\/trabajo\/wp-json\/wp\/v2\/media?parent=1195"}],"wp:term":[{"taxonomy":"category","embeddable":true,"href":"https:\/\/www.oaxaca.gob.mx\/trabajo\/wp-json\/wp\/v2\/categories?post=1195"},{"taxonomy":"post_tag","embeddable":true,"href":"https:\/\/www.oaxaca.gob.mx\/trabajo\/wp-json\/wp\/v2\/tags?post=1195"}],"curies":[{"name":"wp","href":"https:\/\/api.w.org\/{rel}","templated":true}]}}