{"id":1184,"date":"2026-07-22T12:31:03","date_gmt":"2026-07-22T18:31:03","guid":{"rendered":"https:\/\/www.oaxaca.gob.mx\/trabajo\/?p=1184"},"modified":"2026-08-10T12:39:53","modified_gmt":"2026-08-10T18:39:53","slug":"%f0%9d%97%a3%f0%9d%97%a5%f0%9d%97%98%f0%9d%97%a6%f0%9d%97%98%f0%9d%97%a1%f0%9d%97%a7%f0%9d%97%94%f0%9d%97%a1-%f0%9d%97%a5%f0%9d%97%a8%f0%9d%97%a7%f0%9d%97%94-%f0%9d%97%97%f0%9d%97%98-%f0%9d%97%9c","status":"publish","type":"post","link":"https:\/\/www.oaxaca.gob.mx\/trabajo\/ruta","title":{"rendered":"Ruta"},"content":{"rendered":"<p><a href=\"https:\/\/www.oaxaca.gob.mx\/trabajo\/?attachment_id=1189\"><img loading=\"lazy\" decoding=\"async\" class=\"alignnone wp-image-1189 size-full\" src=\"https:\/\/www.oaxaca.gob.mx\/trabajo\/wp-content\/uploads\/sites\/93\/2026\/07\/WhatsApp-Image-2026-07-22-at-11.38.46-AM-1-e1785353509536.jpeg\" alt=\"\" width=\"1600\" height=\"603\" srcset=\"https:\/\/www.oaxaca.gob.mx\/trabajo\/wp-content\/uploads\/sites\/93\/2026\/07\/WhatsApp-Image-2026-07-22-at-11.38.46-AM-1-e1785353509536.jpeg 1600w, https:\/\/www.oaxaca.gob.mx\/trabajo\/wp-content\/uploads\/sites\/93\/2026\/07\/WhatsApp-Image-2026-07-22-at-11.38.46-AM-1-e1785353509536-300x113.jpeg 300w, https:\/\/www.oaxaca.gob.mx\/trabajo\/wp-content\/uploads\/sites\/93\/2026\/07\/WhatsApp-Image-2026-07-22-at-11.38.46-AM-1-e1785353509536-1024x386.jpeg 1024w, https:\/\/www.oaxaca.gob.mx\/trabajo\/wp-content\/uploads\/sites\/93\/2026\/07\/WhatsApp-Image-2026-07-22-at-11.38.46-AM-1-e1785353509536-768x289.jpeg 768w, https:\/\/www.oaxaca.gob.mx\/trabajo\/wp-content\/uploads\/sites\/93\/2026\/07\/WhatsApp-Image-2026-07-22-at-11.38.46-AM-1-e1785353509536-1536x579.jpeg 1536w\" sizes=\"auto, (max-width: 1600px) 100vw, 1600px\" \/><\/a><\/p>\n<h1><a href=\"https:\/\/heyzine.com\/flip-book\/db2c24ee78.html#page\/1\">[Haz click aqu\u00ed para ver la Ruta de Identificaci\u00f3n\ud83d\udcd6<\/a><\/h1>\n<p>\ud83d\udc67\ud83c\udffd\ud83d\udc66\ud83c\udffdAnte 17 autoridades municipales de la Zona Metropolitana de Oaxaca se present\u00f3 la Ruta de Identificaci\u00f3n, Atenci\u00f3n y Canalizaci\u00f3n de casos de Trabajo Infantil, un manual estrat\u00e9gico para unificar criterios y coordinar acciones urgentes en las Comisiones Interinstitucionales para la Prevenci\u00f3n y Erradicaci\u00f3n del Trabajo Infantil (CITIs).<\/p>\n<p>\ud83e\udef1\ud83c\udffd\u200d\ud83e\udef2\ud83c\udffeEn la reuni\u00f3n, encabezada por el responsable de la pol\u00edtica laboral en Oaxaca Horacio Sosa Villavicencio, se expuso que todas las autoridades estatales y municipales podr\u00e1n aplicar un esquema de pasos directos para intervenir ante los diferentes casos de trabajo infantil, garantizando un abordaje amigable, apegado a la legalidad y ponderando el inter\u00e9s superior de las Ni\u00f1as, Ni\u00f1os y Adolescentes.<\/p>\n<p>\ud83d\udcc8Se evaluar\u00e1 mensualmente el impacto mediante cuatro indicadores clave:<br \/>\n\u2022 La reincorporaci\u00f3n escolar de los menores<br \/>\n\u2022 El avance de las carpetas de investigaci\u00f3n<br \/>\n\u2022 Las inspecciones laborales de la Secretar\u00eda del Trabajo<br \/>\n\u2022 Capacitaci\u00f3n familiar a trav\u00e9s del Icapet<\/p>\n<p>\ud83d\udcdaCon el despliegue de esta Ruta, el Gobierno del Estado y los municipios metropolitanos reafirman su compromiso de proteger los derechos de este sector, asegurando que sus actividades principales sean la escuela y el juego.<\/p>\n\r\n<div class=\"gdgallery-gallery-container\" id=\"gdgallery-container-2\" data-id=\"2\">\r\n    \r\n<div id=\"gdgallery_container_2\" style=\"display:none;\" data-view=\"justified\">\r\n            <a href=\"\" target=\"_blank\">\r\n            <img decoding=\"async\" alt=\"\"\r\n                 data-type=\"image\"\r\n                 src=\"https:\/\/www.oaxaca.gob.mx\/trabajo\/wp-content\/uploads\/sites\/93\/2026\/07\/WhatsApp-Image-2026-07-22-at-11.38.45-AM-1-1.jpeg\"\r\n                 data-image=\"https:\/\/www.oaxaca.gob.mx\/trabajo\/wp-content\/uploads\/sites\/93\/2026\/07\/WhatsApp-Image-2026-07-22-at-11.38.45-AM-1-1.jpeg\"\r\n                 data-description=\"\"\r\n                                 style=\"display:block\">\r\n        <\/a>\r\n            <a href=\"\" target=\"_blank\">\r\n            <img decoding=\"async\" alt=\"\"\r\n                 data-type=\"image\"\r\n                 src=\"https:\/\/www.oaxaca.gob.mx\/trabajo\/wp-content\/uploads\/sites\/93\/2026\/07\/WhatsApp-Image-2026-07-22-at-11.38.45-AM-2-1.jpeg\"\r\n                 data-image=\"https:\/\/www.oaxaca.gob.mx\/trabajo\/wp-content\/uploads\/sites\/93\/2026\/07\/WhatsApp-Image-2026-07-22-at-11.38.45-AM-2-1.jpeg\"\r\n                 data-description=\"\"\r\n                                 style=\"display:block\">\r\n        <\/a>\r\n            <a href=\"\" target=\"_blank\">\r\n            <img decoding=\"async\" alt=\"\"\r\n                 data-type=\"image\"\r\n                 src=\"https:\/\/www.oaxaca.gob.mx\/trabajo\/wp-content\/uploads\/sites\/93\/2026\/07\/WhatsApp-Image-2026-07-22-at-11.38.45-AM-3-1.jpeg\"\r\n                 data-image=\"https:\/\/www.oaxaca.gob.mx\/trabajo\/wp-content\/uploads\/sites\/93\/2026\/07\/WhatsApp-Image-2026-07-22-at-11.38.45-AM-3-1.jpeg\"\r\n                 data-description=\"\"\r\n                                 style=\"display:block\">\r\n        <\/a>\r\n            <a href=\"\" target=\"_blank\">\r\n            <img decoding=\"async\" alt=\"\"\r\n                 data-type=\"image\"\r\n                 src=\"https:\/\/www.oaxaca.gob.mx\/trabajo\/wp-content\/uploads\/sites\/93\/2026\/07\/WhatsApp-Image-2026-07-22-at-11.38.45-AM-4.jpeg\"\r\n                 data-image=\"https:\/\/www.oaxaca.gob.mx\/trabajo\/wp-content\/uploads\/sites\/93\/2026\/07\/WhatsApp-Image-2026-07-22-at-11.38.45-AM-4.jpeg\"\r\n                 data-description=\"\"\r\n                                 style=\"display:block\">\r\n        <\/a>\r\n            <a href=\"\" target=\"_blank\">\r\n            <img decoding=\"async\" alt=\"\"\r\n                 data-type=\"image\"\r\n                 src=\"https:\/\/www.oaxaca.gob.mx\/trabajo\/wp-content\/uploads\/sites\/93\/2026\/07\/WhatsApp-Image-2026-07-22-at-11.38.46-AM-1-1-e1785775308371.jpeg\"\r\n                 data-image=\"https:\/\/www.oaxaca.gob.mx\/trabajo\/wp-content\/uploads\/sites\/93\/2026\/07\/WhatsApp-Image-2026-07-22-at-11.38.46-AM-1-1-e1785775308371.jpeg\"\r\n                 data-description=\"\"\r\n                                 style=\"display:block\">\r\n        <\/a>\r\n            <a href=\"\" target=\"_blank\">\r\n            <img decoding=\"async\" alt=\"\"\r\n                 data-type=\"image\"\r\n                 src=\"https:\/\/www.oaxaca.gob.mx\/trabajo\/wp-content\/uploads\/sites\/93\/2026\/07\/WhatsApp-Image-2026-07-22-at-11.38.46-AM-2.jpeg\"\r\n                 data-image=\"https:\/\/www.oaxaca.gob.mx\/trabajo\/wp-content\/uploads\/sites\/93\/2026\/07\/WhatsApp-Image-2026-07-22-at-11.38.46-AM-2.jpeg\"\r\n                 data-description=\"\"\r\n                                 style=\"display:block\">\r\n        <\/a>\r\n    <\/div>\r\n\r\n\r\n\r\n<script type=\"text\/javascript\">\r\n\r\n\r\n    (function() {\r\n        var runMyCode = function() {\r\n            jQuery(document).ready(function () {\r\n                var container = jQuery(\"#gdgallery_container_2\");\r\n                container.unitegallery({\"gallery_theme\":\"justified\",\"tiles_type\":\"justified\",\"tiles_justified_space_between\":10,\"tile_enable_textpanel\":true,\"tile_textpanel_always_on\":true,\"tile_textpanel_title_text_align\":\"center\",\"tile_textpanel_title_font_size\":\"16\",\"tile_textpanel_title_color\":\"#FFFFFF\",\"tile_textpanel_bg_color\":\"#333333\",\"tile_textpanel_bg_opacity\":0.7,\"tile_enable_border\":true,\"tile_border_width\":\"0\",\"tile_border_color\":\"#333333\",\"tile_border_radius\":\"0\",\"tile_enable_overlay\":true,\"tile_enable_image_effect\":true,\"tile_image_effect_type\":\"blur\",\"tile_image_effect_reverse\":true,\"tile_enable_shadow\":false,\"tile_as_link\":false,\"tile_enable_icons\":true,\"tile_show_link_icon\":true,\"tile_textpanel_appear_type\":\"slide\",\"tile_textpanel_position\":\"inside_bottom\",\"tile_link_newpage\":true,\"lightbox_type\":\"wide\",\"lightbox_arrows_offset\":0,\"lightbox_overlay_color\":\"#000000\",\"lightbox_overlay_opacity\":1,\"lightbox_top_panel_opacity\":1,\"lightbox_show_numbers\":true,\"lightbox_numbers_size\":\"15\",\"lightbox_numbers_color\":\"#FFFFFF\",\"lightbox_slider_image_border_width\":\"0\",\"lightbox_slider_image_border_color\":\"#FFFFFF\",\"lightbox_slider_image_border_radius\":0,\"lightbox_slider_image_shadow\":true,\"lightbox_slider_control_swipe\":true,\"lightbox_slider_control_zoom\":true,\"lightbox_slider_image_border\":true,\"lightbox_show_textpanel\":true,\"lightbox_textpanel_enable_title\":true,\"lightbox_textpanel_enable_description\":false,\"lightbox_textpanel_padding_top\":5,\"lightbox_textpanel_padding_bottom\":5,\"lightbox_textpanel_padding_right\":5,\"lightbox_textpanel_padding_left\":5,\"lightbox_textpanel_title_color\":\"#FFFFFF\",\"lightbox_textpanel_title_text_align\":\"center\",\"lightbox_textpanel_title_font_size\":\"16\",\"lightbox_textpanel_desc_color\":\"#FFFFFF\",\"lightbox_textpanel_desc_text_align\":\"center\",\"lightbox_textpanel_desc_font_size\":\"14\"});\r\n            });\r\n        };\r\n        var timer = function() {\r\n            if (window.jQuery) {runMyCode(window.jQuery);}\r\n            else {window.setTimeout(timer, 100);}\r\n        };\r\n        timer();\r\n    })();\r\n<\/script><style>\r\n#gdgallery-container-2 {\r\n   text-align: center}\r\n\r\n.gdgallery-pagination-2{\r\ntext-align: center !important;\r\n}\r\n\r\n.gdgallery-pagination-2 a{\r\n    font-size: 15px !important;\r\n    padding: 8px 13px !important;\r\n    margin: 3px !important;\r\n    border: 1px solid #333333 !important;\r\n    border-radius: 0px !important;\r\n    color: #333333 !important;\r\n    background-color: #FFFFFF !important;\r\n    font-family: monospace !important;\r\n}\r\n\r\n.gdgallery-pagination-2 a:hover, .gdgallery-pagination-2 a.gdgallery-pagination-icon-active{\r\n    color: #FFFFFF !important;\r\n    background-color: #333333 !important;\r\n    border-color: #333333 !important;\r\n}\r\n\r\n#gdgallery-container-2 .gdgallery_load_more_space{\r\n    margin-top: 20px !important;\r\n    text-align: center !important;\r\n}\r\n\r\n#gdgallery-container-2 .gdgallery_load_more_space button{\r\n                      padding: 8px 13px !important;\r\n    font-size: 15px !important;\r\n    background-color: #333333 !important;\r\n    color: #FFFFFF !important;\r\n    border:1px solid #333333 !important;\r\n                      border-radius: 0px !important;\r\n                      font-family: monospace !important;\r\n                  }\r\n#gdgallery-container-2 .gdgallery_load_more_space button:hover{\r\n                      background-color: #FFFFFF !important;\r\n                      color: #333333 !important;\r\n                      border-color: #333333 !important;\r\n                  }\r\n\r\n#gdgallery-container-2 .gdgallery_load_more_space button,\r\n#gdgallery-container-2 .gdgallery_load_more_space button:hover,\r\n#gdgallery-container-2 .gdgallery_load_more_space button:active,\r\n#gdgallery-container-2 .gdgallery_load_more_space button:focus{\r\n    outline: none !important;\r\n}\r\n\r\n\r\n#gdgallery-container-2 .gdgallery_loading li{\r\n                      border: 3px solid #333333 !important;\r\n                  }\r\n\r\n.ug-lightbox .ug-lightbox-top-panel-overlay{\r\n    background-color: #000000 !important;\r\n}\r\n\r\n\r\n                  #gdgallery_container_2{}\r\n<\/style>\r\n\r\n\r\n\r\n<\/div>\r\n\r\n\r\n\r\n\r\n\r\n\n","protected":false},"excerpt":{"rendered":"<p>[Haz click aqu\u00ed para ver la Ruta de Identificaci\u00f3n\ud83d\udcd6 \ud83d\udc67\ud83c\udffd\ud83d\udc66\ud83c\udffdAnte 17 autoridades municipales de la Zona Metropolitana de Oaxaca se present\u00f3 la Ruta de Identificaci\u00f3n, Atenci\u00f3n y Canalizaci\u00f3n de casos de Trabajo Infantil, un manual estrat\u00e9gico para unificar criterios y coordinar acciones urgentes en las Comisiones Interinstitucionales para la Prevenci\u00f3n y Erradicaci\u00f3n del Trabajo Infantil [&hellip;]<\/p>\n","protected":false},"author":114,"featured_media":1374,"comment_status":"open","ping_status":"open","sticky":false,"template":"","format":"standard","meta":{"episode_type":"","audio_file":"","podmotor_file_id":"","podmotor_episode_id":"","cover_image":"","cover_image_id":"","duration":"","filesize":"","filesize_raw":"","date_recorded":"","explicit":"","block":"","itunes_episode_number":"","itunes_title":"","itunes_season_number":"","itunes_episode_type":"","footnotes":""},"categories":[16,23,4,3,5],"tags":[],"class_list":["post-1184","post","type-post","status-publish","format-standard","has-post-thumbnail","hentry","category-banners","category-convocatorias","category-destacado","category-slide","category-noticias"],"acf":[],"publishpress_future_action":{"enabled":false,"date":"2026-09-08 21:44:33","action":"change-status","newStatus":"draft","terms":[],"taxonomy":"category","extraData":[]},"publishpress_future_workflow_manual_trigger":{"enabledWorkflows":[]},"_links":{"self":[{"href":"https:\/\/www.oaxaca.gob.mx\/trabajo\/wp-json\/wp\/v2\/posts\/1184","targetHints":{"allow":["GET"]}}],"collection":[{"href":"https:\/\/www.oaxaca.gob.mx\/trabajo\/wp-json\/wp\/v2\/posts"}],"about":[{"href":"https:\/\/www.oaxaca.gob.mx\/trabajo\/wp-json\/wp\/v2\/types\/post"}],"author":[{"embeddable":true,"href":"https:\/\/www.oaxaca.gob.mx\/trabajo\/wp-json\/wp\/v2\/users\/114"}],"replies":[{"embeddable":true,"href":"https:\/\/www.oaxaca.gob.mx\/trabajo\/wp-json\/wp\/v2\/comments?post=1184"}],"version-history":[{"count":3,"href":"https:\/\/www.oaxaca.gob.mx\/trabajo\/wp-json\/wp\/v2\/posts\/1184\/revisions"}],"predecessor-version":[{"id":1347,"href":"https:\/\/www.oaxaca.gob.mx\/trabajo\/wp-json\/wp\/v2\/posts\/1184\/revisions\/1347"}],"wp:featuredmedia":[{"embeddable":true,"href":"https:\/\/www.oaxaca.gob.mx\/trabajo\/wp-json\/wp\/v2\/media\/1374"}],"wp:attachment":[{"href":"https:\/\/www.oaxaca.gob.mx\/trabajo\/wp-json\/wp\/v2\/media?parent=1184"}],"wp:term":[{"taxonomy":"category","embeddable":true,"href":"https:\/\/www.oaxaca.gob.mx\/trabajo\/wp-json\/wp\/v2\/categories?post=1184"},{"taxonomy":"post_tag","embeddable":true,"href":"https:\/\/www.oaxaca.gob.mx\/trabajo\/wp-json\/wp\/v2\/tags?post=1184"}],"curies":[{"name":"wp","href":"https:\/\/api.w.org\/{rel}","templated":true}]}}