{"id":8318,"date":"2021-10-18T16:50:35","date_gmt":"2021-10-18T21:50:35","guid":{"rendered":"https:\/\/www.oaxaca.gob.mx\/smo\/?p=8318"},"modified":"2021-10-18T16:50:35","modified_gmt":"2021-10-18T21:50:35","slug":"mujeres-a-los-cargos-mas-altos-para-consolidar-la-paridad-democratica-smo","status":"publish","type":"post","link":"https:\/\/www.oaxaca.gob.mx\/sm\/mujeres-a-los-cargos-mas-altos-para-consolidar-la-paridad-democratica-smo\/","title":{"rendered":"Mujeres a los cargos m\u00e1s altos, para consolidar \u00a0la paridad democr\u00e1tica: SMO"},"content":{"rendered":"<ul>\n<li>En el aniversario del sufragio femenino se exalta que \u00e9ste es el resultado del reclamo social y lucha constante de las mujeres<\/li>\n<\/ul>\n<p>Oaxaca de Ju\u00e1rez, Oax. 17 de octubre de 2021. A 68 a\u00f1os del reconocimiento del derecho de las mujeres mexicanas a votar y a ser electas, es impostergable para consolidar la democracia paritaria, que las mujeres sean postuladas en los m\u00e1s altos cargos de toma de decisi\u00f3n, como las gubernaturas o la presidencia del pa\u00eds, se\u00f1al\u00f3 la titular de la Secretar\u00eda de las Mujeres de Oaxaca, Ana Isabel V\u00e1squez Colmenares Guzm\u00e1n.<\/p>\n<p>La funcionaria estatal se pronunci\u00f3 por no olvidar que el sufragio femenino es el resultado del reclamo social y lucha constante de las mujeres. Lo anterior, en el marco del aniversario del voto femenino en nuestro pa\u00eds, luego de las reformas constitucionales a los art\u00edculos 34 y 115 publicadas en el Diario Oficial de la Federaci\u00f3n el 17 de octubre de 1953, durante el gobierno del presidente Adolfo Ruiz Cortines.<\/p>\n<p>La b\u00fasqueda del reconocimiento del derecho al sufragio para las mujeres inici\u00f3 desde 1918 en los estados de Yucat\u00e1n, Tabasco, Chiapas, Guerrero y San Luis Potos\u00ed; fue hasta julio de 1955 cuando las mujeres pudieron tener acceso por primera vez al ejercicio de la ciudadan\u00eda plena, al ir a las urnas para elegir diputados federales.<\/p>\n<p>En los a\u00f1os 40 bajo su idea de modernidad Miguel Alem\u00e1n otorg\u00f3 el sufragio femenino a nivel municipal desde una concepci\u00f3n maternalista y conservadora como lo refleja su discurso oficial: \u00abMujeres tienen ahora el voto municipal, pero como garant\u00eda para la reproducci\u00f3n de la familia, les pido no dejar de ser en el hogar la madre incomparable, la esposa abnegada y hacendosa, la hermana leal y la hija recatada. Gobernar un municipio es como gobernar una casa, as\u00ed que no tendr\u00e1n ning\u00fan problema\u201d.<\/p>\n<p>En la d\u00e9cada de los 50 el voto a nivel federal segu\u00eda esperando. M\u00e9xico se hab\u00eda rezagado en comparaci\u00f3n con otros pa\u00edses del continente que ya hab\u00edan reconocido ese derecho; Canad\u00e1 en 1918, Estados Unidos en 1920, Uruguay en 1927, Ecuador y Puerto Rico en 1929, Brasil en 1932, Cuba en 1934, Argentina en 1947, Chile en 1949.<\/p>\n","protected":false},"excerpt":{"rendered":"<p>En el aniversario del sufragio femenino se exalta que \u00e9ste es el resultado del reclamo social y lucha constante de las mujeres Oaxaca de Ju\u00e1rez, Oax. 17 de octubre de 2021. A 68 a\u00f1os del reconocimiento del derecho de las mujeres mexicanas a votar y a ser electas, es impostergable para consolidar la democracia paritaria, [&hellip;]<\/p>\n","protected":false},"author":78,"featured_media":8319,"comment_status":"open","ping_status":"open","sticky":false,"template":"","format":"standard","meta":{"episode_type":"","audio_file":"","podmotor_file_id":"","podmotor_episode_id":"","cover_image":"","cover_image_id":"","duration":"","filesize":"","filesize_raw":"","date_recorded":"","explicit":"","block":"","itunes_episode_number":"","itunes_title":"","itunes_season_number":"","itunes_episode_type":"","footnotes":""},"categories":[7,8],"tags":[],"class_list":["post-8318","post","type-post","status-publish","format-standard","has-post-thumbnail","hentry","category-mostrar-en-la-galeria-principal","category-noticias"],"acf":[],"publishpress_future_action":{"enabled":false,"date":"2026-05-07 11:13:24","action":"change-status","newStatus":"draft","terms":[],"taxonomy":"category","extraData":[]},"publishpress_future_workflow_manual_trigger":{"enabledWorkflows":[]},"_links":{"self":[{"href":"https:\/\/www.oaxaca.gob.mx\/sm\/wp-json\/wp\/v2\/posts\/8318","targetHints":{"allow":["GET"]}}],"collection":[{"href":"https:\/\/www.oaxaca.gob.mx\/sm\/wp-json\/wp\/v2\/posts"}],"about":[{"href":"https:\/\/www.oaxaca.gob.mx\/sm\/wp-json\/wp\/v2\/types\/post"}],"author":[{"embeddable":true,"href":"https:\/\/www.oaxaca.gob.mx\/sm\/wp-json\/wp\/v2\/users\/78"}],"replies":[{"embeddable":true,"href":"https:\/\/www.oaxaca.gob.mx\/sm\/wp-json\/wp\/v2\/comments?post=8318"}],"version-history":[{"count":1,"href":"https:\/\/www.oaxaca.gob.mx\/sm\/wp-json\/wp\/v2\/posts\/8318\/revisions"}],"predecessor-version":[{"id":8321,"href":"https:\/\/www.oaxaca.gob.mx\/sm\/wp-json\/wp\/v2\/posts\/8318\/revisions\/8321"}],"wp:featuredmedia":[{"embeddable":true,"href":"https:\/\/www.oaxaca.gob.mx\/sm\/wp-json\/wp\/v2\/media\/8319"}],"wp:attachment":[{"href":"https:\/\/www.oaxaca.gob.mx\/sm\/wp-json\/wp\/v2\/media?parent=8318"}],"wp:term":[{"taxonomy":"category","embeddable":true,"href":"https:\/\/www.oaxaca.gob.mx\/sm\/wp-json\/wp\/v2\/categories?post=8318"},{"taxonomy":"post_tag","embeddable":true,"href":"https:\/\/www.oaxaca.gob.mx\/sm\/wp-json\/wp\/v2\/tags?post=8318"}],"curies":[{"name":"wp","href":"https:\/\/api.w.org\/{rel}","templated":true}]}}