{"id":3610,"date":"2019-06-17T15:54:23","date_gmt":"2019-06-17T21:54:23","guid":{"rendered":"http:\/\/www.smo.oaxaca.gob.mx\/?p=3607"},"modified":"2019-06-17T15:54:23","modified_gmt":"2019-06-17T21:54:23","slug":"feliz-dia-del-padre-igualitario-smo","status":"publish","type":"post","link":"https:\/\/www.oaxaca.gob.mx\/sm\/feliz-dia-del-padre-igualitario-smo\/","title":{"rendered":"Feliz D\u00eda del Padre Igualitario: SMO"},"content":{"rendered":"<p>La titular de la dependencia exhorta a reformular la paternidad sin estereotipos para construir una sociedad sin violencia<br \/>\nOaxaca de Ju\u00e1rez, Oax. 16 de junio de 2019. En el marco del D\u00eda del Padre, la Secretar\u00eda de las Mujeres de Oaxaca (SMO), exhorta a los hombres que son padres de familia a desaprender los mitos de la masculinidad, como la obligaci\u00f3n social de ser s\u00f3lo proveedor econ\u00f3mico, para permitirse dedicar m\u00e1s tiempo a la crianza y convivencia con hijas e hijos y, de esta forma abonar en la construcci\u00f3n de una sociedad m\u00e1s igualitaria, menos violenta.<\/p>\n<p>Ana V\u00e1squez Colmenares, titular de la SMO considera que el ser \u201cun verdadero hombre\u201d est\u00e1 constantemente a prueba en nuestra sociedad actual. Los varones se esfuerzan en todo momento por demostrar su masculinidad, lo que tambi\u00e9n determina la manera de ser padre.<\/p>\n<p>Tambi\u00e9n refiere que no obstante hay un reclamo social de muchos hombres por poder participar m\u00e1s y fomentar ese v\u00ednculo paterno m\u00e1s temprano. Estos \u00abnuevos padres\u00bb aunque participan y \u201capoyan\u201d, no se sienten obligados a ocuparse de la crianza. A\u00fan est\u00e1 pendiente que realicen cambios verdaderos por la convicci\u00f3n de ser padres.<\/p>\n<p>Uno de los \u00e1mbitos en que se registra una mayor desigualdad entre mujeres y hombres en los hogares, es la inequitativa distribuci\u00f3n de la carga de cuidado de sus integrantes. De acuerdo a la Encuesta Nacional sobre el Uso del Tiempo, respecto a las actividades de cuidado, en promedio las mujeres dedican 28.8 horas a la semana, mientras que los hombres dedican s\u00f3lo 12.4 horas.<\/p>\n<p>En lo relativo a los cuidados de integrantes del hogar de cero a cinco a\u00f1os, la misma encuesta determina que las mujeres dedican, en promedio, de 12.9 horas a la semana; mientras que los hombres destinan 5.3 horas.<\/p>\n<p>En este contexto, la funcionaria estatal se pronuncia por generar entornos de convivencia y corresponsabilidad familiar-social y actividades de tiempo libre y porque cada vez, m\u00e1s hombres, se cuestionen sobre los espacios que les han sido ajenos como la paternidad efectiva, una paternidad sin cabeza de familia ni patriarcado, un padre que supere la divisi\u00f3n sexual del trabajo y que desempe\u00f1e por igual las tareas t\u00edpicamente de la madre y del padre.<\/p>\n<p>\u201cEn la SMO creemos que la igualdad es posible\u201d, se\u00f1al\u00f3 su titular, y que la co-responsabilidad es indispensable, urgente; por ello sugiere acercarse a organismos y dependencias como el Centro de Reeducaci\u00f3n para Hombres, donde pueden desaprender conductas que les da\u00f1an a ellos y a la sociedad, poniendo a disposici\u00f3n el 01 951 503 4369 para mayor informaci\u00f3n.<\/p>\n<p>\u201cEn la medida que haya m\u00e1s hombres y padres igualitarios podremos realmente festejar el D\u00eda del Padre\u201d, concluy\u00f3 V\u00e1squez Colmenares.<br \/>\n<img loading=\"lazy\" decoding=\"async\" class=\"img-responsive aligncenter wp-image-3608\" src=\"https:\/\/www.oaxaca.gob.mx\/smo\/wp-content\/uploads\/sites\/72\/2019\/06\/SMO.jpg\" alt=\"\" width=\"549\" height=\"403\" \/><\/p>\n","protected":false},"excerpt":{"rendered":"<p>La titular de la dependencia exhorta a reformular la paternidad sin estereotipos para construir una sociedad sin violencia Oaxaca de Ju\u00e1rez, Oax. 16 de junio de 2019. En el marco del D\u00eda del Padre, la Secretar\u00eda de las Mujeres de Oaxaca (SMO), exhorta a los hombres que son padres de familia a desaprender los mitos [&hellip;]<\/p>\n","protected":false},"author":1,"featured_media":3609,"comment_status":"open","ping_status":"open","sticky":false,"template":"","format":"standard","meta":{"episode_type":"","audio_file":"","podmotor_file_id":"","podmotor_episode_id":"","cover_image":"","cover_image_id":"","duration":"","filesize":"","filesize_raw":"","date_recorded":"","explicit":"","block":"","itunes_episode_number":"","itunes_title":"","itunes_season_number":"","itunes_episode_type":"","footnotes":""},"categories":[7,8],"tags":[],"class_list":["post-3610","post","type-post","status-publish","format-standard","has-post-thumbnail","hentry","category-mostrar-en-la-galeria-principal","category-noticias"],"acf":[],"publishpress_future_action":{"enabled":false,"date":"2026-05-07 17:20:28","action":"change-status","newStatus":"draft","terms":[],"taxonomy":"category","extraData":[]},"publishpress_future_workflow_manual_trigger":{"enabledWorkflows":[]},"_links":{"self":[{"href":"https:\/\/www.oaxaca.gob.mx\/sm\/wp-json\/wp\/v2\/posts\/3610","targetHints":{"allow":["GET"]}}],"collection":[{"href":"https:\/\/www.oaxaca.gob.mx\/sm\/wp-json\/wp\/v2\/posts"}],"about":[{"href":"https:\/\/www.oaxaca.gob.mx\/sm\/wp-json\/wp\/v2\/types\/post"}],"author":[{"embeddable":true,"href":"https:\/\/www.oaxaca.gob.mx\/sm\/wp-json\/wp\/v2\/users\/1"}],"replies":[{"embeddable":true,"href":"https:\/\/www.oaxaca.gob.mx\/sm\/wp-json\/wp\/v2\/comments?post=3610"}],"version-history":[{"count":0,"href":"https:\/\/www.oaxaca.gob.mx\/sm\/wp-json\/wp\/v2\/posts\/3610\/revisions"}],"wp:featuredmedia":[{"embeddable":true,"href":"https:\/\/www.oaxaca.gob.mx\/sm\/wp-json\/wp\/v2\/posts\/3609"}],"wp:attachment":[{"href":"https:\/\/www.oaxaca.gob.mx\/sm\/wp-json\/wp\/v2\/media?parent=3610"}],"wp:term":[{"taxonomy":"category","embeddable":true,"href":"https:\/\/www.oaxaca.gob.mx\/sm\/wp-json\/wp\/v2\/categories?post=3610"},{"taxonomy":"post_tag","embeddable":true,"href":"https:\/\/www.oaxaca.gob.mx\/sm\/wp-json\/wp\/v2\/tags?post=3610"}],"curies":[{"name":"wp","href":"https:\/\/api.w.org\/{rel}","templated":true}]}}