{"id":262,"date":"2017-09-06T10:00:38","date_gmt":"2017-09-06T16:00:38","guid":{"rendered":"http:\/\/www.smo.oaxaca.gob.mx\/?p=262"},"modified":"2017-09-06T10:00:38","modified_gmt":"2017-09-06T16:00:38","slug":"mujeres-en-el-movimiento-de-independencia","status":"publish","type":"post","link":"https:\/\/www.oaxaca.gob.mx\/sm\/mujeres-en-el-movimiento-de-independencia\/","title":{"rendered":"MUJERES EN EL MOVIMIENTO DE INDEPENDENCIA"},"content":{"rendered":"<ul>\n<li><strong>Sin la participaci\u00f3n de las mujeres el triunfo de la Independencia mexicana no habr\u00eda sido posible.<\/strong><\/li>\n<\/ul>\n<p>Al encabezar el izamiento de bandera en la Alameda de Le\u00f3n de la ciudad de Oaxaca, la titular de la Secretar\u00eda de la Mujer Oaxaque\u00f1a (SMO), Miriam Pilar Liborio Hern\u00e1ndez, consider\u00f3 el CCVII aniversario del inicio del movimiento de independencia de M\u00e9xico como un momento propicio para recordar la invaluable participaci\u00f3n de las mujeres, pues a lo largo de la historia de la humanidad se tiene registro de la participaci\u00f3n de las mujeres en los ej\u00e9rcitos.<\/p>\n<p>Hablar de la participaci\u00f3n de las mujeres mexicanas en el movimiento de la independencia no debe resultar extra\u00f1o. La historia nos ha hecho creer que fueron espor\u00e1dicas cuando en realidad fueron miles, muchas de ellas murieron en el anonimato. Pero las historiadoras e historiadores poco a poco han ido recuperando algunos nombres como el de Mar\u00eda Josefa Crescencia Ortiz T\u00e9llez-Gir\u00f3n, considerada la tuerca en la maquinaria de la Independencia que impidi\u00f3 el desplome del funcionamiento de la\u00a0conspiraci\u00f3n; la corregidora de Quer\u00e9taro destac\u00f3 por sus principios \u00e9ticos, su concepci\u00f3n de justicia y el sue\u00f1o de una patria digna de habitar.<\/p>\n<p>Durante la ceremonia a la que asistieron tambi\u00e9n Diputada Silvia Flores Pe\u00f1a, Presidenta de la Comisi\u00f3n de Igualdad de G\u00e9nero de la LXIII Legislatura del Estado y Gisela Blas Pi\u00f1\u00f3n, directora Acad\u00e9mica de la Universidad Tecnol\u00f3gica de los Valles Centrales de Oaxaca, ante quienes Pilar Liborio se refiri\u00f3 tambi\u00e9n a Leona Vicario, quien durante la guerra de Independencia\u00a0se convirti\u00f3 en informante de los insurgentes.<\/p>\n<p>La funcionaria tambi\u00e9n hizo menci\u00f3n de Gertrudis Bocanegra, quien h\u00e1bilmente arm\u00f3 una red de comunicaci\u00f3n entre las principales sedes de la rebeli\u00f3n independentista; Altagracia Mercado, \u00abHero\u00edna de Huichapan\u00bb (Hidalgo), de su propio dinero form\u00f3 un peque\u00f1o ej\u00e9rcito y lucr\u00f3 cayendo presa y al fusilarla el coronel a cargo la dej\u00f3 en libertad argumentando que: \u00abMujeres como ella no deben morir\u00bb.<\/p>\n<p>La funcionaria encargada de la pol\u00edtica de igualdad entre mujeres y hombres en Oaxaca se\u00f1al\u00f3 adem\u00e1s a Mariana Rodr\u00edguez del Toro, Mar\u00eda Soto la Marina,\u00a0 Luisa Mart\u00ednez, Mar\u00eda Ignacia Rodr\u00edguez de Velasco, Mariana Anaya, Petra Arellano, Francisca Torres, Antonia Ochoa, Mar\u00eda Dolores Basurto y su hija Margarita, Carmen Camacho, Mar\u00eda de Jes\u00fas Iturbide, Mar\u00eda Antonia Garc\u00eda, Mar\u00eda Andrea \u00abla Campanera\u00bb, Juana Villase\u00f1or, Josefa Sixtos, Antonia Pi\u00f1a y muchas m\u00e1s que ofrendaron su vida por la patria.<\/p>\n<p>Finalmente, Miriam Pilar Liborio Hern\u00e1ndez, asegur\u00f3 que la participaci\u00f3n de las mujeres en la Independencia de M\u00e9xico no s\u00f3lo se limit\u00f3 a la espera del regreso de sus esposos. Quienes estudian la historia han dicho que sin la participaci\u00f3n de las mujeres en estos \u00e1mbitos el triunfo de la Independencia mexicana no hubiera sido posible.<\/p>\n","protected":false},"excerpt":{"rendered":"<p>Sin la participaci\u00f3n de las mujeres el triunfo de la Independencia mexicana no habr\u00eda sido posible. Al encabezar el izamiento de bandera en la Alameda de Le\u00f3n de la ciudad de Oaxaca, la titular de la Secretar\u00eda de la Mujer Oaxaque\u00f1a (SMO), Miriam Pilar Liborio Hern\u00e1ndez, consider\u00f3 el CCVII aniversario del inicio del movimiento de [&hellip;]<\/p>\n","protected":false},"author":1,"featured_media":263,"comment_status":"open","ping_status":"open","sticky":false,"template":"","format":"standard","meta":{"episode_type":"","audio_file":"","podmotor_file_id":"","podmotor_episode_id":"","cover_image":"","cover_image_id":"","duration":"","filesize":"","filesize_raw":"","date_recorded":"","explicit":"","block":"","itunes_episode_number":"","itunes_title":"","itunes_season_number":"","itunes_episode_type":"","footnotes":""},"categories":[8],"tags":[],"class_list":["post-262","post","type-post","status-publish","format-standard","has-post-thumbnail","hentry","category-noticias"],"acf":[],"publishpress_future_action":{"enabled":false,"date":"2026-05-05 10:59:09","action":"change-status","newStatus":"draft","terms":[],"taxonomy":"category","extraData":[]},"publishpress_future_workflow_manual_trigger":{"enabledWorkflows":[]},"_links":{"self":[{"href":"https:\/\/www.oaxaca.gob.mx\/sm\/wp-json\/wp\/v2\/posts\/262","targetHints":{"allow":["GET"]}}],"collection":[{"href":"https:\/\/www.oaxaca.gob.mx\/sm\/wp-json\/wp\/v2\/posts"}],"about":[{"href":"https:\/\/www.oaxaca.gob.mx\/sm\/wp-json\/wp\/v2\/types\/post"}],"author":[{"embeddable":true,"href":"https:\/\/www.oaxaca.gob.mx\/sm\/wp-json\/wp\/v2\/users\/1"}],"replies":[{"embeddable":true,"href":"https:\/\/www.oaxaca.gob.mx\/sm\/wp-json\/wp\/v2\/comments?post=262"}],"version-history":[{"count":0,"href":"https:\/\/www.oaxaca.gob.mx\/sm\/wp-json\/wp\/v2\/posts\/262\/revisions"}],"wp:featuredmedia":[{"embeddable":true,"href":"https:\/\/www.oaxaca.gob.mx\/sm\/wp-json\/wp\/v2\/media\/263"}],"wp:attachment":[{"href":"https:\/\/www.oaxaca.gob.mx\/sm\/wp-json\/wp\/v2\/media?parent=262"}],"wp:term":[{"taxonomy":"category","embeddable":true,"href":"https:\/\/www.oaxaca.gob.mx\/sm\/wp-json\/wp\/v2\/categories?post=262"},{"taxonomy":"post_tag","embeddable":true,"href":"https:\/\/www.oaxaca.gob.mx\/sm\/wp-json\/wp\/v2\/tags?post=262"}],"curies":[{"name":"wp","href":"https:\/\/api.w.org\/{rel}","templated":true}]}}