{"id":254,"date":"2017-09-23T10:30:34","date_gmt":"2017-09-23T16:30:34","guid":{"rendered":"http:\/\/www.smo.oaxaca.gob.mx\/?p=254"},"modified":"2017-09-23T10:30:34","modified_gmt":"2017-09-23T16:30:34","slug":"no-a-la-explotacion-y-trafico-de-mujeres-ninas-y-ninos","status":"publish","type":"post","link":"https:\/\/www.oaxaca.gob.mx\/sm\/no-a-la-explotacion-y-trafico-de-mujeres-ninas-y-ninos\/","title":{"rendered":"NO A LA EXPLOTACI\u00d3N Y TR\u00c1FICO DE MUJERES NI\u00d1AS Y NI\u00d1OS"},"content":{"rendered":"<ul>\n<li><strong>Las consecuencias de este crimen<\/strong><strong>nos afectan a todas y todos. <\/strong><\/li>\n<li><strong>Eliminar la trata y la explotaci\u00f3n sexual de ni\u00f1as, ni\u00f1os y mujeres es una tarea que convoca la participaci\u00f3n de gobiernos, sociedad y empresa privada en conjunto.<\/strong><\/li>\n<\/ul>\n<p>&nbsp;<\/p>\n<p>En enero de 1999 se llev\u00f3 a cabo en Dhaka (Bangladesh) la Conferencia Mundial de la Coalici\u00f3n contra el tr\u00e1fico de Mujeres, eligi\u00e9ndose<strong>\u00a0<\/strong>el 23 de septiembre como D\u00eda Internacional en contra de la Explotaci\u00f3n y Tr\u00e1fico de Mujeres, Ni\u00f1as y\u00a0Ni\u00f1os, en homenaje a la ley Palacios (Primera norma legal\u00a0que se promulg\u00f3 en el mundo contra la prostituci\u00f3n infantil, en Argentina en 1913).<\/p>\n<p>Desde la Secretar\u00eda de la Mujer Oaxaque\u00f1a, a trav\u00e9s de su titular, Miriam Pilar Liborio Hern\u00e1ndez, hacemos un llamado a la sociedad a tomar conciencia sobre los efectos de este crimen\u00a0que afecta a todo el mundo, llevando a cabo acciones para su eliminaci\u00f3n, como la denuncia.<\/p>\n<p>Es importante considerar que los grupos delincuenciales\u00a0captan a sus v\u00edctimas a trav\u00e9s de anuncios falsos, donde establecen prometedoras relaciones sociales o donde\u00a0ofrecen mejores condiciones de vida, pero acaban por vender a las v\u00edctimas\u00a0para hacer trabajos forzados.<\/p>\n<p>Las\u00a0v\u00edctimas de estos delitos sufren condiciones degradantes\u00a0con privaci\u00f3n de su\u00a0libertad, violencia, abuso sexual, embarazos no deseados, abortos inseguros y tratos crueles e inhumanos. Se calcula que 8 de cada 10 v\u00edctimas de trata en nuestro pa\u00eds, son mujeres y ni\u00f1as.<\/p>\n<p>Cuando la mujer es vista como mercanc\u00eda, los consumidores de pornograf\u00eda y quienes acuden como clientes de prostituci\u00f3n muestran cierta actitud de empat\u00eda hacia ellas, sin sentirse parte de un problema de este tipo de violencia que tiene permisividad social, entonces la realidad se diluye; detr\u00e1s de cada persona que ejerce la prostituci\u00f3n es muy probable que haya una situaci\u00f3n de trata.<\/p>\n<p>Por ello, \u00a0la encargada de la pol\u00edtica de igualdad entre mujeres y hombres en la entidad se\u00f1al\u00f3 que si no existieran las brechas de desigualdad, no habr\u00eda explotaci\u00f3n sexual, sin clientes no hay prostituci\u00f3n, ni trata. Finalmente Miriam Liborio afirma que sin el apoyo de la sociedad civil ning\u00fan esfuerzo rendir\u00e1 frutos contra el delito de la trata, por lo que invit\u00f3 a la sociedad en general a utilizar la L\u00ednea Nacional\u00a001800 5533 000 para obtener informaci\u00f3n al respecto.<\/p>\n","protected":false},"excerpt":{"rendered":"<p>Las consecuencias de este crimennos afectan a todas y todos. Eliminar la trata y la explotaci\u00f3n sexual de ni\u00f1as, ni\u00f1os y mujeres es una tarea que convoca la participaci\u00f3n de gobiernos, sociedad y empresa privada en conjunto. &nbsp; En enero de 1999 se llev\u00f3 a cabo en Dhaka (Bangladesh) la Conferencia Mundial de la Coalici\u00f3n [&hellip;]<\/p>\n","protected":false},"author":1,"featured_media":255,"comment_status":"open","ping_status":"open","sticky":false,"template":"","format":"standard","meta":{"episode_type":"","audio_file":"","podmotor_file_id":"","podmotor_episode_id":"","cover_image":"","cover_image_id":"","duration":"","filesize":"","filesize_raw":"","date_recorded":"","explicit":"","block":"","itunes_episode_number":"","itunes_title":"","itunes_season_number":"","itunes_episode_type":"","footnotes":""},"categories":[8],"tags":[],"class_list":["post-254","post","type-post","status-publish","format-standard","has-post-thumbnail","hentry","category-noticias"],"acf":[],"publishpress_future_action":{"enabled":false,"date":"2026-05-04 11:30:17","action":"change-status","newStatus":"draft","terms":[],"taxonomy":"category","extraData":[]},"publishpress_future_workflow_manual_trigger":{"enabledWorkflows":[]},"_links":{"self":[{"href":"https:\/\/www.oaxaca.gob.mx\/sm\/wp-json\/wp\/v2\/posts\/254","targetHints":{"allow":["GET"]}}],"collection":[{"href":"https:\/\/www.oaxaca.gob.mx\/sm\/wp-json\/wp\/v2\/posts"}],"about":[{"href":"https:\/\/www.oaxaca.gob.mx\/sm\/wp-json\/wp\/v2\/types\/post"}],"author":[{"embeddable":true,"href":"https:\/\/www.oaxaca.gob.mx\/sm\/wp-json\/wp\/v2\/users\/1"}],"replies":[{"embeddable":true,"href":"https:\/\/www.oaxaca.gob.mx\/sm\/wp-json\/wp\/v2\/comments?post=254"}],"version-history":[{"count":0,"href":"https:\/\/www.oaxaca.gob.mx\/sm\/wp-json\/wp\/v2\/posts\/254\/revisions"}],"wp:featuredmedia":[{"embeddable":true,"href":"https:\/\/www.oaxaca.gob.mx\/sm\/wp-json\/wp\/v2\/media\/255"}],"wp:attachment":[{"href":"https:\/\/www.oaxaca.gob.mx\/sm\/wp-json\/wp\/v2\/media?parent=254"}],"wp:term":[{"taxonomy":"category","embeddable":true,"href":"https:\/\/www.oaxaca.gob.mx\/sm\/wp-json\/wp\/v2\/categories?post=254"},{"taxonomy":"post_tag","embeddable":true,"href":"https:\/\/www.oaxaca.gob.mx\/sm\/wp-json\/wp\/v2\/tags?post=254"}],"curies":[{"name":"wp","href":"https:\/\/api.w.org\/{rel}","templated":true}]}}