{"id":14035,"date":"2025-05-19T10:07:10","date_gmt":"2025-05-19T16:07:10","guid":{"rendered":"https:\/\/www.oaxaca.gob.mx\/sinfra\/?p=14035"},"modified":"2025-05-19T10:08:17","modified_gmt":"2025-05-19T16:08:17","slug":"trabajo-coordinado-por-un-oaxaca-con-bienestar","status":"publish","type":"post","link":"https:\/\/www.oaxaca.gob.mx\/sinfra\/trabajo-coordinado-por-un-oaxaca-con-bienestar\/","title":{"rendered":"Trabajo coordinado por un Oaxaca con bienestar"},"content":{"rendered":"<p style=\"font-size: 80%\" align=\"right\">16 de mayo de 2025<\/p>\n<div align=\"center\"><img loading=\"lazy\" decoding=\"async\" class=\"alignnone wp-image-12152\" src=\"https:\/\/www.oaxaca.gob.mx\/sinfra\/wp-content\/uploads\/sites\/14\/2025\/05\/Ptar-la-Raya_1.jpg\" alt=\"\" width=\"641\" height=\"427\" \/><\/div>\n<p><\/BR><br \/>\nEste viernes, desde la Planta de Tratamiento de San Juan Bautista La Raya, sostuvimos una productiva reuni\u00f3n de trabajo con el Lic. Neftal\u00ed Amigdael L\u00f3pez Hern\u00e1ndez, Director de la Comisi\u00f3n Estatal del Agua para el Bienestar. <\/BR><br \/>\nDurante este encuentro, abordamos proyectos estrat\u00e9gicos que buscan mejorar la calidad de vida de las y los oaxaque\u00f1os, en cumplimiento con los compromisos del Gobernador, para construir un estado con desarrollo, justicia social y sostenibilidad.<\/BR><br \/>\nDesde la Secretar\u00eda de las Infraestructuras y Comunicaciones, reafirmamos nuestro compromiso de seguir sumando esfuerzos con todas las instancias del gobierno estatal para impulsar acciones concretas que transformen Oaxaca.<\/p>\n<div align=\"center\"><img loading=\"lazy\" decoding=\"async\" class=\"alignnone wp-image-12152\" src=\"https:\/\/www.oaxaca.gob.mx\/sinfra\/wp-content\/uploads\/sites\/14\/2025\/05\/Ptar-la-Raya_2.jpg\" alt=\"\" width=\"641\" height=\"427\" \/><\/div>\n<p><\/BR><\/p>\n<div align=\"center\"><img loading=\"lazy\" decoding=\"async\" class=\"alignnone wp-image-12152\" src=\"https:\/\/www.oaxaca.gob.mx\/sinfra\/wp-content\/uploads\/sites\/14\/2025\/05\/Ptar-la-Raya_3.jpg\" alt=\"\" width=\"641\" height=\"427\" \/><\/div>\n","protected":false},"excerpt":{"rendered":"<p>16 de mayo de 2025 Este viernes, desde la Planta de Tratamiento de San Juan Bautista La Raya, sostuvimos una productiva reuni\u00f3n de trabajo con el Lic. Neftal\u00ed Amigdael L\u00f3pez Hern\u00e1ndez, Director de la Comisi\u00f3n Estatal del Agua para el Bienestar. Durante este encuentro, abordamos proyectos estrat\u00e9gicos que buscan mejorar la calidad de vida de [&hellip;]<\/p>\n","protected":false},"author":14,"featured_media":14033,"comment_status":"open","ping_status":"open","sticky":false,"template":"","format":"standard","meta":{"episode_type":"","audio_file":"","podmotor_file_id":"","podmotor_episode_id":"","cover_image":"","cover_image_id":"","duration":"","filesize":"","filesize_raw":"","date_recorded":"","explicit":"","block":"","itunes_episode_number":"","itunes_title":"","itunes_season_number":"","itunes_episode_type":"","footnotes":""},"categories":[5],"tags":[],"class_list":["post-14035","post","type-post","status-publish","format-standard","has-post-thumbnail","hentry","category-slide"],"acf":[],"publishpress_future_action":{"enabled":false,"date":"2026-05-04 11:28:08","action":"change-status","newStatus":"draft","terms":[],"taxonomy":"category","extraData":[]},"publishpress_future_workflow_manual_trigger":{"enabledWorkflows":[]},"_links":{"self":[{"href":"https:\/\/www.oaxaca.gob.mx\/sinfra\/wp-json\/wp\/v2\/posts\/14035","targetHints":{"allow":["GET"]}}],"collection":[{"href":"https:\/\/www.oaxaca.gob.mx\/sinfra\/wp-json\/wp\/v2\/posts"}],"about":[{"href":"https:\/\/www.oaxaca.gob.mx\/sinfra\/wp-json\/wp\/v2\/types\/post"}],"author":[{"embeddable":true,"href":"https:\/\/www.oaxaca.gob.mx\/sinfra\/wp-json\/wp\/v2\/users\/14"}],"replies":[{"embeddable":true,"href":"https:\/\/www.oaxaca.gob.mx\/sinfra\/wp-json\/wp\/v2\/comments?post=14035"}],"version-history":[{"count":2,"href":"https:\/\/www.oaxaca.gob.mx\/sinfra\/wp-json\/wp\/v2\/posts\/14035\/revisions"}],"predecessor-version":[{"id":14037,"href":"https:\/\/www.oaxaca.gob.mx\/sinfra\/wp-json\/wp\/v2\/posts\/14035\/revisions\/14037"}],"wp:featuredmedia":[{"embeddable":true,"href":"https:\/\/www.oaxaca.gob.mx\/sinfra\/wp-json\/wp\/v2\/media\/14033"}],"wp:attachment":[{"href":"https:\/\/www.oaxaca.gob.mx\/sinfra\/wp-json\/wp\/v2\/media?parent=14035"}],"wp:term":[{"taxonomy":"category","embeddable":true,"href":"https:\/\/www.oaxaca.gob.mx\/sinfra\/wp-json\/wp\/v2\/categories?post=14035"},{"taxonomy":"post_tag","embeddable":true,"href":"https:\/\/www.oaxaca.gob.mx\/sinfra\/wp-json\/wp\/v2\/tags?post=14035"}],"curies":[{"name":"wp","href":"https:\/\/api.w.org\/{rel}","templated":true}]}}