{"id":13765,"date":"2025-01-02T11:05:59","date_gmt":"2025-01-02T17:05:59","guid":{"rendered":"https:\/\/www.oaxaca.gob.mx\/sinfra\/?p=13765"},"modified":"2025-01-02T11:25:42","modified_gmt":"2025-01-02T17:25:42","slug":"plan-estrategico-sectorial-infraestructuras-y-servicios-publicos","status":"publish","type":"post","link":"https:\/\/www.oaxaca.gob.mx\/sinfra\/plan-estrategico-sectorial-infraestructuras-y-servicios-publicos\/","title":{"rendered":"Plan Estrat\u00e9gico Sectorial \u2013 Infraestructuras y Servicios P\u00fablicos"},"content":{"rendered":"<p style=\"font-size: 80%\" align=\"right\">23 de diciembre de 2024<\/p>\n<p style=\"text-align: left\"><strong>Mensaje del Gobernador <\/strong><\/p>\n<p style=\"text-align: justify\">Oaxaca vive tiempos in\u00e9ditos en los que se construye un nuevo proyecto de gobierno, el cual se distingue por un enfoque de resultados y transparencia, promoviendo un gobierno de territorio cuyo objetivo principal es el bienestar de las oaxaque\u00f1as y oaxaque\u00f1os.<\/BR><br \/>\nEn este sentido, la planeaci\u00f3n es esencial para transformar nuestra realidad, capitalizando el potencial y las oportunidades para nuestro Estado. Por ello, el Nuevo Modelo de Gobierno se fundamenta en cambios estructurales que combatan la desigualdad y la corrupci\u00f3n, mientras se recupera la paz y se establece una reparaci\u00f3n de la deuda hist\u00f3rica con los pueblos y comunidades.<\/BR><br \/>\nComo se fundamenta en el Eje 5. Infraestructuras y Servicios P\u00fablicos del Plan Estatal de Desarrollo 2022-2028, el Sector de Infraestructuras y Servicios P\u00fablicos tiene la responsabilidad crucial de potenciar el desarrollo social y econ\u00f3mico de Oaxaca. Esto se lograr\u00e1 a trav\u00e9s de la infraestructura p\u00fablica sostenible, dise\u00f1ada para combatir la desigualdad social y econ\u00f3mica, as\u00ed como promover un desarrollo equitativo y justo para todas y todos.<\/BR><br \/>\nLa importancia de este Plan Estrat\u00e9gico radica en las prioridades, objetivos, estrategias y metas, que se han delineado, as\u00ed como los proyectos estrat\u00e9gicos, prioritarios y especiales que hemos emprendido. Todo esto con el objetivo de desarrollar y fortalecer ciudades y comunidades sostenibles.<\/BR><br \/>\nAs\u00ed, desde el enfoque de planificaci\u00f3n y gesti\u00f3n participativa, inclusiva, resiliente y de protecci\u00f3n al medio ambiente, nos encaminamos hacia el futuro y la consolidaci\u00f3n de la Primavera Oaxaque\u00f1a, asegurando un legado de progreso y bienestar para las generaciones venideras.<\/p>\n<p style=\"text-align: right\"><strong>Ing. Salom\u00f3n Jara Cruz<br \/>\nGobernador Constitucional del Estado de Oaxaca<\/strong><\/p>\n<p><\/BR><\/p>\n<div align=\"center\"><img loading=\"lazy\" decoding=\"async\" class=\"alignnone wp-image-12152\" src=\"https:\/\/www.oaxaca.gob.mx\/sinfra\/wp-content\/uploads\/sites\/14\/2024\/12\/PES-Infraestructuras.png\" alt=\"\" width=\"641\" height=\"427\" \/><\/div>\n<p><\/BR><\/p>\n","protected":false},"excerpt":{"rendered":"<p>23 de diciembre de 2024 Mensaje del Gobernador Oaxaca vive tiempos in\u00e9ditos en los que se construye un nuevo proyecto de gobierno, el cual se distingue por un enfoque de resultados y transparencia, promoviendo un gobierno de territorio cuyo objetivo principal es el bienestar de las oaxaque\u00f1as y oaxaque\u00f1os. En este sentido, la planeaci\u00f3n es [&hellip;]<\/p>\n","protected":false},"author":14,"featured_media":13783,"comment_status":"open","ping_status":"open","sticky":false,"template":"","format":"standard","meta":{"episode_type":"","audio_file":"","podmotor_file_id":"","podmotor_episode_id":"","cover_image":"","cover_image_id":"","duration":"","filesize":"","filesize_raw":"","date_recorded":"","explicit":"","block":"","itunes_episode_number":"","itunes_title":"","itunes_season_number":"","itunes_episode_type":"","footnotes":""},"categories":[5],"tags":[],"class_list":["post-13765","post","type-post","status-publish","format-standard","has-post-thumbnail","hentry","category-slide"],"acf":[],"publishpress_future_action":{"enabled":false,"date":"2026-05-07 11:41:35","action":"change-status","newStatus":"draft","terms":[],"taxonomy":"category","extraData":[]},"publishpress_future_workflow_manual_trigger":{"enabledWorkflows":[]},"_links":{"self":[{"href":"https:\/\/www.oaxaca.gob.mx\/sinfra\/wp-json\/wp\/v2\/posts\/13765","targetHints":{"allow":["GET"]}}],"collection":[{"href":"https:\/\/www.oaxaca.gob.mx\/sinfra\/wp-json\/wp\/v2\/posts"}],"about":[{"href":"https:\/\/www.oaxaca.gob.mx\/sinfra\/wp-json\/wp\/v2\/types\/post"}],"author":[{"embeddable":true,"href":"https:\/\/www.oaxaca.gob.mx\/sinfra\/wp-json\/wp\/v2\/users\/14"}],"replies":[{"embeddable":true,"href":"https:\/\/www.oaxaca.gob.mx\/sinfra\/wp-json\/wp\/v2\/comments?post=13765"}],"version-history":[{"count":2,"href":"https:\/\/www.oaxaca.gob.mx\/sinfra\/wp-json\/wp\/v2\/posts\/13765\/revisions"}],"predecessor-version":[{"id":13790,"href":"https:\/\/www.oaxaca.gob.mx\/sinfra\/wp-json\/wp\/v2\/posts\/13765\/revisions\/13790"}],"wp:featuredmedia":[{"embeddable":true,"href":"https:\/\/www.oaxaca.gob.mx\/sinfra\/wp-json\/wp\/v2\/media\/13783"}],"wp:attachment":[{"href":"https:\/\/www.oaxaca.gob.mx\/sinfra\/wp-json\/wp\/v2\/media?parent=13765"}],"wp:term":[{"taxonomy":"category","embeddable":true,"href":"https:\/\/www.oaxaca.gob.mx\/sinfra\/wp-json\/wp\/v2\/categories?post=13765"},{"taxonomy":"post_tag","embeddable":true,"href":"https:\/\/www.oaxaca.gob.mx\/sinfra\/wp-json\/wp\/v2\/tags?post=13765"}],"curies":[{"name":"wp","href":"https:\/\/api.w.org\/{rel}","templated":true}]}}