{"id":12966,"date":"2024-01-02T11:00:47","date_gmt":"2024-01-02T17:00:47","guid":{"rendered":"https:\/\/www.oaxaca.gob.mx\/sinfra\/?p=12966"},"modified":"2024-01-02T11:00:47","modified_gmt":"2024-01-02T17:00:47","slug":"entrega-de-55-llaves-de-casas-habitacion-a-las-familias-que-fueron-reubicadas-por-las-obras-de-construccion-del-megaproyecto-del-corredor-interoceanico","status":"publish","type":"post","link":"https:\/\/www.oaxaca.gob.mx\/sinfra\/entrega-de-55-llaves-de-casas-habitacion-a-las-familias-que-fueron-reubicadas-por-las-obras-de-construccion-del-megaproyecto-del-corredor-interoceanico\/","title":{"rendered":"Entrega de 55 llaves de casas habitaci\u00f3n a las familias que fueron reubicadas por las obras de construcci\u00f3n del megaproyecto del Corredor Interoce\u00e1nico"},"content":{"rendered":"<p style=\"font-size: 80%\" align=\"right\">26 de diciembre de 2023<\/p>\n<div align=\"center\"><img loading=\"lazy\" decoding=\"async\" class=\"alignnone wp-image-12152\" src=\"https:\/\/www.oaxaca.gob.mx\/sinfra\/wp-content\/uploads\/sites\/14\/2024\/01\/viviendas-Salina-Cruz-1.png\" alt=\"\" width=\"641\" height=\"427\" \/><\/div>\n<p><\/BR><br \/>\nCon el invaluable apoyo del Gobierno de M\u00e9xico a trav\u00e9s de las SEDATU, y la decidida gesti\u00f3n del Gobierno del Estado de Oaxaca, el gobernador Salom\u00f3n Jara Cruz, en compa\u00f1\u00eda de nuestro titular Netzahualc\u00f3yotl Salvatierra L\u00f3pez, entregaron 55 llaves de casas habitaci\u00f3n a las familias que fueron reubicadas por las obras de construcci\u00f3n del megaproyecto del Corredor Interoce\u00e1nico. De esta manera, la primavera oaxaque\u00f1a reafirma su compromiso de velar por el bienestar de las familias oaxaque\u00f1as.<br \/>\n<\/BR><\/p>\n<div align=\"center\"><img loading=\"lazy\" decoding=\"async\" class=\"alignnone wp-image-12152\" src=\"https:\/\/www.oaxaca.gob.mx\/sinfra\/wp-content\/uploads\/sites\/14\/2024\/01\/viviendas-Salina-Cruz-2.png\" alt=\"\" width=\"641\" height=\"427\" \/><\/div>\n<p><\/BR><\/p>\n<div align=\"center\"><img loading=\"lazy\" decoding=\"async\" class=\"alignnone wp-image-12152\" src=\"https:\/\/www.oaxaca.gob.mx\/sinfra\/wp-content\/uploads\/sites\/14\/2024\/01\/viviendas-Salina-Cruz-3.png\" alt=\"\" width=\"641\" height=\"427\" \/><\/div>\n<p><\/BR><\/p>\n","protected":false},"excerpt":{"rendered":"<p>26 de diciembre de 2023 Con el invaluable apoyo del Gobierno de M\u00e9xico a trav\u00e9s de las SEDATU, y la decidida gesti\u00f3n del Gobierno del Estado de Oaxaca, el gobernador Salom\u00f3n Jara Cruz, en compa\u00f1\u00eda de nuestro titular Netzahualc\u00f3yotl Salvatierra L\u00f3pez, entregaron 55 llaves de casas habitaci\u00f3n a las familias que fueron reubicadas por las [&hellip;]<\/p>\n","protected":false},"author":14,"featured_media":12967,"comment_status":"open","ping_status":"open","sticky":false,"template":"","format":"standard","meta":{"episode_type":"","audio_file":"","podmotor_file_id":"","podmotor_episode_id":"","cover_image":"","cover_image_id":"","duration":"","filesize":"","filesize_raw":"","date_recorded":"","explicit":"","block":"","itunes_episode_number":"","itunes_title":"","itunes_season_number":"","itunes_episode_type":"","footnotes":""},"categories":[5],"tags":[],"class_list":["post-12966","post","type-post","status-publish","format-standard","has-post-thumbnail","hentry","category-slide"],"acf":[],"publishpress_future_action":{"enabled":false,"date":"2026-05-08 11:14:37","action":"change-status","newStatus":"draft","terms":[],"taxonomy":"category","extraData":[]},"publishpress_future_workflow_manual_trigger":{"enabledWorkflows":[]},"_links":{"self":[{"href":"https:\/\/www.oaxaca.gob.mx\/sinfra\/wp-json\/wp\/v2\/posts\/12966","targetHints":{"allow":["GET"]}}],"collection":[{"href":"https:\/\/www.oaxaca.gob.mx\/sinfra\/wp-json\/wp\/v2\/posts"}],"about":[{"href":"https:\/\/www.oaxaca.gob.mx\/sinfra\/wp-json\/wp\/v2\/types\/post"}],"author":[{"embeddable":true,"href":"https:\/\/www.oaxaca.gob.mx\/sinfra\/wp-json\/wp\/v2\/users\/14"}],"replies":[{"embeddable":true,"href":"https:\/\/www.oaxaca.gob.mx\/sinfra\/wp-json\/wp\/v2\/comments?post=12966"}],"version-history":[{"count":1,"href":"https:\/\/www.oaxaca.gob.mx\/sinfra\/wp-json\/wp\/v2\/posts\/12966\/revisions"}],"predecessor-version":[{"id":12968,"href":"https:\/\/www.oaxaca.gob.mx\/sinfra\/wp-json\/wp\/v2\/posts\/12966\/revisions\/12968"}],"wp:featuredmedia":[{"embeddable":true,"href":"https:\/\/www.oaxaca.gob.mx\/sinfra\/wp-json\/wp\/v2\/media\/12967"}],"wp:attachment":[{"href":"https:\/\/www.oaxaca.gob.mx\/sinfra\/wp-json\/wp\/v2\/media?parent=12966"}],"wp:term":[{"taxonomy":"category","embeddable":true,"href":"https:\/\/www.oaxaca.gob.mx\/sinfra\/wp-json\/wp\/v2\/categories?post=12966"},{"taxonomy":"post_tag","embeddable":true,"href":"https:\/\/www.oaxaca.gob.mx\/sinfra\/wp-json\/wp\/v2\/tags?post=12966"}],"curies":[{"name":"wp","href":"https:\/\/api.w.org\/{rel}","templated":true}]}}