{"id":12759,"date":"2023-11-20T20:25:12","date_gmt":"2023-11-21T02:25:12","guid":{"rendered":"https:\/\/www.oaxaca.gob.mx\/sinfra\/?p=12759"},"modified":"2023-11-20T20:26:47","modified_gmt":"2023-11-21T02:26:47","slug":"inauguran-uno-de-los-parques-familiares-flores-de-la-primavera-verbena","status":"publish","type":"post","link":"https:\/\/www.oaxaca.gob.mx\/sinfra\/inauguran-uno-de-los-parques-familiares-flores-de-la-primavera-verbena\/","title":{"rendered":"Inauguran uno de los parques familiares Flores de la Primavera: Verbena"},"content":{"rendered":"<p style=\"font-size: 80%\" align=\"right\">13 de noviembre de 2023<\/p>\n<div align=\"center\"><img loading=\"lazy\" decoding=\"async\" class=\"alignnone wp-image-12152\" src=\"https:\/\/www.oaxaca.gob.mx\/sinfra\/wp-content\/uploads\/sites\/14\/2023\/11\/Parque-verbena_1.jpg\" alt=\"\" width=\"641\" height=\"427\" \/><\/div>\n<p><\/BR><br \/>\nCrear espacios para la recreaci\u00f3n y sano esparcimiento para la ni\u00f1ez oaxaque\u00f1a hoy, es garantizar la formaci\u00f3n de buenos ciudadanos del ma\u00f1ana; por ello el gobernador Salom\u00f3n Jara Cruz constat\u00f3 el trabajo que realiz\u00f3 el DIF Estatal Oaxaca, con la iniciativa de la Se\u00f1ora Irma Bola\u00f1os en el rescate de \u00e1reas verdes; inaugurando con nuestro titular Netzahualc\u00f3yotl Salvatierra L\u00f3pez, uno de los Parques Familiares Flores de la Primavera: Verbena; espacio destinado para la convivencia de las familias oaxaque\u00f1as.<br \/>\n<\/BR><\/p>\n<div align=\"center\"><img loading=\"lazy\" decoding=\"async\" class=\"alignnone wp-image-12152\" src=\"https:\/\/www.oaxaca.gob.mx\/sinfra\/wp-content\/uploads\/sites\/14\/2023\/11\/Parque-verbena_2.jpg\" alt=\"\" width=\"641\" height=\"427\" \/><\/div>\n<p><\/BR><\/p>\n<div align=\"center\"><img loading=\"lazy\" decoding=\"async\" class=\"alignnone wp-image-12152\" src=\"https:\/\/www.oaxaca.gob.mx\/sinfra\/wp-content\/uploads\/sites\/14\/2023\/11\/Parque-verbena_3.jpg\" alt=\"\" width=\"641\" height=\"427\" \/><\/div>\n<p><\/BR><\/p>\n","protected":false},"excerpt":{"rendered":"<p>13 de noviembre de 2023 Crear espacios para la recreaci\u00f3n y sano esparcimiento para la ni\u00f1ez oaxaque\u00f1a hoy, es garantizar la formaci\u00f3n de buenos ciudadanos del ma\u00f1ana; por ello el gobernador Salom\u00f3n Jara Cruz constat\u00f3 el trabajo que realiz\u00f3 el DIF Estatal Oaxaca, con la iniciativa de la Se\u00f1ora Irma Bola\u00f1os en el rescate de [&hellip;]<\/p>\n","protected":false},"author":14,"featured_media":12761,"comment_status":"open","ping_status":"open","sticky":false,"template":"","format":"standard","meta":{"episode_type":"","audio_file":"","podmotor_file_id":"","podmotor_episode_id":"","cover_image":"","cover_image_id":"","duration":"","filesize":"","filesize_raw":"","date_recorded":"","explicit":"","block":"","itunes_episode_number":"","itunes_title":"","itunes_season_number":"","itunes_episode_type":"","footnotes":""},"categories":[5],"tags":[],"class_list":["post-12759","post","type-post","status-publish","format-standard","has-post-thumbnail","hentry","category-slide"],"acf":[],"publishpress_future_action":{"enabled":false,"date":"2026-05-10 10:16:31","action":"change-status","newStatus":"draft","terms":[],"taxonomy":"category","extraData":[]},"publishpress_future_workflow_manual_trigger":{"enabledWorkflows":[]},"_links":{"self":[{"href":"https:\/\/www.oaxaca.gob.mx\/sinfra\/wp-json\/wp\/v2\/posts\/12759","targetHints":{"allow":["GET"]}}],"collection":[{"href":"https:\/\/www.oaxaca.gob.mx\/sinfra\/wp-json\/wp\/v2\/posts"}],"about":[{"href":"https:\/\/www.oaxaca.gob.mx\/sinfra\/wp-json\/wp\/v2\/types\/post"}],"author":[{"embeddable":true,"href":"https:\/\/www.oaxaca.gob.mx\/sinfra\/wp-json\/wp\/v2\/users\/14"}],"replies":[{"embeddable":true,"href":"https:\/\/www.oaxaca.gob.mx\/sinfra\/wp-json\/wp\/v2\/comments?post=12759"}],"version-history":[{"count":2,"href":"https:\/\/www.oaxaca.gob.mx\/sinfra\/wp-json\/wp\/v2\/posts\/12759\/revisions"}],"predecessor-version":[{"id":12765,"href":"https:\/\/www.oaxaca.gob.mx\/sinfra\/wp-json\/wp\/v2\/posts\/12759\/revisions\/12765"}],"wp:featuredmedia":[{"embeddable":true,"href":"https:\/\/www.oaxaca.gob.mx\/sinfra\/wp-json\/wp\/v2\/media\/12761"}],"wp:attachment":[{"href":"https:\/\/www.oaxaca.gob.mx\/sinfra\/wp-json\/wp\/v2\/media?parent=12759"}],"wp:term":[{"taxonomy":"category","embeddable":true,"href":"https:\/\/www.oaxaca.gob.mx\/sinfra\/wp-json\/wp\/v2\/categories?post=12759"},{"taxonomy":"post_tag","embeddable":true,"href":"https:\/\/www.oaxaca.gob.mx\/sinfra\/wp-json\/wp\/v2\/tags?post=12759"}],"curies":[{"name":"wp","href":"https:\/\/api.w.org\/{rel}","templated":true}]}}