{"id":12652,"date":"2023-10-09T11:16:50","date_gmt":"2023-10-09T17:16:50","guid":{"rendered":"https:\/\/www.oaxaca.gob.mx\/sinfra\/?p=12652"},"modified":"2023-10-09T11:16:50","modified_gmt":"2023-10-09T17:16:50","slug":"mega-tequio-bienestar","status":"publish","type":"post","link":"https:\/\/www.oaxaca.gob.mx\/sinfra\/mega-tequio-bienestar\/","title":{"rendered":"Mega Tequio Bienestar"},"content":{"rendered":"<p style=\"font-size: 80%\" align=\"right\">8 de octubre de 2023<\/p>\n<div align=\"center\"><img loading=\"lazy\" decoding=\"async\" class=\"alignnone wp-image-12152\" src=\"https:\/\/www.oaxaca.gob.mx\/sinfra\/wp-content\/uploads\/sites\/14\/2023\/10\/Tequio-Rio-Atoyac_1.jpg\" alt=\"\" width=\"641\" height=\"427\" \/><\/div>\n<p><\/BR><br \/>\nQuienes colaboramos en la Secretar\u00eda de Infraestructuras y Comunicaciones, nos sumamos con entusiasmo al Mega Tequio Bienestar organizado por el Gobierno del Estado de Oaxaca en diversos puntos de las riberas del R\u00edo Atoyac y encabezado con el liderazgo del gobernador Salom\u00f3n Jara Cruz y de nuestro titular Netzahualc\u00f3yotl Salvatierra L\u00f3pez<br \/>\n<\/BR><\/p>\n<div align=\"center\"><img loading=\"lazy\" decoding=\"async\" class=\"alignnone wp-image-12152\" src=\"https:\/\/www.oaxaca.gob.mx\/sinfra\/wp-content\/uploads\/sites\/14\/2023\/10\/Tequio-Rio-Atoyac_2.jpg\" alt=\"\" width=\"641\" height=\"427\" \/><\/div>\n<p><\/BR><\/p>\n<div align=\"center\"><img loading=\"lazy\" decoding=\"async\" class=\"alignnone wp-image-12152\" src=\"https:\/\/www.oaxaca.gob.mx\/sinfra\/wp-content\/uploads\/sites\/14\/2023\/10\/Tequio-Rio-Atoyac_3.jpg\" alt=\"\" width=\"641\" height=\"427\" \/><\/div>\n<p><\/BR><\/p>\n","protected":false},"excerpt":{"rendered":"<p>8 de octubre de 2023 Quienes colaboramos en la Secretar\u00eda de Infraestructuras y Comunicaciones, nos sumamos con entusiasmo al Mega Tequio Bienestar organizado por el Gobierno del Estado de Oaxaca en diversos puntos de las riberas del R\u00edo Atoyac y encabezado con el liderazgo del gobernador Salom\u00f3n Jara Cruz y de nuestro titular Netzahualc\u00f3yotl Salvatierra [&hellip;]<\/p>\n","protected":false},"author":14,"featured_media":12654,"comment_status":"open","ping_status":"open","sticky":false,"template":"","format":"standard","meta":{"episode_type":"","audio_file":"","podmotor_file_id":"","podmotor_episode_id":"","cover_image":"","cover_image_id":"","duration":"","filesize":"","filesize_raw":"","date_recorded":"","explicit":"","block":"","itunes_episode_number":"","itunes_title":"","itunes_season_number":"","itunes_episode_type":"","footnotes":""},"categories":[5],"tags":[],"class_list":["post-12652","post","type-post","status-publish","format-standard","has-post-thumbnail","hentry","category-slide"],"acf":[],"publishpress_future_action":{"enabled":false,"date":"2026-05-04 11:00:26","action":"change-status","newStatus":"draft","terms":[],"taxonomy":"category","extraData":[]},"publishpress_future_workflow_manual_trigger":{"enabledWorkflows":[]},"_links":{"self":[{"href":"https:\/\/www.oaxaca.gob.mx\/sinfra\/wp-json\/wp\/v2\/posts\/12652","targetHints":{"allow":["GET"]}}],"collection":[{"href":"https:\/\/www.oaxaca.gob.mx\/sinfra\/wp-json\/wp\/v2\/posts"}],"about":[{"href":"https:\/\/www.oaxaca.gob.mx\/sinfra\/wp-json\/wp\/v2\/types\/post"}],"author":[{"embeddable":true,"href":"https:\/\/www.oaxaca.gob.mx\/sinfra\/wp-json\/wp\/v2\/users\/14"}],"replies":[{"embeddable":true,"href":"https:\/\/www.oaxaca.gob.mx\/sinfra\/wp-json\/wp\/v2\/comments?post=12652"}],"version-history":[{"count":1,"href":"https:\/\/www.oaxaca.gob.mx\/sinfra\/wp-json\/wp\/v2\/posts\/12652\/revisions"}],"predecessor-version":[{"id":12656,"href":"https:\/\/www.oaxaca.gob.mx\/sinfra\/wp-json\/wp\/v2\/posts\/12652\/revisions\/12656"}],"wp:featuredmedia":[{"embeddable":true,"href":"https:\/\/www.oaxaca.gob.mx\/sinfra\/wp-json\/wp\/v2\/media\/12654"}],"wp:attachment":[{"href":"https:\/\/www.oaxaca.gob.mx\/sinfra\/wp-json\/wp\/v2\/media?parent=12652"}],"wp:term":[{"taxonomy":"category","embeddable":true,"href":"https:\/\/www.oaxaca.gob.mx\/sinfra\/wp-json\/wp\/v2\/categories?post=12652"},{"taxonomy":"post_tag","embeddable":true,"href":"https:\/\/www.oaxaca.gob.mx\/sinfra\/wp-json\/wp\/v2\/tags?post=12652"}],"curies":[{"name":"wp","href":"https:\/\/api.w.org\/{rel}","templated":true}]}}