{"id":897,"date":"2016-10-25T09:21:31","date_gmt":"2016-10-25T15:21:31","guid":{"rendered":"https:\/\/www.oaxaca.gob.mx\/sesipinna\/?p=897"},"modified":"2016-10-25T09:21:31","modified_gmt":"2016-10-25T15:21:31","slug":"la-cienega-zimatlan-recibe-la-3a-jornada-de-juego-y-recreacion","status":"publish","type":"post","link":"https:\/\/www.oaxaca.gob.mx\/sesipinna\/la-cienega-zimatlan-recibe-la-3a-jornada-de-juego-y-recreacion\/","title":{"rendered":"LA CI\u00c9NEGA, ZIMATL\u00c1N RECIBE LA 3\u00aa. JORNADA DE JUEGO Y RECREACI\u00d3N"},"content":{"rendered":"<p>Con el objetivo de fomentar en la ni\u00f1ez y adolescencia el derecho al juego, descanso y esparcimiento desde una perspectiva de g\u00e9nero e interculturalidad, el Sistema Local de Protecci\u00f3n Integral de los Derechos de Ni\u00f1as, Ni\u00f1os y Adolescentes en coordinaci\u00f3n con SEDESOH, SEDESOL, CECUDE, IEEPO, SAI y la FAHOH realizaron la Tercera Jornada por el Derecho de Ni\u00f1as, Ni\u00f1os y Adolescentes al Juego, Descanso y Esparcimiento en la comunidad de la Ci\u00e9nega, Zimatl\u00e1n.<\/p>\n<p>La inauguraci\u00f3n oficial del evento la realiz\u00f3 la se\u00f1ora Florentina Bernab\u00e9 Coronado, presidenta del DIF de la Ci\u00e9nega, Zimatl\u00e1n, quien agradeci\u00f3 la oportunidad de realizar esta Jornada para las ni\u00f1as y ni\u00f1os de su poblaci\u00f3n y asegur\u00f3 que este tipo de actividades son importantes para que conozcan que sus derechos.<\/p>\n<p>Por su parte, Cristina Salazar Acevedo, la Encargada de Despacho\u00a0 de la Secretar\u00eda Ejecutiva del Sistema Local de Protecci\u00f3n Integral de los Derechos de Ni\u00f1as, Ni\u00f1os y Adolescentes en Oaxaca explic\u00f3 la forma en c\u00f3mo est\u00e1 constituido dicho sistema y de la funci\u00f3n que tiene en la garant\u00eda, vigilancia y cumplimiento de los derechos de este importante sector de la poblaci\u00f3n por medio de la articulaci\u00f3n de las diferentes instituciones gubernamentales y de sociedad civil a quienes les compete.<\/p>\n<p>El\u00a0 coordinador de SEDESOL del programa de instancias infantiles para madres solteras y padres solos, Roberto Ramos Ruiz, dijo que el gobierno\u00a0 federal est\u00e1 interesado en apoyar este tipo de iniciativas y sugiri\u00f3 que puedan realizarse en todas los Estados del pa\u00eds.<\/p>\n<p>Ofelia Mateos, enlace del IEEPO en la mesa interinstitucional que atiende este derecho, asegur\u00f3 que es importante el derecho a convivir pac\u00edfica, arm\u00f3nica entre ni\u00f1as y ni\u00f1os, con las y los adultos y de nosotros para con ellos.<\/p>\n<p>Mar\u00eda Beatriz Mart\u00ednez Garc\u00eda, enlace institucional de la Secretar\u00eda de Asuntos Ind\u00edgenas record\u00f3 que el juego es un derecho que siempre contribuir\u00e1 con el crecimiento y desarrollo de ni\u00f1as y ni\u00f1os.<\/p>\n<p>Durante la Jornada se realizaron actividades f\u00edsicas, recreativas entre las que destacaron la activaci\u00f3n f\u00edsica por parte de los enlaces interinstitucionales del CECUDE, un taller de pintar con el tema de medio ambiente sano\u00a0 y la intervenci\u00f3n del programa EL RECREO con din\u00e1micas que integraban el juego tradicional mexicano con el deporte.<\/p>\n<p>En la Jornada se estableci\u00f3 un m\u00f3dulo para aprender el cepillado adecuado de los dientes y la utilizaci\u00f3n del hilo dental.<\/p>\n<p>Ni\u00f1as y ni\u00f1os disfrutaron la Jornada y sugirieron que se repitan este tipo de juegos y que agradec\u00edan un momento tan alegre y que \u201csi el juego es nuestro derecho, las personas adultas hagan todo para que se cumpla\u201d.<\/p>\n<p>Finalmente en entrevista con Manuel Hern\u00e1ndez Castellanos, presidente municipal de la Ci\u00e9nega, Zimatl\u00e1n, coment\u00f3 que se han hecho inversiones importantes en la unidad deportiva de esta comunidad lo que contribuye en hacer que ni\u00f1as y ni\u00f1os ejerzan sus derechos al juego y a la salud. \u201cLes ayuda mucho a alejarse de los vicios y les da mayores oportunidades para tener un mayor crecimiento f\u00edsico y mental\u201d.<\/p>\n","protected":false},"excerpt":{"rendered":"<p>Con el objetivo de fomentar en la ni\u00f1ez y adolescencia el derecho al juego, descanso y esparcimiento desde una perspectiva de g\u00e9nero e interculturalidad, el Sistema Local de Protecci\u00f3n Integral de los Derechos de Ni\u00f1as, Ni\u00f1os y Adolescentes en coordinaci\u00f3n con SEDESOH, SEDESOL, CECUDE, IEEPO, SAI y la FAHOH realizaron la Tercera Jornada por el [&hellip;]<\/p>\n","protected":false},"author":1,"featured_media":898,"comment_status":"open","ping_status":"open","sticky":false,"template":"","format":"standard","meta":{"episode_type":"","audio_file":"","podmotor_file_id":"","podmotor_episode_id":"","cover_image":"","cover_image_id":"","duration":"","filesize":"","filesize_raw":"","date_recorded":"","explicit":"","block":"","itunes_episode_number":"","itunes_title":"","itunes_season_number":"","itunes_episode_type":"","footnotes":""},"categories":[6,1],"tags":[],"class_list":["post-897","post","type-post","status-publish","format-standard","has-post-thumbnail","hentry","category-noticias","category-sin-categoria"],"acf":[],"publishpress_future_action":{"enabled":false,"date":"2026-05-05 10:49:00","action":"change-status","newStatus":"draft","terms":[],"taxonomy":"category","extraData":[]},"publishpress_future_workflow_manual_trigger":{"enabledWorkflows":[]},"_links":{"self":[{"href":"https:\/\/www.oaxaca.gob.mx\/sesipinna\/wp-json\/wp\/v2\/posts\/897","targetHints":{"allow":["GET"]}}],"collection":[{"href":"https:\/\/www.oaxaca.gob.mx\/sesipinna\/wp-json\/wp\/v2\/posts"}],"about":[{"href":"https:\/\/www.oaxaca.gob.mx\/sesipinna\/wp-json\/wp\/v2\/types\/post"}],"author":[{"embeddable":true,"href":"https:\/\/www.oaxaca.gob.mx\/sesipinna\/wp-json\/wp\/v2\/users\/1"}],"replies":[{"embeddable":true,"href":"https:\/\/www.oaxaca.gob.mx\/sesipinna\/wp-json\/wp\/v2\/comments?post=897"}],"version-history":[{"count":0,"href":"https:\/\/www.oaxaca.gob.mx\/sesipinna\/wp-json\/wp\/v2\/posts\/897\/revisions"}],"wp:featuredmedia":[{"embeddable":true,"href":"https:\/\/www.oaxaca.gob.mx\/sesipinna\/wp-json\/wp\/v2\/media\/898"}],"wp:attachment":[{"href":"https:\/\/www.oaxaca.gob.mx\/sesipinna\/wp-json\/wp\/v2\/media?parent=897"}],"wp:term":[{"taxonomy":"category","embeddable":true,"href":"https:\/\/www.oaxaca.gob.mx\/sesipinna\/wp-json\/wp\/v2\/categories?post=897"},{"taxonomy":"post_tag","embeddable":true,"href":"https:\/\/www.oaxaca.gob.mx\/sesipinna\/wp-json\/wp\/v2\/tags?post=897"}],"curies":[{"name":"wp","href":"https:\/\/api.w.org\/{rel}","templated":true}]}}