{"id":1589,"date":"2017-07-13T11:00:00","date_gmt":"2017-07-13T17:00:00","guid":{"rendered":"http:\/\/www.sevitra.oaxaca.gob.mx\/?p=1589"},"modified":"2017-07-13T11:00:00","modified_gmt":"2017-07-13T17:00:00","slug":"sevitra-presenta-plan-de-reordenamento-en-huajuapan-de-leon","status":"publish","type":"post","link":"https:\/\/www.oaxaca.gob.mx\/semovi\/sevitra-presenta-plan-de-reordenamento-en-huajuapan-de-leon\/","title":{"rendered":"SEVITRA presenta PLAN DE REORDENAMENTO en Huajuapan de Le\u00f3n"},"content":{"rendered":"<p>\t\t\t\t&lt;!&#8211;<\/p>\n<p style=\"text-align: justify\"><b>[wp_owl id=\u00bb1604&#8243;]<\/b><\/p>\n<p>&#8211;&gt;<\/p>\n<p style=\"text-align: justify\">En un esfuerzo conjunto con el H. Ayuntamiento de Huajuapan de Le\u00f3n, el Ing. Francisco Javier Garc\u00eda L\u00f3pez, Secretario de Vialidad y Transporte acompa\u00f1ado de sus colaboradores presentaron el Plan de Reordenamiento del Transporte P\u00fablico a\u00a0 concesionarios, presidentes de sitios y taxistas del Municipio.<\/p>\n<p style=\"text-align: justify\">Durante el evento el Subsecretario de Regulaci\u00f3n y Control de Transporte, Lic. Marcos Freddy Hern\u00e1ndez L\u00f3pez explic\u00f3 a los transportistas que se debe realizar una inspecci\u00f3n f\u00edsico-mec\u00e1nica de las unidades de motor que prestan el servicio p\u00fablico de alquiler, adem\u00e1s de cumplir con la Norma Crom\u00e1tica y portar un n\u00famero \u00fanico de concesionario.<\/p>\n<p style=\"text-align: justify\">En su intervenci\u00f3n el Lic. Alejandro Villanueva L\u00f3pez, Subsecretario de Planeaci\u00f3n y Normatividad recalc\u00f3 a los presentes la importancia de\u00a0 tener conductores del servicio p\u00fablico capacitados, \u201cse debe dejar atr\u00e1s la idea que el oficio de taxista se obtiene por falta de empleo, los taxistas deben de contar con una capacitaci\u00f3n permanente para que puedan brindar un servicio de calidad\u201d asever\u00f3 el funcionario, por lo cual les mostr\u00f3 los lineamientos y la duraci\u00f3n del curso de capacitaci\u00f3n en seguridad vial y movilidad incluyente.<\/p>\n<p style=\"text-align: justify\">De igual forma, la Direcci\u00f3n Jur\u00eddica a cargo de la Lic. Judith Ramos Santiago y de Concesiones a cargo del Lic. Jorge Ismael Flores Avenda\u00f1o, respondieron dudas a concesionarios y taxistas sobre tr\u00e1mites administrativos.<\/p>\n<p style=\"text-align: justify\">En su oportunidad el titular de la Sevitra, Ing. Francisco Garc\u00eda L\u00f3pez abund\u00f3 en el Plan de Reordenamiento y explic\u00f3 que Huajuapan est\u00e1 dentro de las diez ciudades m\u00e1s importantes de la entidad por lo cual es un municipio importante en materia de transporte y pidi\u00f3 a los transportistas que brinden un servicio de calidad y calidez.<\/p>\n<p style=\"text-align: justify\">Adem\u00e1s recalc\u00f3 que por el momento no es factible un aumento a la tarifa e hizo un llamado a los ciudadanos a no dejarse enga\u00f1ar por personas que mienten al decir que habr\u00e1 nuevas concesiones, pues por el momento existe una veda por lo que se suspenden todos los tr\u00e1mites para el otorgamiento de nuevos permisos y nuevas concesiones para la prestaci\u00f3n del servicio p\u00fablico de transporte en todas sus modalidades.<\/p>\n<p style=\"text-align: justify\">Al finalizar el evento el Presidente Municipal Manuel Mart\u00edn Aguirre Ram\u00edrez agradeci\u00f3 la visita del Secretario de Vialidad y Transporte y colaboradores \u201cjuntos podemos tener un mejor transporte en Huajuapan\u201d dijo.<\/p>\n<p style=\"text-align: justify\">Cabe mencionar que en dicha presentaci\u00f3n acudieron representantes de la Polic\u00eda Vial Estatal, de la Secretar\u00eda General de Gobierno, de la Fiscal\u00eda General del Estado y regidores del municipio.<\/p>\n","protected":false},"excerpt":{"rendered":"<p>&lt;!&#8211; [wp_owl id=\u00bb1604&#8243;] &#8211;&gt; En un esfuerzo conjunto con el H. Ayuntamiento de Huajuapan de Le\u00f3n, el Ing. Francisco Javier Garc\u00eda L\u00f3pez, Secretario de Vialidad y Transporte acompa\u00f1ado de sus colaboradores presentaron el Plan de Reordenamiento del Transporte P\u00fablico a\u00a0 concesionarios, presidentes de sitios y taxistas del Municipio. Durante el evento el Subsecretario de Regulaci\u00f3n [&hellip;]<\/p>\n","protected":false},"author":1,"featured_media":1601,"comment_status":"open","ping_status":"open","sticky":false,"template":"","format":"standard","meta":{"episode_type":"","audio_file":"","podmotor_file_id":"","podmotor_episode_id":"","cover_image":"","cover_image_id":"","duration":"","filesize":"","filesize_raw":"","date_recorded":"","explicit":"","block":"","itunes_episode_number":"","itunes_title":"","itunes_season_number":"","itunes_episode_type":"","footnotes":""},"categories":[9,1],"tags":[],"class_list":["post-1589","post","type-post","status-publish","format-standard","has-post-thumbnail","hentry","category-noticias","category-sin-categoria"],"acf":[],"publishpress_future_action":{"enabled":false,"date":"2026-05-08 11:14:37","action":"change-status","newStatus":"draft","terms":[],"taxonomy":"category","extraData":[]},"publishpress_future_workflow_manual_trigger":{"enabledWorkflows":[]},"_links":{"self":[{"href":"https:\/\/www.oaxaca.gob.mx\/semovi\/wp-json\/wp\/v2\/posts\/1589","targetHints":{"allow":["GET"]}}],"collection":[{"href":"https:\/\/www.oaxaca.gob.mx\/semovi\/wp-json\/wp\/v2\/posts"}],"about":[{"href":"https:\/\/www.oaxaca.gob.mx\/semovi\/wp-json\/wp\/v2\/types\/post"}],"author":[{"embeddable":true,"href":"https:\/\/www.oaxaca.gob.mx\/semovi\/wp-json\/wp\/v2\/users\/1"}],"replies":[{"embeddable":true,"href":"https:\/\/www.oaxaca.gob.mx\/semovi\/wp-json\/wp\/v2\/comments?post=1589"}],"version-history":[{"count":0,"href":"https:\/\/www.oaxaca.gob.mx\/semovi\/wp-json\/wp\/v2\/posts\/1589\/revisions"}],"wp:featuredmedia":[{"embeddable":true,"href":"https:\/\/www.oaxaca.gob.mx\/semovi\/wp-json\/wp\/v2\/media\/1601"}],"wp:attachment":[{"href":"https:\/\/www.oaxaca.gob.mx\/semovi\/wp-json\/wp\/v2\/media?parent=1589"}],"wp:term":[{"taxonomy":"category","embeddable":true,"href":"https:\/\/www.oaxaca.gob.mx\/semovi\/wp-json\/wp\/v2\/categories?post=1589"},{"taxonomy":"post_tag","embeddable":true,"href":"https:\/\/www.oaxaca.gob.mx\/semovi\/wp-json\/wp\/v2\/tags?post=1589"}],"curies":[{"name":"wp","href":"https:\/\/api.w.org\/{rel}","templated":true}]}}