{"id":14735,"date":"2023-06-12T14:23:26","date_gmt":"2023-06-12T20:23:26","guid":{"rendered":"https:\/\/www.oaxaca.gob.mx\/sego\/?p=14735"},"modified":"2023-06-12T14:23:26","modified_gmt":"2023-06-12T20:23:26","slug":"comunicado-12-de-junio-del-2023","status":"publish","type":"post","link":"https:\/\/www.oaxaca.gob.mx\/sego\/comunicado-12-de-junio-del-2023\/","title":{"rendered":"Comunicado | 12 de junio del 2023"},"content":{"rendered":"<p>El Secretario de Gobierno, Jes\u00fas Romero L\u00f3pez, lament\u00f3 los bloqueos que autoridades de Santa Mar\u00eda Chimalapa realizaron, al declarar que esta acci\u00f3n le parec\u00eda una medida unilateral e inadecuada bajo el contexto de di\u00e1logo que se ten\u00eda desde el inicio del gobierno de la 4T.<\/p>\n<p>Durante la conferencia de prensa del Gobernador Salom\u00f3n Jara Cruz, asegur\u00f3 que la administraci\u00f3n ha sido tolerante y democr\u00e1tica, por lo que exhort\u00f3 a las autoridades de los Chimalapas a seguir dialogando.<\/p>\n<p>Present\u00f3 un total de 22 acciones realizadas por el Gobierno del Estado durante los primeros seis meses de Gobierno respecto a la sentencia 121\/2012 sobre los l\u00edmites territoriales de los Estados de Chiapas y Oaxaca, misma que por instrucciones del Gobernador Salom\u00f3n Jara Cruz se ha atendido como una prioridad.<\/p>\n<p>Entre estas, destac\u00f3 la firma de un convenio amistoso el pasado 18 de abril con el Gobernador de Chiapas Rutilio Escand\u00f3n, luego de que la Suprema Corte de Justicia de la Naci\u00f3n estableciera mal los limites entre Oaxaca y Chiapas, por lo que tras este convenio se corrigi\u00f3.<\/p>\n<p>Derivado de esta situaci\u00f3n, expuso, se gener\u00f3 un convenio amistoso con la parte sur ya que entregaron a Oaxaca con comunidades hist\u00f3ricamente chiapanecas.<\/p>\n<p>\u00abNada tienen que ver los Chimalapas en la parte sur, ya que esas son las comunidades pesqueras de Tapanatepec hacia Arriaga, por eso se firm\u00f3 el convenio amistoso que las autoridades de los Chimalapas promovieron sin consultar al Gobierno del Estado para echar abajo este convenio asesorados por el abogado Victor Hugo Alejo\u00bb, asegur\u00f3.<\/p>\n<p>El encargado de la pol\u00edtica interna, record\u00f3 que el pasado 18 de mayo recibi\u00f3 un pliego petitorio donde ya amenazaban con bloquear, firmando y sellando con un criterio inadecuado, ya que una autoridad no deber\u00eda de bloquear.<\/p>\n<p>Detall\u00f3 que la \u00faltima reuni\u00f3n se llev\u00f3 a cabo el pasado 7 de junio en donde las autoridades acordaron romper el di\u00e1logo con el Gobierno del Estado, argumentando que no se hab\u00eda avanzado en el cumplimiento de la sentencia, a pesar de que se ha cumplido en 7 puntos de la sentencia en estos 6 meses.<\/p>\n<p>Ante esta situaci\u00f3n, manifest\u00f3 que a partir de hoy toda mesa con los Chimalapas ser\u00e1 p\u00fablica y tutelada por observadores, ya que no era posible esta relaci\u00f3n donde todos desde las instituciones del gobierno abonaban y no se les reconoc\u00eda el trabajo efectuado.<\/p>\n<p>\u00abHoy les estamos proponiendo que la mesa agraria y ambiental que pospusieron ellos por la elecci\u00f3n de Santa Mar\u00eda Chimalapa se lleve a cabo el pr\u00f3ximo 14 de junio en Ixtepec, la mesa jur\u00eddica el 27 de junio en Ixtepec y la mesa social el 5 de julio\u00bb, precis\u00f3.<\/p>\n<p>Sobre los hechos violentos ocurridos en la comunidad de El Cacahuatal, en San Lucas Ojitl\u00e1n, perteneciente a la regi\u00f3n de la Cuenca del Papaloapan que dej\u00f3 como saldo tres personas muertas y seis heridas, insisti\u00f3 que el pasado viernes hab\u00eda dialogado con la autoridad agraria para evitar generar actos violentos.<\/p>\n<p>Dijo que pidi\u00f3 al comisariado actuar con prudencia y esperar una mesa de di\u00e1logo con autoridades de los gobiernos federal y estatal, con el fin de solucionar el conflicto de m\u00e1s de 20 a\u00f1os provocado por la invasi\u00f3n a un predio ubicado en una zona federal.<\/p>\n<p>\u00abParticularmente est\u00e1 involucrado alguien que se\u00f1alamos aqu\u00ed hace unos d\u00edas de haber solicitado recursos, Gaudencio Torres Pereda, dirigente de Codeci, que asesora a una parte de esta poblaci\u00f3n, yo solicit\u00e9 a trav\u00e9s de Juan Torres Pereda, l\u00edder de Codeci AR que evitara cualquier acci\u00f3n de desalojo y que no acudiera al punto de conflicto, ya que ser\u00eda convocado \u00e9l junto con la comunidad, al igual que las personas que se\u00f1alan de invasoras vinculadas con la expresidenta municipal de Ojitl\u00e1n que llev\u00f3 a gente de otras comunidades a una zona federal\u00bb, indic\u00f3.<\/p>\n<p>\u00abConvenimos a abstenerse a cualquier acto o provocaci\u00f3n, pero no podemos desde la SEGO evitar que tomen estas decisiones tan irresponsables y absurdas que ambas partes tomaron, porque hubo una llamada y el compromiso, ahora tocar\u00e1 a la Fiscal\u00eda determinar la responsabilidad de todos los involucrados en este conflicto\u00bb, puntualiz\u00f3 Romero L\u00f3pez.<\/p>\n<p><img loading=\"lazy\" decoding=\"async\" class=\"alignnone size-medium wp-image-14736\" src=\"https:\/\/www.oaxaca.gob.mx\/sego\/wp-content\/uploads\/sites\/74\/2023\/06\/WhatsApp-Image-2023-06-12-at-11.41.09-300x200.jpeg\" alt=\"\" width=\"300\" height=\"200\" srcset=\"https:\/\/www.oaxaca.gob.mx\/sego\/wp-content\/uploads\/sites\/74\/2023\/06\/WhatsApp-Image-2023-06-12-at-11.41.09-300x200.jpeg 300w, https:\/\/www.oaxaca.gob.mx\/sego\/wp-content\/uploads\/sites\/74\/2023\/06\/WhatsApp-Image-2023-06-12-at-11.41.09-1024x682.jpeg 1024w, https:\/\/www.oaxaca.gob.mx\/sego\/wp-content\/uploads\/sites\/74\/2023\/06\/WhatsApp-Image-2023-06-12-at-11.41.09-768x512.jpeg 768w, https:\/\/www.oaxaca.gob.mx\/sego\/wp-content\/uploads\/sites\/74\/2023\/06\/WhatsApp-Image-2023-06-12-at-11.41.09-1536x1023.jpeg 1536w, https:\/\/www.oaxaca.gob.mx\/sego\/wp-content\/uploads\/sites\/74\/2023\/06\/WhatsApp-Image-2023-06-12-at-11.41.09.jpeg 1600w\" sizes=\"auto, (max-width: 300px) 100vw, 300px\" \/><\/p>\n","protected":false},"excerpt":{"rendered":"<p>El Secretario de Gobierno, Jes\u00fas Romero L\u00f3pez, lament\u00f3 los bloqueos que autoridades de Santa Mar\u00eda Chimalapa realizaron, al declarar que esta acci\u00f3n le parec\u00eda una medida unilateral e inadecuada bajo el contexto de di\u00e1logo que se ten\u00eda desde el inicio del gobierno de la 4T. Durante la conferencia de prensa del Gobernador Salom\u00f3n Jara Cruz, [&hellip;]<\/p>\n","protected":false},"author":82,"featured_media":14736,"comment_status":"open","ping_status":"open","sticky":false,"template":"","format":"standard","meta":{"episode_type":"","audio_file":"","podmotor_file_id":"","podmotor_episode_id":"","cover_image":"","cover_image_id":"","duration":"","filesize":"","filesize_raw":"","date_recorded":"","explicit":"","block":"","itunes_episode_number":"","itunes_title":"","itunes_season_number":"","itunes_episode_type":"","footnotes":""},"categories":[30],"tags":[],"class_list":["post-14735","post","type-post","status-publish","format-standard","has-post-thumbnail","hentry","category-noticias-2"],"acf":[],"publishpress_future_action":{"enabled":false,"date":"2026-05-05 11:24:57","action":"change-status","newStatus":"draft","terms":[],"taxonomy":"category","extraData":[]},"publishpress_future_workflow_manual_trigger":{"enabledWorkflows":[]},"_links":{"self":[{"href":"https:\/\/www.oaxaca.gob.mx\/sego\/wp-json\/wp\/v2\/posts\/14735","targetHints":{"allow":["GET"]}}],"collection":[{"href":"https:\/\/www.oaxaca.gob.mx\/sego\/wp-json\/wp\/v2\/posts"}],"about":[{"href":"https:\/\/www.oaxaca.gob.mx\/sego\/wp-json\/wp\/v2\/types\/post"}],"author":[{"embeddable":true,"href":"https:\/\/www.oaxaca.gob.mx\/sego\/wp-json\/wp\/v2\/users\/82"}],"replies":[{"embeddable":true,"href":"https:\/\/www.oaxaca.gob.mx\/sego\/wp-json\/wp\/v2\/comments?post=14735"}],"version-history":[{"count":1,"href":"https:\/\/www.oaxaca.gob.mx\/sego\/wp-json\/wp\/v2\/posts\/14735\/revisions"}],"predecessor-version":[{"id":14737,"href":"https:\/\/www.oaxaca.gob.mx\/sego\/wp-json\/wp\/v2\/posts\/14735\/revisions\/14737"}],"wp:featuredmedia":[{"embeddable":true,"href":"https:\/\/www.oaxaca.gob.mx\/sego\/wp-json\/wp\/v2\/media\/14736"}],"wp:attachment":[{"href":"https:\/\/www.oaxaca.gob.mx\/sego\/wp-json\/wp\/v2\/media?parent=14735"}],"wp:term":[{"taxonomy":"category","embeddable":true,"href":"https:\/\/www.oaxaca.gob.mx\/sego\/wp-json\/wp\/v2\/categories?post=14735"},{"taxonomy":"post_tag","embeddable":true,"href":"https:\/\/www.oaxaca.gob.mx\/sego\/wp-json\/wp\/v2\/tags?post=14735"}],"curies":[{"name":"wp","href":"https:\/\/api.w.org\/{rel}","templated":true}]}}