{"id":25892,"date":"2026-08-26T10:11:20","date_gmt":"2026-08-26T16:11:20","guid":{"rendered":"https:\/\/www.oaxaca.gob.mx\/sedeco\/?p=25892"},"modified":"2026-08-27T10:14:06","modified_gmt":"2026-08-27T16:14:06","slug":"gobierno-de-oaxaca-impulsa-a-microempresas-con-capital-semilla-coppel-emprende-2026","status":"publish","type":"post","link":"https:\/\/www.oaxaca.gob.mx\/sedeco\/gobierno-de-oaxaca-impulsa-a-microempresas-con-capital-semilla-coppel-emprende-2026\/","title":{"rendered":"Gobierno de Oaxaca impulsa a microempresas con Capital Semilla Coppel Emprende 2026"},"content":{"rendered":"<div class=\"su-heading su-heading-style-default su-heading-align-center\" id=\"\" style=\"font-size:14px;margin-bottom:20px\"><div class=\"su-heading-inner\">En este a\u00f1o se contempla beneficiar a 360 negocios, de 85 municipios del estado, cifras que superan las de 2025<\/div><\/div>\n<p style=\"text-align: justify\">Oaxaca de Ju\u00e1rez, Oax., 26 de agosto de 2026.- Con una inversi\u00f3n conjunta de 3.5 millones de pesos, el Gobierno del Estado, en alianza con Fundaci\u00f3n Coppel y Fundaci\u00f3n Comunitaria Oaxaca A.C., puso en marcha la tercera edici\u00f3n de Capital Semilla Coppel Emprende 2026, iniciativa que impulsa a 360 microempresas oaxaque\u00f1as en operaci\u00f3n.<\/p>\n<p style=\"text-align: justify\">A trav\u00e9s de la Secretar\u00eda de Desarrollo Econ\u00f3mico (Sedeco), esta inversi\u00f3n se articula bajo un esquema de coinversi\u00f3n peso a peso. Para 2026, el programa contempla beneficiar a unidades econ\u00f3micas de 85 municipios del estado, superando los 303 negocios y 82 municipios atendidos durante 2025.<\/p>\n<p style=\"text-align: justify\">Los apoyos ser\u00e1n entregados en especie, hasta por 8 mil pesos por microempresa, a trav\u00e9s de maquinaria, herramientas, equipamiento e instrumentos de trabajo, de acuerdo con las necesidades de cada una. Este sistema permite que la inversi\u00f3n se traduzca directamente en capacidad productiva instalada.<\/p>\n<p style=\"text-align: justify\">El programa tambi\u00e9n incorpora un componente de formaci\u00f3n empresarial. Para acceder al apoyo, las personas participantes deber\u00e1n concluir el nivel 1 de la plataforma gratuita Coppel Emprende, que contempla 41 lecciones de capacitaci\u00f3n, con contenidos orientados al desarrollo de conocimientos administrativos y de gesti\u00f3n empresarial.<\/p>\n<p style=\"text-align: justify\">Capital Semilla Coppel Emprende llega a su tercera edici\u00f3n consecutiva en Oaxaca, luego de beneficiar a 126 personas en 2024 y 303 en 2025. En esta \u00faltima edici\u00f3n, el 76.3 por ciento fueron emprendedoras.<\/p>\n<p style=\"text-align: justify\">La edici\u00f3n 2026 se desarrolla del 24 de agosto de 2026 al 31 de enero de 2027 en todo el estado.<\/p>\n<p style=\"text-align: center\">-0-<\/p>\n<div class=\"su-image-carousel  su-image-carousel-columns-3 su-image-carousel-crop su-image-carousel-crop-3-2 su-image-carousel-adaptive su-image-carousel-slides-style-default su-image-carousel-controls-style-light su-image-carousel-align-center\" style=\"\" data-flickity-options='{\"groupCells\":true,\"cellSelector\":\".su-image-carousel-item\",\"adaptiveHeight\":false,\"cellAlign\":\"left\",\"prevNextButtons\":true,\"pageDots\":true,\"autoPlay\":5000,\"imagesLoaded\":true,\"contain\":true,\"selectedAttraction\":0.007,\"friction\":0.25}' id=\"su_image_carousel_6a9a750abf2b3\"><div class=\"su-image-carousel-item\"><div class=\"su-image-carousel-item-content\"><img loading=\"lazy\" decoding=\"async\" width=\"1280\" height=\"854\" src=\"https:\/\/www.oaxaca.gob.mx\/sedeco\/wp-content\/uploads\/sites\/60\/2026\/08\/705d588f-22dd-4bf3-8432-1ceed6fd2be5.jpeg\" class=\"\" alt=\"\" srcset=\"https:\/\/www.oaxaca.gob.mx\/sedeco\/wp-content\/uploads\/sites\/60\/2026\/08\/705d588f-22dd-4bf3-8432-1ceed6fd2be5.jpeg 1280w, https:\/\/www.oaxaca.gob.mx\/sedeco\/wp-content\/uploads\/sites\/60\/2026\/08\/705d588f-22dd-4bf3-8432-1ceed6fd2be5-300x200.jpeg 300w, https:\/\/www.oaxaca.gob.mx\/sedeco\/wp-content\/uploads\/sites\/60\/2026\/08\/705d588f-22dd-4bf3-8432-1ceed6fd2be5-1024x683.jpeg 1024w, https:\/\/www.oaxaca.gob.mx\/sedeco\/wp-content\/uploads\/sites\/60\/2026\/08\/705d588f-22dd-4bf3-8432-1ceed6fd2be5-768x512.jpeg 768w\" sizes=\"auto, (max-width: 1280px) 100vw, 1280px\" \/><\/div><\/div><div class=\"su-image-carousel-item\"><div class=\"su-image-carousel-item-content\"><img loading=\"lazy\" decoding=\"async\" width=\"1280\" height=\"854\" src=\"https:\/\/www.oaxaca.gob.mx\/sedeco\/wp-content\/uploads\/sites\/60\/2026\/08\/b752bcf2-2a60-4ffb-94ef-2fc8c505dd9d.jpeg\" class=\"\" alt=\"\" srcset=\"https:\/\/www.oaxaca.gob.mx\/sedeco\/wp-content\/uploads\/sites\/60\/2026\/08\/b752bcf2-2a60-4ffb-94ef-2fc8c505dd9d.jpeg 1280w, https:\/\/www.oaxaca.gob.mx\/sedeco\/wp-content\/uploads\/sites\/60\/2026\/08\/b752bcf2-2a60-4ffb-94ef-2fc8c505dd9d-300x200.jpeg 300w, https:\/\/www.oaxaca.gob.mx\/sedeco\/wp-content\/uploads\/sites\/60\/2026\/08\/b752bcf2-2a60-4ffb-94ef-2fc8c505dd9d-1024x683.jpeg 1024w, https:\/\/www.oaxaca.gob.mx\/sedeco\/wp-content\/uploads\/sites\/60\/2026\/08\/b752bcf2-2a60-4ffb-94ef-2fc8c505dd9d-768x512.jpeg 768w\" sizes=\"auto, (max-width: 1280px) 100vw, 1280px\" \/><\/div><\/div><div class=\"su-image-carousel-item\"><div class=\"su-image-carousel-item-content\"><img loading=\"lazy\" decoding=\"async\" width=\"1280\" height=\"854\" src=\"https:\/\/www.oaxaca.gob.mx\/sedeco\/wp-content\/uploads\/sites\/60\/2026\/08\/a5dfe9fa-065f-4359-bbb3-8483d0249eff.jpeg\" class=\"\" alt=\"\" srcset=\"https:\/\/www.oaxaca.gob.mx\/sedeco\/wp-content\/uploads\/sites\/60\/2026\/08\/a5dfe9fa-065f-4359-bbb3-8483d0249eff.jpeg 1280w, https:\/\/www.oaxaca.gob.mx\/sedeco\/wp-content\/uploads\/sites\/60\/2026\/08\/a5dfe9fa-065f-4359-bbb3-8483d0249eff-300x200.jpeg 300w, https:\/\/www.oaxaca.gob.mx\/sedeco\/wp-content\/uploads\/sites\/60\/2026\/08\/a5dfe9fa-065f-4359-bbb3-8483d0249eff-1024x683.jpeg 1024w, https:\/\/www.oaxaca.gob.mx\/sedeco\/wp-content\/uploads\/sites\/60\/2026\/08\/a5dfe9fa-065f-4359-bbb3-8483d0249eff-768x512.jpeg 768w\" sizes=\"auto, (max-width: 1280px) 100vw, 1280px\" \/><\/div><\/div><\/div><script id=\"su_image_carousel_6a9a750abf2b3_script\">if(window.SUImageCarousel){setTimeout(function() {window.SUImageCarousel.initGallery(document.getElementById(\"su_image_carousel_6a9a750abf2b3\"))}, 0);}var su_image_carousel_6a9a750abf2b3_script=document.getElementById(\"su_image_carousel_6a9a750abf2b3_script\");if(su_image_carousel_6a9a750abf2b3_script){su_image_carousel_6a9a750abf2b3_script.parentNode.removeChild(su_image_carousel_6a9a750abf2b3_script);}<\/script>\n","protected":false},"excerpt":{"rendered":"<p>Oaxaca de Ju\u00e1rez, Oax., 26 de agosto de 2026.- Con una inversi\u00f3n conjunta de 3.5 millones de pesos, el Gobierno del Estado, en alianza con Fundaci\u00f3n Coppel y Fundaci\u00f3n Comunitaria Oaxaca A.C., puso en marcha la tercera edici\u00f3n de Capital Semilla Coppel Emprende 2026, iniciativa que impulsa a 360 microempresas oaxaque\u00f1as en operaci\u00f3n. A trav\u00e9s [&hellip;]<\/p>\n","protected":false},"author":66,"featured_media":25894,"comment_status":"closed","ping_status":"closed","sticky":false,"template":"","format":"standard","meta":{"episode_type":"","audio_file":"","podmotor_file_id":"","podmotor_episode_id":"","cover_image":"","cover_image_id":"","duration":"","filesize":"","filesize_raw":"","date_recorded":"","explicit":"","block":"","itunes_episode_number":"","itunes_title":"","itunes_season_number":"","itunes_episode_type":"","footnotes":""},"categories":[38],"tags":[],"class_list":["post-25892","post","type-post","status-publish","format-standard","has-post-thumbnail","hentry","category-boletines"],"acf":[],"publishpress_future_action":{"enabled":false,"date":"2026-09-04 13:36:42","action":"change-status","newStatus":"draft","terms":[],"taxonomy":"category","extraData":[]},"publishpress_future_workflow_manual_trigger":{"enabledWorkflows":[]},"_links":{"self":[{"href":"https:\/\/www.oaxaca.gob.mx\/sedeco\/wp-json\/wp\/v2\/posts\/25892","targetHints":{"allow":["GET"]}}],"collection":[{"href":"https:\/\/www.oaxaca.gob.mx\/sedeco\/wp-json\/wp\/v2\/posts"}],"about":[{"href":"https:\/\/www.oaxaca.gob.mx\/sedeco\/wp-json\/wp\/v2\/types\/post"}],"author":[{"embeddable":true,"href":"https:\/\/www.oaxaca.gob.mx\/sedeco\/wp-json\/wp\/v2\/users\/66"}],"replies":[{"embeddable":true,"href":"https:\/\/www.oaxaca.gob.mx\/sedeco\/wp-json\/wp\/v2\/comments?post=25892"}],"version-history":[{"count":1,"href":"https:\/\/www.oaxaca.gob.mx\/sedeco\/wp-json\/wp\/v2\/posts\/25892\/revisions"}],"predecessor-version":[{"id":25896,"href":"https:\/\/www.oaxaca.gob.mx\/sedeco\/wp-json\/wp\/v2\/posts\/25892\/revisions\/25896"}],"wp:featuredmedia":[{"embeddable":true,"href":"https:\/\/www.oaxaca.gob.mx\/sedeco\/wp-json\/wp\/v2\/media\/25894"}],"wp:attachment":[{"href":"https:\/\/www.oaxaca.gob.mx\/sedeco\/wp-json\/wp\/v2\/media?parent=25892"}],"wp:term":[{"taxonomy":"category","embeddable":true,"href":"https:\/\/www.oaxaca.gob.mx\/sedeco\/wp-json\/wp\/v2\/categories?post=25892"},{"taxonomy":"post_tag","embeddable":true,"href":"https:\/\/www.oaxaca.gob.mx\/sedeco\/wp-json\/wp\/v2\/tags?post=25892"}],"curies":[{"name":"wp","href":"https:\/\/api.w.org\/{rel}","templated":true}]}}