{"id":24386,"date":"2025-12-04T11:58:32","date_gmt":"2025-12-04T17:58:32","guid":{"rendered":"https:\/\/www.oaxaca.gob.mx\/sedeco\/?p=24386"},"modified":"2025-12-04T11:58:32","modified_gmt":"2025-12-04T17:58:32","slug":"reconocen-a-51-artesanas-y-artesanos-oaxaquenos-en-el-xxv-premio-estatal-de-arte-popular-benito-juarez","status":"publish","type":"post","link":"https:\/\/www.oaxaca.gob.mx\/sedeco\/reconocen-a-51-artesanas-y-artesanos-oaxaquenos-en-el-xxv-premio-estatal-de-arte-popular-benito-juarez\/","title":{"rendered":"Reconocen a 51 artesanas y artesanos oaxaque\u00f1os en el XXV Premio Estatal de Arte Popular \u201cBenito Ju\u00e1rez\u201d"},"content":{"rendered":"<p style=\"text-align: center\"><div class=\"su-heading su-heading-style-default su-heading-align-center\" id=\"\" style=\"font-size:16px;margin-bottom:20px\"><div class=\"su-heading-inner\">El maestro artesano Boris de Jes\u00fas Garc\u00eda Ildefonso, obtuvo el Galard\u00f3n Benito Ju\u00e1rez 2025.<\/div><\/div>\n<p style=\"text-align: justify\"><b>Oaxaca de Ju\u00e1rez, Oax., 18 de julio de 2025.\u2013 <\/b><span style=\"font-weight: 400\">En el marco de la Feria del Mezcal 2025, se llev\u00f3 a cabo la ceremonia de premiaci\u00f3n del XXV Premio Estatal de Arte Popular <\/span><span style=\"font-weight: 400\">\u201c<\/span><span style=\"font-weight: 400\">Benito Ju\u00e1rez\u201d, un evento que honra la creatividad, el talento y el compromiso de las y los artesanos que preservan con orgullo las t\u00e9cnicas ancestrales de nuestro estado.<\/span><\/p>\n<p style=\"text-align: justify\"><span style=\"font-weight: 400\">La ceremonia se realiz\u00f3 en el espacio que ocupa la Expo Feria Artesanal Guelaguetza 2025, ubicada en el Centro Cultural y de Convenciones de Oaxaca, y cont\u00f3 con la presencia del secretario de Desarrollo Econ\u00f3mico, Ra\u00fal Ruiz Robles; la subsecretaria de Impulso Econ\u00f3mico y Mejora Regulatoria, Alma Gandhi Jim\u00e9nez Castro, el Director de comercializaci\u00f3n de la Secretaria de Turismo de Oaxaca, \u00c1ngel Norberto Osorio Mirales y la directora General de la COEPRISO, Andrea Ram\u00f3n Garc\u00eda.<\/span><\/p>\n<p style=\"text-align: justify\"><span style=\"font-weight: 400\">En esta edici\u00f3n, se entregaron 51 reconocimientos a maestras y maestros artesanos de las ocho regiones del estado, quienes fueron galardonados por su excelencia y aportaci\u00f3n cultural y art\u00edstica, as\u00ed como por el rescate de t\u00e9cnicas ancestrales y el uso sostenible de recursos naturales, siendo el maestro artesano Boris de Jes\u00fas Garc\u00eda Ildefonso, quien obtuvo el Galard\u00f3n Benito Ju\u00e1rez 2025.<\/span><\/p>\n<p style=\"text-align: justify\"><span style=\"font-weight: 400\">La premiaci\u00f3n cont\u00f3 con una bolsa bipartita de $385,000 pesos, aportada por el Gobierno del Estado y el Fondo Nacional para el Fomento a las Artesan\u00edas (FONART).<\/span><\/p>\n<p style=\"text-align: justify\"><span style=\"font-weight: 400\">Finalmente, se inaugur\u00f3 la exposici\u00f3n de las piezas ganadoras, la cual estar\u00e1 abierta al p\u00fablico durante la Feria del Mezcal, permitiendo que visitantes conozcan y reconozcan el valor del trabajo artesanal oaxaque\u00f1o.<\/span><\/p>\n<p style=\"text-align: justify\"><span style=\"font-weight: 400\">Este evento refrenda el compromiso del Gobierno del Estado con el impulso a las econom\u00edas locales, la dignificaci\u00f3n del trabajo artesanal y la preservaci\u00f3n del patrimonio cultural de Oaxaca.<\/span><\/p>\n<p style=\"text-align: justify\"><b>Lista de ganadores y ganadoras\u00a0<\/b><\/p>\n<p style=\"text-align: justify\"><span style=\"font-weight: 400\">En la categor\u00eda Textiles de algod\u00f3n, seda y\/o bordado los ganadores fueron, Carolina Hern\u00e1ndez Hern\u00e1ndez, Marisol Agust\u00edn Francisco y Francisca Carro Fuentes, mientras que en la categor\u00eda Textiles de Lana, los premiados fueron; Christian Mendoza Ruiz, Froyl\u00e1n M\u00e9ndez Bautista y Alfonso Chavez L\u00f3pez.\u00a0<\/span><\/p>\n<p style=\"text-align: justify\">\n<p style=\"text-align: justify\"><span style=\"font-weight: 400\">Para la categor\u00eda Trajes Regionales los galardonados fueron, Aida Felipe Pineda, Sebastiana Guzm\u00e1n Hern\u00e1ndez y Marina Palacios L\u00f3pez, en la categor\u00eda Barro Natural, alisado y\/o bru\u00f1ido resultaron premiados Miguel Jim\u00e9nez P\u00e9rez, Alicia Leticia Garc\u00eda Blanco y Gabriela\u00a0 Sarmiento\u00a0 Arango.\u00a0<\/span><\/p>\n<p style=\"text-align: justify\">\n<p style=\"text-align: justify\"><span style=\"font-weight: 400\">En la categor\u00eda Barro Policromado los ganadores son: Leticia Engracia Garc\u00eda Aguilar, Leopoldo Garc\u00eda Aguilar y Jennifer Teresa Garc\u00eda L\u00f3pez, mientras que en la categor\u00eda Barro Negro, los triunfadores son, Elba Le\u00f3n Cant\u00f3n, Mar\u00eda Guadalupe Cant\u00f3n P\u00e9rez y Mat\u00edas Reyes G\u00f3mez.\u00a0<\/span><\/p>\n<p style=\"text-align: justify\">\n<p style=\"text-align: justify\"><span style=\"font-weight: 400\">Categor\u00eda Barro Vidriado: Fernando F\u00e9lix Peguero Garc\u00eda, Roc\u00edo\u00a0 Pinelo\u00a0 Castellanos, Eloy Mauricio Peguero Garc\u00eda.\u00a0<\/span><\/p>\n<p style=\"text-align: justify\">\n<p style=\"text-align: justify\"><span style=\"font-weight: 400\">Madera en Madera: Ulises\u00a0 Hern\u00e1ndez Mart\u00ednez, C\u00e9sar L\u00f3pez Ponce, Agust\u00edn Cruz Prudencio,.\u00a0<\/span><\/p>\n<p style=\"text-align: justify\">\n<p style=\"text-align: justify\"><span style=\"font-weight: 400\">Canter\u00eda y Lapidaria: \u00d3scar Fabi\u00e1n Mart\u00ednez Cervantes, Antonio L\u00f3pez Ch\u00e1vez, Edgar Mart\u00ednez Cervantes.\u00a0<\/span><\/p>\n<p style=\"text-align: justify\">\n<p style=\"text-align: justify\"><span style=\"font-weight: 400\">Arte en miniatura: Fernando Daniel Hern\u00e1ndez Salones, Eva Ira\u00eds Mendoza\u00a0 Antonio y Mar\u00eda Sinea Rojas Trinidad.\u00a0<\/span><\/p>\n<p style=\"text-align: justify\">\n<p style=\"text-align: justify\"><span style=\"font-weight: 400\">Fibras Vegetales: Mar\u00eda Mendoza Conteras, Alfonso Carlos Canseco P\u00e9rez y Rosa Mar\u00eda Mayoral Rivera.\u00a0<\/span><\/p>\n<p style=\"text-align: justify\">\n<p style=\"text-align: justify\"><span style=\"font-weight: 400\">Orfebrer\u00eda: Arturo Faustino\u00a0 Rodr\u00edguez Ruiz, Elena Josefina Alonso Rojas y Elena Josefina Alonso Rojas.\u00a0<\/span><\/p>\n<p style=\"text-align: justify\">\n<p style=\"text-align: justify\"><span style=\"font-weight: 400\">Varios: Rub\u00e9n\u00a0 Garc\u00eda D\u00edaz, Alfredo S\u00e1nchez San Luis, Isidoro Antonino Hern\u00e1ndez S\u00e1nchez.\u00a0<\/span><\/p>\n<p style=\"text-align: justify\">\n<p style=\"text-align: justify\"><span style=\"font-weight: 400\">Menciones honor\u00edficas: Alejandro \u00d3scar Gonz\u00e1lez Estevez, Jos\u00e9 Miguel Garc\u00eda Mendoza, Ver\u00f3nica Esther Mendoza Antonio, Esmeralda Cruz Sosa, Alberto Bautista Her\u00e1ndez, Mauricio Peguero Pinelo,\u00a0 Jonathan Mateo Chav\u00e9z Salgado, Diego Hern\u00e1ndez Marcial, Iv\u00e1n Luna Almaraz, Hector Amar\u00fa Pacheco Hern\u00e1ndez y Fernando de Jes\u00fas Pacheco Hern\u00e1ndez.\u00a0<\/span><\/p>\n<p style=\"text-align: justify\">\n<p style=\"text-align: justify\"><span style=\"font-weight: 400\">Durante el evento,\u00a0 la directora general de la Comisi\u00f3n Estatal para la Protecci\u00f3n contra Riesgos Sanitarios de Oaxaca (Coepriso), Andrea Ram\u00f3n Garc\u00eda hizo entrega de certificados de alfarer\u00eda libre de plomo a artesanos oaxaque\u00f1os, esto como parte del impulso a pr\u00e1cticas responsables y saludables en la producci\u00f3n artesanal.<\/span><\/p>\n<p style=\"text-align: center\"><span style=\"font-weight: 400\">-0-<\/span><\/p>\n","protected":false},"excerpt":{"rendered":"<p>Oaxaca de Ju\u00e1rez, Oax., 18 de julio de 2025.\u2013 En el marco de la Feria del Mezcal 2025, se llev\u00f3 a cabo la ceremonia de premiaci\u00f3n del XXV Premio Estatal de Arte Popular \u201cBenito Ju\u00e1rez\u201d, un evento que honra la creatividad, el talento y el compromiso de las y los artesanos que preservan con orgullo [&hellip;]<\/p>\n","protected":false},"author":66,"featured_media":0,"comment_status":"open","ping_status":"open","sticky":false,"template":"","format":"standard","meta":{"episode_type":"","audio_file":"","podmotor_file_id":"","podmotor_episode_id":"","cover_image":"","cover_image_id":"","duration":"","filesize":"","filesize_raw":"","date_recorded":"","explicit":"","block":"","itunes_episode_number":"","itunes_title":"","itunes_season_number":"","itunes_episode_type":"","footnotes":""},"categories":[38],"tags":[],"class_list":["post-24386","post","type-post","status-publish","format-standard","hentry","category-boletines"],"acf":[],"publishpress_future_action":{"enabled":false,"date":"2026-05-02 07:22:03","action":"change-status","newStatus":"draft","terms":[],"taxonomy":"category","extraData":[]},"publishpress_future_workflow_manual_trigger":{"enabledWorkflows":[]},"_links":{"self":[{"href":"https:\/\/www.oaxaca.gob.mx\/sedeco\/wp-json\/wp\/v2\/posts\/24386","targetHints":{"allow":["GET"]}}],"collection":[{"href":"https:\/\/www.oaxaca.gob.mx\/sedeco\/wp-json\/wp\/v2\/posts"}],"about":[{"href":"https:\/\/www.oaxaca.gob.mx\/sedeco\/wp-json\/wp\/v2\/types\/post"}],"author":[{"embeddable":true,"href":"https:\/\/www.oaxaca.gob.mx\/sedeco\/wp-json\/wp\/v2\/users\/66"}],"replies":[{"embeddable":true,"href":"https:\/\/www.oaxaca.gob.mx\/sedeco\/wp-json\/wp\/v2\/comments?post=24386"}],"version-history":[{"count":1,"href":"https:\/\/www.oaxaca.gob.mx\/sedeco\/wp-json\/wp\/v2\/posts\/24386\/revisions"}],"predecessor-version":[{"id":24387,"href":"https:\/\/www.oaxaca.gob.mx\/sedeco\/wp-json\/wp\/v2\/posts\/24386\/revisions\/24387"}],"wp:attachment":[{"href":"https:\/\/www.oaxaca.gob.mx\/sedeco\/wp-json\/wp\/v2\/media?parent=24386"}],"wp:term":[{"taxonomy":"category","embeddable":true,"href":"https:\/\/www.oaxaca.gob.mx\/sedeco\/wp-json\/wp\/v2\/categories?post=24386"},{"taxonomy":"post_tag","embeddable":true,"href":"https:\/\/www.oaxaca.gob.mx\/sedeco\/wp-json\/wp\/v2\/tags?post=24386"}],"curies":[{"name":"wp","href":"https:\/\/api.w.org\/{rel}","templated":true}]}}