{"id":24375,"date":"2025-10-21T09:53:12","date_gmt":"2025-10-21T15:53:12","guid":{"rendered":"https:\/\/www.oaxaca.gob.mx\/sedeco\/?p=24375"},"modified":"2025-12-04T09:54:54","modified_gmt":"2025-12-04T15:54:54","slug":"oaxaca-fortalece-su-mercado-interno-con-el-impulso-a-orgullo-oaxaca","status":"publish","type":"post","link":"https:\/\/www.oaxaca.gob.mx\/sedeco\/oaxaca-fortalece-su-mercado-interno-con-el-impulso-a-orgullo-oaxaca\/","title":{"rendered":"Oaxaca fortalece su mercado interno con el impulso a \u201cOrgullo Oaxaca\u201d"},"content":{"rendered":"<div class=\"su-heading su-heading-style-default su-heading-align-center\" id=\"\" style=\"font-size:16px;margin-bottom:20px\"><div class=\"su-heading-inner\">Al cierre de 2025,\u00a050 empresas oaxaque\u00f1as se han incorporado a tiendas locales y nacionales, con m\u00e1s de\u00a0200 productos exhibidos en anaquel.<\/div><\/div>\n<p style=\"text-align: justify\"><b>Oaxaca de Ju\u00e1rez, Oax., 21 de octubre de 2025. <\/b><span style=\"font-weight: 400\">En el marco de la\u00a0Primavera Oaxaque\u00f1a, el Gobierno del Estado que encabeza el ingeniero\u00a0Salom\u00f3n Jara Cruz, contin\u00faa impulsando el fortalecimiento del mercado interno y la reactivaci\u00f3n econ\u00f3mica local a trav\u00e9s del programa\u00a0\u201cOrgullo Oaxaca\u201d, una iniciativa de la Secretar\u00eda de Desarrollo Econ\u00f3mico (SEDECO) que reconoce, promueve y proyecta el talento productivo de las y los oaxaque\u00f1os.<\/span><\/p>\n<p style=\"text-align: justify\"><span style=\"font-weight: 400\">Por ello, este martes, el titular de dicha dependencia, Ra\u00fal Ruiz Robles y la subsecretaria Miriam Anjuly Saavedra Cortez realiz\u00f3 el\u00a0corte de list\u00f3n de \u201cOrgullo Oaxaca\u201d en Abarrotes La Soledad, donde nuevas empresas locales se integraron a la red de proveedur\u00eda estatal y nacional.<\/span><\/p>\n<p style=\"text-align: justify\"><span style=\"font-weight: 400\">Al respecto, a subsecretaria reiter\u00f3 que\u00a0el desarrollo de Oaxaca parte de su propia gente, por lo que su gobierno impulsa pol\u00edticas p\u00fablicas orientadas a fortalecer la producci\u00f3n local, incentivar el consumo interno y abrir espacios de comercializaci\u00f3n para los productos hechos en la entidad.<\/span><\/p>\n<p style=\"text-align: justify\"><span style=\"font-weight: 400\">\u201cNuestra prioridad es que el bienestar se quede en Oaxaca, que lo que producimos aqu\u00ed se consuma aqu\u00ed, y que nuestras manos trabajadoras sean reconocidas en todo el pa\u00eds\u201d, se\u00f1al\u00f3.<\/span><\/p>\n<p style=\"text-align: justify\"><span style=\"font-weight: 400\">Al cierre de 2025,\u00a050 empresas oaxaque\u00f1as se han incorporado a tiendas locales y nacionales, con m\u00e1s de\u00a0200 productos exhibidos en anaquel, dando cumplimiento a la\u00a0Acci\u00f3n 10 del Plan M\u00e9xico: Aumentar la venta de productos nacionales en tiendas de autoservicio y departamentales.<\/span><\/p>\n<p style=\"text-align: justify\"><span style=\"font-weight: 400\">Entre las marcas que este mi\u00e9rcoles se suman a este esfuerzo destacan\u00a0La Oaxaque\u00f1a Aroma y Sabor, Salsas Benefelia, Kombucha Sea Horse, Mezcal Guarapeta, Miel Coral, Chocolate Rebeld\u00eda y Caf\u00e9 Kue Kiiy, entre otras, que reflejan la calidad, identidad y creatividad del pueblo oaxaque\u00f1o.<\/span><\/p>\n<p style=\"text-align: justify\"><span style=\"font-weight: 400\">Finalmente, Ruiz Robles, destac\u00f3 que\u00a0\u201cOrgullo Oaxaca\u201d es una estrategia integral que impulsa la econom\u00eda desde lo local, con visi\u00f3n de largo plazo, y que genera prosperidad compartida a trav\u00e9s de la articulaci\u00f3n entre gobierno, productores y comercio.<\/span><\/p>\n<p style=\"text-align: justify\"><span style=\"font-weight: 400\">Con este esfuerzo, el Gobierno de Oaxaca reafirma su compromiso de construir una\u00a0econom\u00eda s\u00f3lida, inclusiva y sostenible, donde el bienestar y el orgullo por lo oaxaque\u00f1o sean el motor del desarrollo.<\/span><\/p>\n<p style=\"text-align: center\"><span style=\"font-weight: 400\">-0-\u00a0<\/span><\/p>\n","protected":false},"excerpt":{"rendered":"<p>Oaxaca de Ju\u00e1rez, Oax., 21 de octubre de 2025. En el marco de la\u00a0Primavera Oaxaque\u00f1a, el Gobierno del Estado que encabeza el ingeniero\u00a0Salom\u00f3n Jara Cruz, contin\u00faa impulsando el fortalecimiento del mercado interno y la reactivaci\u00f3n econ\u00f3mica local a trav\u00e9s del programa\u00a0\u201cOrgullo Oaxaca\u201d, una iniciativa de la Secretar\u00eda de Desarrollo Econ\u00f3mico (SEDECO) que reconoce, promueve y [&hellip;]<\/p>\n","protected":false},"author":66,"featured_media":0,"comment_status":"open","ping_status":"open","sticky":false,"template":"","format":"standard","meta":{"episode_type":"","audio_file":"","podmotor_file_id":"","podmotor_episode_id":"","cover_image":"","cover_image_id":"","duration":"","filesize":"","filesize_raw":"","date_recorded":"","explicit":"","block":"","itunes_episode_number":"","itunes_title":"","itunes_season_number":"","itunes_episode_type":"","footnotes":""},"categories":[38],"tags":[],"class_list":["post-24375","post","type-post","status-publish","format-standard","hentry","category-boletines"],"acf":[],"publishpress_future_action":{"enabled":false,"date":"2026-05-02 07:13:54","action":"change-status","newStatus":"draft","terms":[],"taxonomy":"category","extraData":[]},"publishpress_future_workflow_manual_trigger":{"enabledWorkflows":[]},"_links":{"self":[{"href":"https:\/\/www.oaxaca.gob.mx\/sedeco\/wp-json\/wp\/v2\/posts\/24375","targetHints":{"allow":["GET"]}}],"collection":[{"href":"https:\/\/www.oaxaca.gob.mx\/sedeco\/wp-json\/wp\/v2\/posts"}],"about":[{"href":"https:\/\/www.oaxaca.gob.mx\/sedeco\/wp-json\/wp\/v2\/types\/post"}],"author":[{"embeddable":true,"href":"https:\/\/www.oaxaca.gob.mx\/sedeco\/wp-json\/wp\/v2\/users\/66"}],"replies":[{"embeddable":true,"href":"https:\/\/www.oaxaca.gob.mx\/sedeco\/wp-json\/wp\/v2\/comments?post=24375"}],"version-history":[{"count":1,"href":"https:\/\/www.oaxaca.gob.mx\/sedeco\/wp-json\/wp\/v2\/posts\/24375\/revisions"}],"predecessor-version":[{"id":24376,"href":"https:\/\/www.oaxaca.gob.mx\/sedeco\/wp-json\/wp\/v2\/posts\/24375\/revisions\/24376"}],"wp:attachment":[{"href":"https:\/\/www.oaxaca.gob.mx\/sedeco\/wp-json\/wp\/v2\/media?parent=24375"}],"wp:term":[{"taxonomy":"category","embeddable":true,"href":"https:\/\/www.oaxaca.gob.mx\/sedeco\/wp-json\/wp\/v2\/categories?post=24375"},{"taxonomy":"post_tag","embeddable":true,"href":"https:\/\/www.oaxaca.gob.mx\/sedeco\/wp-json\/wp\/v2\/tags?post=24375"}],"curies":[{"name":"wp","href":"https:\/\/api.w.org\/{rel}","templated":true}]}}