{"id":24373,"date":"2025-10-15T09:49:22","date_gmt":"2025-10-15T15:49:22","guid":{"rendered":"https:\/\/www.oaxaca.gob.mx\/sedeco\/?p=24373"},"modified":"2025-12-04T09:53:05","modified_gmt":"2025-12-04T15:53:05","slug":"oaxaca-fortalece-su-participacion-en-la-revision-nacional-del-t-mec","status":"publish","type":"post","link":"https:\/\/www.oaxaca.gob.mx\/sedeco\/oaxaca-fortalece-su-participacion-en-la-revision-nacional-del-t-mec\/","title":{"rendered":"Oaxaca fortalece su participaci\u00f3n en la revisi\u00f3n nacional del T-MEC"},"content":{"rendered":"<p style=\"text-align: center\"><div class=\"su-heading su-heading-style-default su-heading-align-center\" id=\"\" style=\"font-size:16px;margin-bottom:20px\"><div class=\"su-heading-inner\">Con este ejercicio,\u00a0Oaxaca reafirma su compromiso con un desarrollo econ\u00f3mico equitativo, sostenible y compartido, fortaleciendo su papel como protagonista del nuevo mapa econ\u00f3mico de M\u00e9xico y de Am\u00e9rica del Norte.<\/div><\/div>\n<p style=\"text-align: justify\"><b>Santa Luc\u00eda del Camino, Oax., 15 de octubre de 2025.\u2013 <\/b><span style=\"font-weight: 400\">El Gobierno de Oaxaca, a trav\u00e9s de la\u00a0 Secretar\u00eda de Desarrollo Econ\u00f3mico (SEDECO)\u00a0y en coordinaci\u00f3n con la\u00a0Secretar\u00eda de Econom\u00eda del Gobierno de M\u00e9xico, llev\u00f3 a cabo el\u00a0Foro Regional de Consulta del T-MEC en Oaxaca, consolidando as\u00ed la participaci\u00f3n de la entidad en el proceso nacional de revisi\u00f3n del\u00a0Tratado entre M\u00e9xico, Estados Unidos y Canad\u00e1 (T-MEC), programado para 2026.<\/span><\/p>\n<p style=\"text-align: justify\"><span style=\"font-weight: 400\">El encuentro, realizado en el\u00a0Centro Cultural y de Convenciones de Oaxaca, reuni\u00f3 a representantes de los sectores productivos, acad\u00e9micos, sociales y gubernamentales, con el prop\u00f3sito de recabar propuestas, inquietudes y expectativas que fortalezcan la postura estatal frente al acuerdo comercial m\u00e1s importante de Am\u00e9rica del Norte.<\/span><\/p>\n<p style=\"text-align: justify\"><span style=\"font-weight: 400\">Durante su intervenci\u00f3n, el\u00a0titular de la SEDECO, Ra\u00fal Ruiz Robles, destac\u00f3 la relevancia de que Oaxaca participe activamente en este proceso, subrayando que la entidad cuenta con un enorme potencial productivo y comercial que debe ser considerado en la estrategia nacional.<\/span><\/p>\n<p style=\"text-align: justify\"><span style=\"font-weight: 400\">\u201cNuestro objetivo es que la voz de Oaxaca se escuche con fuerza en la pr\u00f3xima revisi\u00f3n del tratado, reflejando las oportunidades y desaf\u00edos que enfrentan nuestras regiones, y reafirmando que el sur tambi\u00e9n impulsa el desarrollo de M\u00e9xico\u201d, se\u00f1al\u00f3.<\/span><\/p>\n<p style=\"text-align: justify\"><span style=\"font-weight: 400\">El secretario destac\u00f3 que este ejercicio se alinea con el\u00a0Plan M\u00e9xico, encabezado por la presidenta\u00a0Claudia Sheinbaum Pardo, que busca fortalecer la integraci\u00f3n econ\u00f3mica y productiva del pa\u00eds desde una visi\u00f3n de desarrollo regional justo, sostenible e incluyente.<\/span><\/p>\n<p style=\"text-align: justify\"><span style=\"font-weight: 400\">Ruiz Robles enfatiz\u00f3 que el trabajo coordinado entre el Gobierno de Oaxaca y el\u00a0Gobierno de M\u00e9xico\u00a0refleja la nueva manera de hacer pol\u00edtica econ\u00f3mica, basada en la colaboraci\u00f3n, la planeaci\u00f3n estrat\u00e9gica y el compromiso con el bienestar de las y los mexicanos.<\/span><\/p>\n<p style=\"text-align: justify\"><span style=\"font-weight: 400\">Como parte de este esfuerzo conjunto, la SEDECO present\u00f3\u00a049 propuestas\u00a0derivadas de un proceso de di\u00e1logo entre gobierno, academia, empresas y sociedad civil. Estas propuestas se agrupan en tres ejes:<\/span><\/p>\n<ol style=\"text-align: justify\">\n<li style=\"font-weight: 400\"><strong>Acciones para fortalecer la posici\u00f3n de M\u00e9xico frente a sus contrapartes de Am\u00e9rica del Norte.<\/strong><\/li>\n<li style=\"font-weight: 400\"><strong>Medidas para consolidar las capacidades internas del pa\u00eds.<\/strong><\/li>\n<li style=\"font-weight: 400\"><strong>Estrategias estatales que impulsen la competitividad de Oaxaca dentro del marco del T-MEC.<\/strong><\/li>\n<\/ol>\n<p style=\"text-align: justify\"><span style=\"font-weight: 400\">Entre las principales propuestas se encuentra la\u00a0homologaci\u00f3n de certificaciones fitosanitarias\u00a0entre los tres pa\u00edses, con el fin de reducir costos, tiempos y tr\u00e1mites, as\u00ed como acciones orientadas a fortalecer la\u00a0capacidad exportadora del estado, particularmente en sectores con alto valor agregado como el\u00a0mezcal, caf\u00e9 de especialidad, miel, productos artesanales y agroindustria local.<\/span><\/p>\n<p style=\"text-align: justify\"><span style=\"font-weight: 400\">Asimismo, el secretario destac\u00f3 los programas\u00a0Orgullo Oaxaca,\u00a0Oaxaca Global\u00a0y la certificaci\u00f3n\u00a0Hecho en Oaxaca, iniciativas que promueven la proyecci\u00f3n nacional e internacional de los productos oaxaque\u00f1os y consolidan una econom\u00eda local con identidad y ra\u00edces.<\/span><\/p>\n<p style=\"text-align: justify\"><span style=\"font-weight: 400\">El foro cont\u00f3 con la presencia de\u00a0Andrea Genoveva Solano Rend\u00f3n, titular de la Unidad de Normatividad, Competencia y Competitividad de la Secretar\u00eda de Econom\u00eda, en representaci\u00f3n del secretario\u00a0Marcelo Ebrard Casaub\u00f3n.<\/span><\/p>\n<p style=\"text-align: justify\"><span style=\"font-weight: 400\">Durante las\u00a0mesas de di\u00e1logo, las y los participantes abordaron temas relacionados con agricultura, PYMES, reglas de origen, medio ambiente y desarrollo regional. Las conclusiones obtenidas se integrar\u00e1n en una relator\u00eda estatal que ser\u00e1 remitida a la Secretar\u00eda de Econom\u00eda, para incorporarse al documento nacional que definir\u00e1 la postura de M\u00e9xico ante la pr\u00f3xima revisi\u00f3n del tratado.<\/span><\/p>\n<p style=\"text-align: justify\"><span style=\"font-weight: 400\">Finalmente, Ruiz Robles subray\u00f3 que Oaxaca vive un momento hist\u00f3rico de transformaci\u00f3n econ\u00f3mica y social, en el que la\u00a0Primavera Oaxaque\u00f1a\u00a0florece con proyectos estrat\u00e9gicos, inversi\u00f3n productiva y un trabajo conjunto entre los tres niveles de gobierno.<\/span><\/p>\n<p style=\"text-align: justify\"><span style=\"font-weight: 400\">\u201cDesde Oaxaca aportamos ideas, talento y compromiso al Plan M\u00e9xico, convencidos de que el crecimiento del pa\u00eds se construye desde cada territorio\u201d, afirm\u00f3.<\/span><\/p>\n<p style=\"text-align: justify\"><span style=\"font-weight: 400\">Con este ejercicio, y en el marco de la\u00a0Primavera Oaxaque\u00f1a, etapa de transformaci\u00f3n y desarrollo que vive el estado, Oaxaca reafirma su compromiso con un desarrollo econ\u00f3mico equitativo, sostenible y compartido, fortaleciendo su papel como protagonista del nuevo mapa econ\u00f3mico de M\u00e9xico y de Am\u00e9rica del Norte.<\/span><\/p>\n<p style=\"text-align: center\"><span style=\"font-weight: 400\">-0-\u00a0<\/span><\/p>\n","protected":false},"excerpt":{"rendered":"<p>Santa Luc\u00eda del Camino, Oax., 15 de octubre de 2025.\u2013 El Gobierno de Oaxaca, a trav\u00e9s de la\u00a0 Secretar\u00eda de Desarrollo Econ\u00f3mico (SEDECO)\u00a0y en coordinaci\u00f3n con la\u00a0Secretar\u00eda de Econom\u00eda del Gobierno de M\u00e9xico, llev\u00f3 a cabo el\u00a0Foro Regional de Consulta del T-MEC en Oaxaca, consolidando as\u00ed la participaci\u00f3n de la entidad en el proceso nacional [&hellip;]<\/p>\n","protected":false},"author":66,"featured_media":0,"comment_status":"open","ping_status":"open","sticky":false,"template":"","format":"standard","meta":{"episode_type":"","audio_file":"","podmotor_file_id":"","podmotor_episode_id":"","cover_image":"","cover_image_id":"","duration":"","filesize":"","filesize_raw":"","date_recorded":"","explicit":"","block":"","itunes_episode_number":"","itunes_title":"","itunes_season_number":"","itunes_episode_type":"","footnotes":""},"categories":[38],"tags":[],"class_list":["post-24373","post","type-post","status-publish","format-standard","hentry","category-boletines"],"acf":[],"publishpress_future_action":{"enabled":false,"date":"2026-05-02 07:38:13","action":"change-status","newStatus":"draft","terms":[],"taxonomy":"category","extraData":[]},"publishpress_future_workflow_manual_trigger":{"enabledWorkflows":[]},"_links":{"self":[{"href":"https:\/\/www.oaxaca.gob.mx\/sedeco\/wp-json\/wp\/v2\/posts\/24373","targetHints":{"allow":["GET"]}}],"collection":[{"href":"https:\/\/www.oaxaca.gob.mx\/sedeco\/wp-json\/wp\/v2\/posts"}],"about":[{"href":"https:\/\/www.oaxaca.gob.mx\/sedeco\/wp-json\/wp\/v2\/types\/post"}],"author":[{"embeddable":true,"href":"https:\/\/www.oaxaca.gob.mx\/sedeco\/wp-json\/wp\/v2\/users\/66"}],"replies":[{"embeddable":true,"href":"https:\/\/www.oaxaca.gob.mx\/sedeco\/wp-json\/wp\/v2\/comments?post=24373"}],"version-history":[{"count":1,"href":"https:\/\/www.oaxaca.gob.mx\/sedeco\/wp-json\/wp\/v2\/posts\/24373\/revisions"}],"predecessor-version":[{"id":24374,"href":"https:\/\/www.oaxaca.gob.mx\/sedeco\/wp-json\/wp\/v2\/posts\/24373\/revisions\/24374"}],"wp:attachment":[{"href":"https:\/\/www.oaxaca.gob.mx\/sedeco\/wp-json\/wp\/v2\/media?parent=24373"}],"wp:term":[{"taxonomy":"category","embeddable":true,"href":"https:\/\/www.oaxaca.gob.mx\/sedeco\/wp-json\/wp\/v2\/categories?post=24373"},{"taxonomy":"post_tag","embeddable":true,"href":"https:\/\/www.oaxaca.gob.mx\/sedeco\/wp-json\/wp\/v2\/tags?post=24373"}],"curies":[{"name":"wp","href":"https:\/\/api.w.org\/{rel}","templated":true}]}}