{"id":23759,"date":"2025-07-28T14:12:44","date_gmt":"2025-07-28T20:12:44","guid":{"rendered":"https:\/\/www.oaxaca.gob.mx\/sedeco\/?p=23759"},"modified":"2025-08-14T14:20:24","modified_gmt":"2025-08-14T20:20:24","slug":"feria-del-mezcal-2025-rompe-record-de-asistencia-con-mas-de-17-mil-visitantes-en-un-solo-dia","status":"publish","type":"post","link":"https:\/\/www.oaxaca.gob.mx\/sedeco\/feria-del-mezcal-2025-rompe-record-de-asistencia-con-mas-de-17-mil-visitantes-en-un-solo-dia\/","title":{"rendered":"Feria del Mezcal 2025 rompe r\u00e9cord de asistencia con m\u00e1s de 17 mil visitantes en un solo d\u00eda"},"content":{"rendered":"<div class=\"su-heading su-heading-style-default su-heading-align-center\" id=\"\" style=\"font-size:14px;margin-bottom:20px\"><div class=\"su-heading-inner\">\u2022 Esta cifra hist\u00f3rica la reafirma como uno de los eventos m\u00e1s importantes para la promoci\u00f3n de esta bebida emblem\u00e1tica de Oaxaca<br \/>\n<\/div><\/div>\n<p style=\"text-align: justify\">Santa Luc\u00eda del Camino, Oax. 28 de julio de 2025.- La Secretar\u00eda de Desarrollo Econ\u00f3mico de Oaxaca (Sedeco) inform\u00f3 que la Feria del Mezcal 2025 alcanz\u00f3 un nuevo r\u00e9cord de asistencia este domingo 27 de julio, al registrar la presencia de 17 mil 385 visitantes en un solo d\u00eda.<\/p>\n<p style=\"text-align: justify\">Esta cifra hist\u00f3rica reafirma el posicionamiento de este evento como uno de los eventos m\u00e1s importantes para la promoci\u00f3n del mezcal oaxaque\u00f1o, el fortalecimiento econ\u00f3mico de personas productoras, y la proyecci\u00f3n cultural del estado a nivel nacional e internacional.<\/p>\n<p style=\"text-align: justify\">En esta edici\u00f3n, la Feria cuenta con cinco escenarios que permiten que el evento tenga presencia de distintos p\u00fablicos de manera simult\u00e1nea, adem\u00e1s de contar con diversas actividades que buscan garantizar la promoci\u00f3n, comercializaci\u00f3n y posicionamiento nacional e internacional de los productos oaxaque\u00f1os.<\/p>\n<p style=\"text-align: justify\">Adem\u00e1s, en un acto de solidaridad, lo recaudado por la venta de boletos ser\u00e1 donado en su totalidad a las personas damnificadas por el hurac\u00e1n Erik en la regi\u00f3n de la Costa, cumpliendo con la instrucci\u00f3n del Gobernador Salom\u00f3n Jara Cruz.<\/p>\n<p style=\"text-align: justify\">Esta decisi\u00f3n reafirma el compromiso del Gobierno del Estado con el bienestar y la reconstrucci\u00f3n de las comunidades afectadas.<\/p>\n<p style=\"text-align: justify\">La Feria del Mezcal 2025 contin\u00faa abierta al p\u00fablico hasta el martes 29 de julio, en el Centro Cultural y de Convenciones de Oaxaca, en un horario de 11:00 a 22:00 horas.<\/p>\n<p style=\"text-align: center\">-0-<\/p>\n<div class=\"su-image-carousel  su-image-carousel-columns-4 su-image-carousel-has-spacing su-image-carousel-adaptive su-image-carousel-slides-style-default su-image-carousel-controls-style-light su-image-carousel-align-center\" style=\"\" data-flickity-options='{\"groupCells\":true,\"cellSelector\":\".su-image-carousel-item\",\"adaptiveHeight\":true,\"cellAlign\":\"left\",\"prevNextButtons\":true,\"pageDots\":true,\"autoPlay\":5000,\"imagesLoaded\":true,\"contain\":false,\"selectedAttraction\":0.007,\"friction\":0.25}' id=\"su_image_carousel_69f23dc04e550\"><div class=\"su-image-carousel-item\"><div class=\"su-image-carousel-item-content\"><img loading=\"lazy\" decoding=\"async\" width=\"1024\" height=\"768\" src=\"https:\/\/www.oaxaca.gob.mx\/sedeco\/wp-content\/uploads\/sites\/60\/2025\/08\/28JUL25-SEDECO-FERIA-DEL-MEZCAL1-1024x768-1.jpeg\" class=\"\" alt=\"\" srcset=\"https:\/\/www.oaxaca.gob.mx\/sedeco\/wp-content\/uploads\/sites\/60\/2025\/08\/28JUL25-SEDECO-FERIA-DEL-MEZCAL1-1024x768-1.jpeg 1024w, https:\/\/www.oaxaca.gob.mx\/sedeco\/wp-content\/uploads\/sites\/60\/2025\/08\/28JUL25-SEDECO-FERIA-DEL-MEZCAL1-1024x768-1-300x225.jpeg 300w, https:\/\/www.oaxaca.gob.mx\/sedeco\/wp-content\/uploads\/sites\/60\/2025\/08\/28JUL25-SEDECO-FERIA-DEL-MEZCAL1-1024x768-1-768x576.jpeg 768w\" sizes=\"auto, (max-width: 1024px) 100vw, 1024px\" \/><\/div><\/div><div class=\"su-image-carousel-item\"><div class=\"su-image-carousel-item-content\"><img loading=\"lazy\" decoding=\"async\" width=\"1024\" height=\"768\" src=\"https:\/\/www.oaxaca.gob.mx\/sedeco\/wp-content\/uploads\/sites\/60\/2025\/08\/28JUL25-SEDECO-FERIA-DEL-MEZCAL2-1024x768-1.jpeg\" class=\"\" alt=\"\" srcset=\"https:\/\/www.oaxaca.gob.mx\/sedeco\/wp-content\/uploads\/sites\/60\/2025\/08\/28JUL25-SEDECO-FERIA-DEL-MEZCAL2-1024x768-1.jpeg 1024w, https:\/\/www.oaxaca.gob.mx\/sedeco\/wp-content\/uploads\/sites\/60\/2025\/08\/28JUL25-SEDECO-FERIA-DEL-MEZCAL2-1024x768-1-300x225.jpeg 300w, https:\/\/www.oaxaca.gob.mx\/sedeco\/wp-content\/uploads\/sites\/60\/2025\/08\/28JUL25-SEDECO-FERIA-DEL-MEZCAL2-1024x768-1-768x576.jpeg 768w\" sizes=\"auto, (max-width: 1024px) 100vw, 1024px\" \/><\/div><\/div><div class=\"su-image-carousel-item\"><div class=\"su-image-carousel-item-content\"><img loading=\"lazy\" decoding=\"async\" width=\"1024\" height=\"768\" src=\"https:\/\/www.oaxaca.gob.mx\/sedeco\/wp-content\/uploads\/sites\/60\/2025\/08\/28JUL25-SEDECO-FERIA-DEL-MEZCAL3-1024x768-1.jpeg\" class=\"\" alt=\"\" srcset=\"https:\/\/www.oaxaca.gob.mx\/sedeco\/wp-content\/uploads\/sites\/60\/2025\/08\/28JUL25-SEDECO-FERIA-DEL-MEZCAL3-1024x768-1.jpeg 1024w, https:\/\/www.oaxaca.gob.mx\/sedeco\/wp-content\/uploads\/sites\/60\/2025\/08\/28JUL25-SEDECO-FERIA-DEL-MEZCAL3-1024x768-1-300x225.jpeg 300w, https:\/\/www.oaxaca.gob.mx\/sedeco\/wp-content\/uploads\/sites\/60\/2025\/08\/28JUL25-SEDECO-FERIA-DEL-MEZCAL3-1024x768-1-768x576.jpeg 768w\" sizes=\"auto, (max-width: 1024px) 100vw, 1024px\" \/><\/div><\/div><div class=\"su-image-carousel-item\"><div class=\"su-image-carousel-item-content\"><img loading=\"lazy\" decoding=\"async\" width=\"1024\" height=\"768\" src=\"https:\/\/www.oaxaca.gob.mx\/sedeco\/wp-content\/uploads\/sites\/60\/2025\/08\/28JUL25-SEDECO-FERIA-DEL-MEZCAL4-1024x768-1.jpeg\" class=\"\" alt=\"\" srcset=\"https:\/\/www.oaxaca.gob.mx\/sedeco\/wp-content\/uploads\/sites\/60\/2025\/08\/28JUL25-SEDECO-FERIA-DEL-MEZCAL4-1024x768-1.jpeg 1024w, https:\/\/www.oaxaca.gob.mx\/sedeco\/wp-content\/uploads\/sites\/60\/2025\/08\/28JUL25-SEDECO-FERIA-DEL-MEZCAL4-1024x768-1-300x225.jpeg 300w, https:\/\/www.oaxaca.gob.mx\/sedeco\/wp-content\/uploads\/sites\/60\/2025\/08\/28JUL25-SEDECO-FERIA-DEL-MEZCAL4-1024x768-1-768x576.jpeg 768w\" sizes=\"auto, (max-width: 1024px) 100vw, 1024px\" \/><\/div><\/div><\/div><script id=\"su_image_carousel_69f23dc04e550_script\">if(window.SUImageCarousel){setTimeout(function() {window.SUImageCarousel.initGallery(document.getElementById(\"su_image_carousel_69f23dc04e550\"))}, 0);}var su_image_carousel_69f23dc04e550_script=document.getElementById(\"su_image_carousel_69f23dc04e550_script\");if(su_image_carousel_69f23dc04e550_script){su_image_carousel_69f23dc04e550_script.parentNode.removeChild(su_image_carousel_69f23dc04e550_script);}<\/script>\n","protected":false},"excerpt":{"rendered":"<p>Santa Luc\u00eda del Camino, Oax. 28 de julio de 2025.- La Secretar\u00eda de Desarrollo Econ\u00f3mico de Oaxaca (Sedeco) inform\u00f3 que la Feria del Mezcal 2025 alcanz\u00f3 un nuevo r\u00e9cord de asistencia este domingo 27 de julio, al registrar la presencia de 17 mil 385 visitantes en un solo d\u00eda. Esta cifra hist\u00f3rica reafirma el posicionamiento [&hellip;]<\/p>\n","protected":false},"author":66,"featured_media":23761,"comment_status":"open","ping_status":"open","sticky":false,"template":"","format":"standard","meta":{"episode_type":"","audio_file":"","podmotor_file_id":"","podmotor_episode_id":"","cover_image":"","cover_image_id":"","duration":"","filesize":"","filesize_raw":"","date_recorded":"","explicit":"","block":"","itunes_episode_number":"","itunes_title":"","itunes_season_number":"","itunes_episode_type":"","footnotes":""},"categories":[38],"tags":[],"class_list":["post-23759","post","type-post","status-publish","format-standard","has-post-thumbnail","hentry","category-boletines"],"acf":[],"publishpress_future_action":{"enabled":false,"date":"2026-04-29 23:20:00","action":"change-status","newStatus":"draft","terms":[],"taxonomy":"category","extraData":[]},"publishpress_future_workflow_manual_trigger":{"enabledWorkflows":[]},"_links":{"self":[{"href":"https:\/\/www.oaxaca.gob.mx\/sedeco\/wp-json\/wp\/v2\/posts\/23759","targetHints":{"allow":["GET"]}}],"collection":[{"href":"https:\/\/www.oaxaca.gob.mx\/sedeco\/wp-json\/wp\/v2\/posts"}],"about":[{"href":"https:\/\/www.oaxaca.gob.mx\/sedeco\/wp-json\/wp\/v2\/types\/post"}],"author":[{"embeddable":true,"href":"https:\/\/www.oaxaca.gob.mx\/sedeco\/wp-json\/wp\/v2\/users\/66"}],"replies":[{"embeddable":true,"href":"https:\/\/www.oaxaca.gob.mx\/sedeco\/wp-json\/wp\/v2\/comments?post=23759"}],"version-history":[{"count":1,"href":"https:\/\/www.oaxaca.gob.mx\/sedeco\/wp-json\/wp\/v2\/posts\/23759\/revisions"}],"predecessor-version":[{"id":23764,"href":"https:\/\/www.oaxaca.gob.mx\/sedeco\/wp-json\/wp\/v2\/posts\/23759\/revisions\/23764"}],"wp:featuredmedia":[{"embeddable":true,"href":"https:\/\/www.oaxaca.gob.mx\/sedeco\/wp-json\/wp\/v2\/media\/23761"}],"wp:attachment":[{"href":"https:\/\/www.oaxaca.gob.mx\/sedeco\/wp-json\/wp\/v2\/media?parent=23759"}],"wp:term":[{"taxonomy":"category","embeddable":true,"href":"https:\/\/www.oaxaca.gob.mx\/sedeco\/wp-json\/wp\/v2\/categories?post=23759"},{"taxonomy":"post_tag","embeddable":true,"href":"https:\/\/www.oaxaca.gob.mx\/sedeco\/wp-json\/wp\/v2\/tags?post=23759"}],"curies":[{"name":"wp","href":"https:\/\/api.w.org\/{rel}","templated":true}]}}