{"id":19871,"date":"2024-06-12T13:42:32","date_gmt":"2024-06-12T19:42:32","guid":{"rendered":"https:\/\/www.oaxaca.gob.mx\/sedeco\/?p=19871"},"modified":"2024-06-12T16:44:56","modified_gmt":"2024-06-12T22:44:56","slug":"19871-2","status":"publish","type":"post","link":"https:\/\/www.oaxaca.gob.mx\/sedeco\/jornadas-de-la-mano","title":{"rendered":"JORNADAS \u201cDE LA MANO CON TU NEGOCIO\u201d LLEGA A OAXACA"},"content":{"rendered":"<div class=\"row\">\n<div class=\"col-md-8\">\n<p><strong>Ciudad de M\u00e9xico, 12 de junio de 2024.- <\/strong>La Secretar\u00eda de Econom\u00eda y el Gobierno del Estado de Oaxaca invitan a personas productoras agroindustriales, empresarias y prestadoras de servicios para participar en las jornadas \u201cDe la mano con tu negocio\u201d, donde se podr\u00e1n realizar tr\u00e1mites y recibir capacitaci\u00f3n para crear o fortalecer negocios, se impartir\u00e1n talleres y mesas de vinculaci\u00f3n para formar parte de las cadenas regionales de proveedur\u00eda y valor, as\u00ed como conferencias e informaci\u00f3n sobre el desarrollo de habilidades financieras, digitales y comerciales.<\/p>\n<p>La jornada \u201cDe la mano con tu negocio\u201d est\u00e1 enfocada en cuatro l\u00edneas de trabajo: inclusi\u00f3n institucional, digital, financiera y comercial, que tienen como objetivos orientar y asesorar sobre c\u00f3mo iniciar o fortalecer un negocio; para lograr lo anterior, instituciones p\u00fablicas, privadas y empresas tractoras participar\u00e1n en las siguientes actividades:<\/p>\n<p>Stands de tr\u00e1mites: facilitar\u00e1n todo lo relacionado con su negocio en temas de constituci\u00f3n, financiamiento, exportaci\u00f3n y afiliaciones.<\/p>\n<p>Capacitaci\u00f3n: donde compartir\u00e1n informaci\u00f3n sobre soluciones digitales, financieras y comerciales para negocios.<\/p>\n<p>Vinculaci\u00f3n comercial: integrar a las Mipymes en las cadenas regionales de valor y de proveedur\u00eda, mediante citas de negocios presenciales con empresas compradoras.<\/p>\n<p>Entre las diversas actividades, se ofrecer\u00e1 una rueda de negocios con representantes de tiendas comerciales con alcance nacional para expender sus productos en anaquel, adem\u00e1s recibir\u00e1n capacitaciones de compa\u00f1\u00edas como Amazon y Meta.<\/p>\n<p>La cita son los pr\u00f3ximos 27 y 28 de junio de 09:00 a 16:00 horas, en el en el Centro Cultural y de Convenciones de Oaxaca (CCCO), ubicado en: avenida L\u00e1zaro C\u00e1rdenas 1001, Santa Luc\u00eda del Camino, Oaxaca.<\/p>\n<pre><a href=\"https:\/\/www.economia.gob.mx\/jornadasmipymesoaxaca\/\"><strong>Para participar reg\u00edstrate en: https:\/\/www.economia.gob.mx\/jornadasmipymesoaxaca\/<\/strong><\/a><\/pre>\n<\/div>\n<div class=\"col-md-4\">\n<p><a href=\"https:\/\/www.economia.gob.mx\/jornadasmipymesoaxaca\/\"><img loading=\"lazy\" decoding=\"async\" class=\"alignnone wp-image-19879\" src=\"https:\/\/www.oaxaca.gob.mx\/sedeco\/wp-content\/uploads\/sites\/60\/2024\/06\/POST1-JORNADAS-DE-LA-MANO-SEDECO-819x1024.png\" alt=\"\" width=\"600\" height=\"750\" srcset=\"https:\/\/www.oaxaca.gob.mx\/sedeco\/wp-content\/uploads\/sites\/60\/2024\/06\/POST1-JORNADAS-DE-LA-MANO-SEDECO-819x1024.png 819w, https:\/\/www.oaxaca.gob.mx\/sedeco\/wp-content\/uploads\/sites\/60\/2024\/06\/POST1-JORNADAS-DE-LA-MANO-SEDECO-240x300.png 240w, https:\/\/www.oaxaca.gob.mx\/sedeco\/wp-content\/uploads\/sites\/60\/2024\/06\/POST1-JORNADAS-DE-LA-MANO-SEDECO-768x960.png 768w, https:\/\/www.oaxaca.gob.mx\/sedeco\/wp-content\/uploads\/sites\/60\/2024\/06\/POST1-JORNADAS-DE-LA-MANO-SEDECO.png 1080w\" sizes=\"auto, (max-width: 600px) 100vw, 600px\" \/><\/a><\/p>\n<\/div>\n<\/div>\n<p style=\"text-align: center\">-0-<\/p>\n","protected":false},"excerpt":{"rendered":"<p>Ciudad de M\u00e9xico, 12 de junio de 2024.- La Secretar\u00eda de Econom\u00eda y el Gobierno del Estado de Oaxaca invitan a personas productoras agroindustriales, empresarias y prestadoras de servicios para participar en las jornadas \u201cDe la mano con tu negocio\u201d, donde se podr\u00e1n realizar tr\u00e1mites y recibir capacitaci\u00f3n para crear o fortalecer negocios, se impartir\u00e1n [&hellip;]<\/p>\n","protected":false},"author":66,"featured_media":19872,"comment_status":"open","ping_status":"open","sticky":false,"template":"","format":"standard","meta":{"episode_type":"","audio_file":"","podmotor_file_id":"","podmotor_episode_id":"","cover_image":"","cover_image_id":"","duration":"","filesize":"","filesize_raw":"","date_recorded":"","explicit":"","block":"","itunes_episode_number":"","itunes_title":"","itunes_season_number":"","itunes_episode_type":"","footnotes":""},"categories":[3,1],"tags":[],"class_list":["post-19871","post","type-post","status-publish","format-standard","has-post-thumbnail","hentry","category-boletinescomunicacion-social","category-sin-categoria"],"acf":[],"publishpress_future_action":{"enabled":false,"date":"2026-04-28 23:17:28","action":"change-status","newStatus":"draft","terms":[],"taxonomy":"category","extraData":[]},"publishpress_future_workflow_manual_trigger":{"enabledWorkflows":[]},"_links":{"self":[{"href":"https:\/\/www.oaxaca.gob.mx\/sedeco\/wp-json\/wp\/v2\/posts\/19871","targetHints":{"allow":["GET"]}}],"collection":[{"href":"https:\/\/www.oaxaca.gob.mx\/sedeco\/wp-json\/wp\/v2\/posts"}],"about":[{"href":"https:\/\/www.oaxaca.gob.mx\/sedeco\/wp-json\/wp\/v2\/types\/post"}],"author":[{"embeddable":true,"href":"https:\/\/www.oaxaca.gob.mx\/sedeco\/wp-json\/wp\/v2\/users\/66"}],"replies":[{"embeddable":true,"href":"https:\/\/www.oaxaca.gob.mx\/sedeco\/wp-json\/wp\/v2\/comments?post=19871"}],"version-history":[{"count":2,"href":"https:\/\/www.oaxaca.gob.mx\/sedeco\/wp-json\/wp\/v2\/posts\/19871\/revisions"}],"predecessor-version":[{"id":19878,"href":"https:\/\/www.oaxaca.gob.mx\/sedeco\/wp-json\/wp\/v2\/posts\/19871\/revisions\/19878"}],"wp:featuredmedia":[{"embeddable":true,"href":"https:\/\/www.oaxaca.gob.mx\/sedeco\/wp-json\/wp\/v2\/media\/19872"}],"wp:attachment":[{"href":"https:\/\/www.oaxaca.gob.mx\/sedeco\/wp-json\/wp\/v2\/media?parent=19871"}],"wp:term":[{"taxonomy":"category","embeddable":true,"href":"https:\/\/www.oaxaca.gob.mx\/sedeco\/wp-json\/wp\/v2\/categories?post=19871"},{"taxonomy":"post_tag","embeddable":true,"href":"https:\/\/www.oaxaca.gob.mx\/sedeco\/wp-json\/wp\/v2\/tags?post=19871"}],"curies":[{"name":"wp","href":"https:\/\/api.w.org\/{rel}","templated":true}]}}