{"id":9490,"date":"2025-09-25T10:43:43","date_gmt":"2025-09-25T16:43:43","guid":{"rendered":"https:\/\/www.oaxaca.gob.mx\/sectur\/?p=9490"},"modified":"2025-09-25T10:50:31","modified_gmt":"2025-09-25T16:50:31","slug":"la-secretaria-de-turismo-del-estado-de-oaxaca-coadyuva-exclusivamente-en-la-difusion-y-promocion-de-la-presente-convocatoria","status":"publish","type":"post","link":"https:\/\/www.oaxaca.gob.mx\/sectur\/la-secretaria-de-turismo-del-estado-de-oaxaca-coadyuva-exclusivamente-en-la-difusion-y-promocion-de-la-presente-convocatoria\/","title":{"rendered":"La Secretar\u00eda de Turismo del Estado de Oaxaca, coadyuva exclusivamente en la difusi\u00f3n y promoci\u00f3n de la presente convocatoria"},"content":{"rendered":"<hr \/>\n<p>LA FUNDACI\u00d3N MIGUEL ALEM\u00c1N A. C. Convoca a participar en XXXV PREMIO A LA EXCELENCIA TUR\u00cdSTICA \u201cMIGUEL ALEM\u00c1N VALD\u00c9S\u201d EDICI\u00d3N 2026<\/p>\n<hr \/>\n<p>Este PREMIO se establece en 1989 para honrar con \u00e9l la memoria del Lic. Miguel Alem\u00e1n Vald\u00e9s en particular, por su ideario y acciones a favor del desarrollo del turismo, a partir del cual, hace figurar a M\u00e9xico en la constelaci\u00f3n tur\u00edstica mundial. El PREMIO tiene por objeto reconocer la excelencia como palanca para el desarrollo del turismo. En 2026, la Fundaci\u00f3n Miguel Alem\u00e1n, A. C., dedica el PREMIO a reconocer contribuciones y esfuerzos realizados por individuos, instituciones o empresas tendientes a favorecer la imagen tur\u00edstica de M\u00e9xico en el actual contexto global.<\/p>\n<p><a href=\"https:\/\/www.oaxaca.gob.mx\/sectur\/wp-content\/uploads\/sites\/65\/2025\/09\/CONVOCATORIA_MiguelAleman.pdf\">Descarga Convocatoria Aqu\u00ed<\/a><a href=\"https:\/\/www.oaxaca.gob.mx\/sectur\/wp-content\/uploads\/sites\/65\/2025\/09\/CONVOCATORIA_MiguelAleman.pdf\"> <img loading=\"lazy\" decoding=\"async\" class=\"wp-image-7624 alignleft\" src=\"https:\/\/www.oaxaca.gob.mx\/sectur\/wp-content\/uploads\/sites\/65\/2024\/10\/pdf-icon-150x150.png\" alt=\"\" width=\"45\" height=\"45\" srcset=\"https:\/\/www.oaxaca.gob.mx\/sectur\/wp-content\/uploads\/sites\/65\/2024\/10\/pdf-icon-150x150.png 150w, https:\/\/www.oaxaca.gob.mx\/sectur\/wp-content\/uploads\/sites\/65\/2024\/10\/pdf-icon-293x300.png 293w, https:\/\/www.oaxaca.gob.mx\/sectur\/wp-content\/uploads\/sites\/65\/2024\/10\/pdf-icon-768x785.png 768w, https:\/\/www.oaxaca.gob.mx\/sectur\/wp-content\/uploads\/sites\/65\/2024\/10\/pdf-icon.png 840w\" sizes=\"auto, (max-width: 45px) 100vw, 45px\" \/><\/a><\/p>\n","protected":false},"excerpt":{"rendered":"<p>LA FUNDACI\u00d3N MIGUEL ALEM\u00c1N A. C. Convoca a participar en XXXV PREMIO A LA EXCELENCIA TUR\u00cdSTICA \u201cMIGUEL ALEM\u00c1N VALD\u00c9S\u201d EDICI\u00d3N 2026<\/p>\n","protected":false},"author":71,"featured_media":9494,"comment_status":"open","ping_status":"open","sticky":false,"template":"","format":"standard","meta":{"episode_type":"","audio_file":"","podmotor_file_id":"","podmotor_episode_id":"","cover_image":"","cover_image_id":"","duration":"","filesize":"","filesize_raw":"","date_recorded":"","explicit":"","block":"","itunes_episode_number":"","itunes_title":"","itunes_season_number":"","itunes_episode_type":"","footnotes":""},"categories":[50,5,6],"tags":[],"class_list":["post-9490","post","type-post","status-publish","format-standard","has-post-thumbnail","hentry","category-convocatorias","category-destacado","category-slide"],"acf":[],"publishpress_future_action":{"enabled":false,"date":"2026-05-03 12:02:56","action":"change-status","newStatus":"draft","terms":[],"taxonomy":"category","extraData":[]},"publishpress_future_workflow_manual_trigger":{"enabledWorkflows":[]},"_links":{"self":[{"href":"https:\/\/www.oaxaca.gob.mx\/sectur\/wp-json\/wp\/v2\/posts\/9490","targetHints":{"allow":["GET"]}}],"collection":[{"href":"https:\/\/www.oaxaca.gob.mx\/sectur\/wp-json\/wp\/v2\/posts"}],"about":[{"href":"https:\/\/www.oaxaca.gob.mx\/sectur\/wp-json\/wp\/v2\/types\/post"}],"author":[{"embeddable":true,"href":"https:\/\/www.oaxaca.gob.mx\/sectur\/wp-json\/wp\/v2\/users\/71"}],"replies":[{"embeddable":true,"href":"https:\/\/www.oaxaca.gob.mx\/sectur\/wp-json\/wp\/v2\/comments?post=9490"}],"version-history":[{"count":2,"href":"https:\/\/www.oaxaca.gob.mx\/sectur\/wp-json\/wp\/v2\/posts\/9490\/revisions"}],"predecessor-version":[{"id":9499,"href":"https:\/\/www.oaxaca.gob.mx\/sectur\/wp-json\/wp\/v2\/posts\/9490\/revisions\/9499"}],"wp:featuredmedia":[{"embeddable":true,"href":"https:\/\/www.oaxaca.gob.mx\/sectur\/wp-json\/wp\/v2\/media\/9494"}],"wp:attachment":[{"href":"https:\/\/www.oaxaca.gob.mx\/sectur\/wp-json\/wp\/v2\/media?parent=9490"}],"wp:term":[{"taxonomy":"category","embeddable":true,"href":"https:\/\/www.oaxaca.gob.mx\/sectur\/wp-json\/wp\/v2\/categories?post=9490"},{"taxonomy":"post_tag","embeddable":true,"href":"https:\/\/www.oaxaca.gob.mx\/sectur\/wp-json\/wp\/v2\/tags?post=9490"}],"curies":[{"name":"wp","href":"https:\/\/api.w.org\/{rel}","templated":true}]}}