{"id":6887,"date":"2023-08-19T14:15:07","date_gmt":"2023-08-19T20:15:07","guid":{"rendered":"https:\/\/www.oaxaca.gob.mx\/sectur\/?p=6887"},"modified":"2023-08-21T11:31:23","modified_gmt":"2023-08-21T17:31:23","slug":"puerto-escondido-capital-del-surf-se-posiciona-como-destino-de-turismo-de-aventura-con-el-colorada-pro-2023","status":"publish","type":"post","link":"https:\/\/www.oaxaca.gob.mx\/sectur\/puerto-escondido-capital-del-surf-se-posiciona-como-destino-de-turismo-de-aventura-con-el-colorada-pro-2023\/","title":{"rendered":"Puerto Escondido, capital del surf, se posiciona como destino de turismo de aventura con el Colorada Pro 2023"},"content":{"rendered":"<p><strong>\u2022 Se inaugur\u00f3 la competencia que re\u00fane a 140 raiders de siete pa\u00edses que se enfrentan a las impresionantes olas de la playa Punta Colorada, en Puerto Escondido, San Pedro Mixtepec<\/strong><\/p>\n<p>Oaxaca de Ju\u00e1rez, Oax., 18 de agosto de 2023.- Oaxaca es el epicentro gastron\u00f3mico y el coraz\u00f3n cultural de M\u00e9xico y, con Puerto Escondido, la capital internacional del surf, precis\u00f3 la Secretar\u00eda de Turismo del Estado de Oaxaca (Sectur) Saymi Pineda Velasco al inaugurar el Bodyboard Colorada Pro 2023 que se realiza del 18 al 20 de agosto en la paradisiaca playa de Punta Colorada en Puerto Escondido, San Pedro Mixtepec.<\/p>\n<p>Destac\u00f3 que el Gobierno estatal da un impulso decidido a Puerto Escondido y la Sectur apoya los eventos deportivos que dan realce internacional a Oaxaca, sus destinos de playa y de las regiones para atraer m\u00e1s visitantes, aumentar la derrama econ\u00f3mica y mejorar los ingresos de las familias.<\/p>\n<p>Pineda Velasco destac\u00f3 que en este torneo participan 140 contendientes de siete pa\u00edses: Haw\u00e1i, Estados Unidos, Panam\u00e1, Chile, Per\u00fa, Aruba y M\u00e9xico, adem\u00e1s de una importante participaci\u00f3n de j\u00f3venes de la Costa oaxaque\u00f1a. Adem\u00e1s, se repartir\u00e1 una bolsa de 310 mil pesos en premios.<\/p>\n<p>Agradeci\u00f3 la coordinaci\u00f3n interinstitucional con las autoridades municipales para realizar esta competici\u00f3n que convoca a deportistas de talla internacional a llegar a la Costa de Oaxaca para disfrutar y competir.<\/p>\n<p>\u201cPonemos un grano de arena para promover este evento y reconocemos el trabajo del organizador, Gustavo Mendoza, porque con este tipo de torneos deportivos se coloca a Puerto Escondido como uno de los mejores destinos de aventura a nivel internacional\u201d, dijo.<\/p>\n<p>En la ceremonia inaugural, el presidente municipal de San Pedro Mixtepec Javier Cruz Jim\u00e9nez agradeci\u00f3 el apoyo de Pineda Velasco para la realizaci\u00f3n de este torneo y por apoyar las actividades deportivas en Puerto Escondido que permiten posicionarlo como el mejor destino del turismo de aventura del estado.<\/p>\n<p>Dijo que Punta Colorada es una de las mejores playas y cuenta las olas especiales para el bodyboard, por lo que se apoya con la premiaci\u00f3n a quienes resulten ganadores de las categor\u00edas Open Pro, TK y Women, y que re\u00fane a los mejores exponentes mundiales de esta disciplina y es una parada profesional del campeonato mundial.<\/p>\n<p>A su vez, Alfonso P\u00e9rez S\u00e1nchez, agente municipal de Puerto Escondido, recalc\u00f3 que es un evento de talla internacional que atrae a deportistas de todo el mundo y da realce a este destino, por lo que impulsa a mejorar los servicios, la infraestructura y servicios en los escenarios.<\/p>\n<p>Reconoci\u00f3 el gran trabajo de la administraci\u00f3n estatal porque se han hecho trabajos desde su llegada en apoyo decidido al turismo y a Puerto Escondido.<\/p>\n<p>La Sectur Oaxaca ha dado un apoyo decidido para el Colorada Pro, que es una parada del Tour Mundial APB (Asociaci\u00f3n de Profesionales de Bodyboard) con recursos por 300 mil pesos.<\/p>\n<p>Este torneo ha convocado a participantes internacionales como Andre Botha y Jeff Hubbards, este \u00faltimo tres veces campe\u00f3n y del Mundial de Haw\u00e1i; Dave Hubbards, quien ha sido cinco veces ganador, as\u00ed como Jacob Romero, Tristan Ray, Matias D\u00edaz, Gilber Sierra, entre otras personas.<\/p>\n<p>Desde Haw\u00e1i participar\u00e1n los campeones del Colorada Pro 2022 en las categor\u00edas Woman, Ayaka Suzuki Crilley y de Drokpnee, Mack Crilley.<\/p>\n<p>Tambi\u00e9n, competir\u00e1 la campeona nacional categor\u00eda Junior y nacional en Open Femenil, Tanae Navarrete y el ganador nacional y de Colorada en las categor\u00edas Pro y Amateur, Amurabi Silva.<\/p>\n<p>La econom\u00eda de las familias, prestadores de servicios, restaurantes y hoteles se ver\u00e1n beneficiadas con la derrama econ\u00f3mica por la visita de las y los atletas y de visitantes que arropan esta actividad.<\/p>\n\r\n<div class=\"gdgallery-gallery-container\" id=\"gdgallery-container-2\" data-id=\"2\">\r\n    \r\n<div id=\"gdgallery_container_2\" style=\"display:none;\" data-view=\"justified\">\r\n            <a href=\"\" target=\"_blank\">\r\n            <img decoding=\"async\" alt=\"Colorada Pro 2023 (2)\"\r\n                 data-type=\"image\"\r\n                 src=\"https:\/\/www.oaxaca.gob.mx\/sectur\/wp-content\/uploads\/sites\/65\/2023\/08\/Colorada-Pro-2023-2.jpeg\"\r\n                 data-image=\"https:\/\/www.oaxaca.gob.mx\/sectur\/wp-content\/uploads\/sites\/65\/2023\/08\/Colorada-Pro-2023-2.jpeg\"\r\n                 data-description=\"\"\r\n                                 style=\"display:block\">\r\n        <\/a>\r\n            <a href=\"\" target=\"_blank\">\r\n            <img decoding=\"async\" alt=\"Colorada Pro 2023 (3)\"\r\n                 data-type=\"image\"\r\n                 src=\"https:\/\/www.oaxaca.gob.mx\/sectur\/wp-content\/uploads\/sites\/65\/2023\/08\/Colorada-Pro-2023-3.jpeg\"\r\n                 data-image=\"https:\/\/www.oaxaca.gob.mx\/sectur\/wp-content\/uploads\/sites\/65\/2023\/08\/Colorada-Pro-2023-3.jpeg\"\r\n                 data-description=\"\"\r\n                                 style=\"display:block\">\r\n        <\/a>\r\n            <a href=\"\" target=\"_blank\">\r\n            <img decoding=\"async\" alt=\"Colorada Pro 2023 (4)\"\r\n                 data-type=\"image\"\r\n                 src=\"https:\/\/www.oaxaca.gob.mx\/sectur\/wp-content\/uploads\/sites\/65\/2023\/08\/Colorada-Pro-2023-4.jpeg\"\r\n                 data-image=\"https:\/\/www.oaxaca.gob.mx\/sectur\/wp-content\/uploads\/sites\/65\/2023\/08\/Colorada-Pro-2023-4.jpeg\"\r\n                 data-description=\"\"\r\n                                 style=\"display:block\">\r\n        <\/a>\r\n            <a href=\"\" target=\"_blank\">\r\n            <img decoding=\"async\" alt=\"Colorada Pro 2023 (5)\"\r\n                 data-type=\"image\"\r\n                 src=\"https:\/\/www.oaxaca.gob.mx\/sectur\/wp-content\/uploads\/sites\/65\/2023\/08\/Colorada-Pro-2023-5.jpeg\"\r\n                 data-image=\"https:\/\/www.oaxaca.gob.mx\/sectur\/wp-content\/uploads\/sites\/65\/2023\/08\/Colorada-Pro-2023-5.jpeg\"\r\n                 data-description=\"\"\r\n                                 style=\"display:block\">\r\n        <\/a>\r\n            <a href=\"\" target=\"_blank\">\r\n            <img decoding=\"async\" alt=\"Colorada Pro 2023 (6)\"\r\n                 data-type=\"image\"\r\n                 src=\"https:\/\/www.oaxaca.gob.mx\/sectur\/wp-content\/uploads\/sites\/65\/2023\/08\/Colorada-Pro-2023-6.jpeg\"\r\n                 data-image=\"https:\/\/www.oaxaca.gob.mx\/sectur\/wp-content\/uploads\/sites\/65\/2023\/08\/Colorada-Pro-2023-6.jpeg\"\r\n                 data-description=\"\"\r\n                                 style=\"display:block\">\r\n        <\/a>\r\n            <a href=\"\" target=\"_blank\">\r\n            <img decoding=\"async\" alt=\"Colorada Pro 2023 (7)\"\r\n                 data-type=\"image\"\r\n                 src=\"https:\/\/www.oaxaca.gob.mx\/sectur\/wp-content\/uploads\/sites\/65\/2023\/08\/Colorada-Pro-2023-7.jpeg\"\r\n                 data-image=\"https:\/\/www.oaxaca.gob.mx\/sectur\/wp-content\/uploads\/sites\/65\/2023\/08\/Colorada-Pro-2023-7.jpeg\"\r\n                 data-description=\"\"\r\n                                 style=\"display:block\">\r\n        <\/a>\r\n            <a href=\"\" target=\"_blank\">\r\n            <img decoding=\"async\" alt=\"Colorada Pro 2023\"\r\n                 data-type=\"image\"\r\n                 src=\"https:\/\/www.oaxaca.gob.mx\/sectur\/wp-content\/uploads\/sites\/65\/2023\/08\/Colorada-Pro-2023.jpeg\"\r\n                 data-image=\"https:\/\/www.oaxaca.gob.mx\/sectur\/wp-content\/uploads\/sites\/65\/2023\/08\/Colorada-Pro-2023.jpeg\"\r\n                 data-description=\"\"\r\n                                 style=\"display:block\">\r\n        <\/a>\r\n    <\/div>\r\n\r\n\r\n\r\n<script type=\"text\/javascript\">\r\n\r\n\r\n    (function() {\r\n        var runMyCode = function() {\r\n            jQuery(document).ready(function () {\r\n                var container = jQuery(\"#gdgallery_container_2\");\r\n                container.unitegallery({\"gallery_theme\":\"justified\",\"tiles_type\":\"justified\",\"tiles_justified_space_between\":10,\"tile_enable_textpanel\":true,\"tile_textpanel_always_on\":true,\"tile_textpanel_title_text_align\":\"center\",\"tile_textpanel_title_font_size\":\"16\",\"tile_textpanel_title_color\":\"#FFFFFF\",\"tile_textpanel_bg_color\":\"#333333\",\"tile_textpanel_bg_opacity\":0.7,\"tile_enable_border\":true,\"tile_border_width\":\"0\",\"tile_border_color\":\"#333333\",\"tile_border_radius\":\"0\",\"tile_enable_overlay\":true,\"tile_enable_image_effect\":true,\"tile_image_effect_type\":\"blur\",\"tile_image_effect_reverse\":true,\"tile_enable_shadow\":false,\"tile_as_link\":false,\"tile_enable_icons\":true,\"tile_show_link_icon\":true,\"tile_textpanel_appear_type\":\"slide\",\"tile_textpanel_position\":\"inside_bottom\",\"tile_link_newpage\":true,\"lightbox_type\":\"wide\",\"lightbox_arrows_offset\":0,\"lightbox_overlay_color\":\"#000000\",\"lightbox_overlay_opacity\":1,\"lightbox_top_panel_opacity\":1,\"lightbox_show_numbers\":true,\"lightbox_numbers_size\":\"15\",\"lightbox_numbers_color\":\"#FFFFFF\",\"lightbox_slider_image_border_width\":\"0\",\"lightbox_slider_image_border_color\":\"#FFFFFF\",\"lightbox_slider_image_border_radius\":0,\"lightbox_slider_image_shadow\":true,\"lightbox_slider_control_swipe\":true,\"lightbox_slider_control_zoom\":true,\"lightbox_slider_image_border\":true,\"lightbox_show_textpanel\":true,\"lightbox_textpanel_enable_title\":true,\"lightbox_textpanel_enable_description\":false,\"lightbox_textpanel_padding_top\":5,\"lightbox_textpanel_padding_bottom\":5,\"lightbox_textpanel_padding_right\":5,\"lightbox_textpanel_padding_left\":5,\"lightbox_textpanel_title_color\":\"#FFFFFF\",\"lightbox_textpanel_title_text_align\":\"center\",\"lightbox_textpanel_title_font_size\":\"16\",\"lightbox_textpanel_desc_color\":\"#FFFFFF\",\"lightbox_textpanel_desc_text_align\":\"center\",\"lightbox_textpanel_desc_font_size\":\"14\"});\r\n            });\r\n        };\r\n        var timer = function() {\r\n            if (window.jQuery) {runMyCode(window.jQuery);}\r\n            else {window.setTimeout(timer, 100);}\r\n        };\r\n        timer();\r\n    })();\r\n<\/script><style>\r\n#gdgallery-container-2 {\r\n   text-align: center}\r\n\r\n.gdgallery-pagination-2{\r\ntext-align: center !important;\r\n}\r\n\r\n.gdgallery-pagination-2 a{\r\n    font-size: 15px !important;\r\n    padding: 8px 13px !important;\r\n    margin: 3px !important;\r\n    border: 1px solid #333333 !important;\r\n    border-radius: 0px !important;\r\n    color: #333333 !important;\r\n    background-color: #FFFFFF !important;\r\n    font-family: monospace !important;\r\n}\r\n\r\n.gdgallery-pagination-2 a:hover, .gdgallery-pagination-2 a.gdgallery-pagination-icon-active{\r\n    color: #FFFFFF !important;\r\n    background-color: #333333 !important;\r\n    border-color: #333333 !important;\r\n}\r\n\r\n#gdgallery-container-2 .gdgallery_load_more_space{\r\n    margin-top: 20px !important;\r\n    text-align: center !important;\r\n}\r\n\r\n#gdgallery-container-2 .gdgallery_load_more_space button{\r\n                      padding: 8px 13px !important;\r\n    font-size: 15px !important;\r\n    background-color: #333333 !important;\r\n    color: #FFFFFF !important;\r\n    border:1px solid #333333 !important;\r\n                      border-radius: 0px !important;\r\n                      font-family: monospace !important;\r\n                  }\r\n#gdgallery-container-2 .gdgallery_load_more_space button:hover{\r\n                      background-color: #FFFFFF !important;\r\n                      color: #333333 !important;\r\n                      border-color: #333333 !important;\r\n                  }\r\n\r\n#gdgallery-container-2 .gdgallery_load_more_space button,\r\n#gdgallery-container-2 .gdgallery_load_more_space button:hover,\r\n#gdgallery-container-2 .gdgallery_load_more_space button:active,\r\n#gdgallery-container-2 .gdgallery_load_more_space button:focus{\r\n    outline: none !important;\r\n}\r\n\r\n\r\n#gdgallery-container-2 .gdgallery_loading li{\r\n                      border: 3px solid #333333 !important;\r\n                  }\r\n\r\n.ug-lightbox .ug-lightbox-top-panel-overlay{\r\n    background-color: #000000 !important;\r\n}\r\n\r\n\r\n                  #gdgallery_container_2{}\r\n<\/style>\r\n\r\n\r\n\r\n<\/div>\r\n\r\n\r\n\r\n\r\n\r\n\n","protected":false},"excerpt":{"rendered":"<p>\u2022 Se inaugur\u00f3 la competencia que re\u00fane a 140 raiders de siete pa\u00edses que se enfrentan a las impresionantes olas de la playa Punta Colorada, en Puerto Escondido, San Pedro Mixtepec Oaxaca de Ju\u00e1rez, Oax., 18 de agosto de 2023.- Oaxaca es el epicentro gastron\u00f3mico y el coraz\u00f3n cultural de M\u00e9xico y, con Puerto Escondido, [&hellip;]<\/p>\n","protected":false},"author":71,"featured_media":6889,"comment_status":"open","ping_status":"open","sticky":false,"template":"","format":"standard","meta":{"episode_type":"","audio_file":"","podmotor_file_id":"","podmotor_episode_id":"","cover_image":"","cover_image_id":"","duration":"","filesize":"","filesize_raw":"","date_recorded":"","explicit":"","block":"","itunes_episode_number":"","itunes_title":"","itunes_season_number":"","itunes_episode_type":"","footnotes":""},"categories":[2,5,6,7],"tags":[49],"class_list":["post-6887","post","type-post","status-publish","format-standard","has-post-thumbnail","hentry","category-boletines","category-destacado","category-slide","category-noticias","tag-puerto-escondido"],"acf":[],"publishpress_future_action":{"enabled":false,"date":"2026-05-04 12:51:09","action":"change-status","newStatus":"draft","terms":[],"taxonomy":"category","extraData":[]},"publishpress_future_workflow_manual_trigger":{"enabledWorkflows":[]},"_links":{"self":[{"href":"https:\/\/www.oaxaca.gob.mx\/sectur\/wp-json\/wp\/v2\/posts\/6887","targetHints":{"allow":["GET"]}}],"collection":[{"href":"https:\/\/www.oaxaca.gob.mx\/sectur\/wp-json\/wp\/v2\/posts"}],"about":[{"href":"https:\/\/www.oaxaca.gob.mx\/sectur\/wp-json\/wp\/v2\/types\/post"}],"author":[{"embeddable":true,"href":"https:\/\/www.oaxaca.gob.mx\/sectur\/wp-json\/wp\/v2\/users\/71"}],"replies":[{"embeddable":true,"href":"https:\/\/www.oaxaca.gob.mx\/sectur\/wp-json\/wp\/v2\/comments?post=6887"}],"version-history":[{"count":4,"href":"https:\/\/www.oaxaca.gob.mx\/sectur\/wp-json\/wp\/v2\/posts\/6887\/revisions"}],"predecessor-version":[{"id":6907,"href":"https:\/\/www.oaxaca.gob.mx\/sectur\/wp-json\/wp\/v2\/posts\/6887\/revisions\/6907"}],"wp:featuredmedia":[{"embeddable":true,"href":"https:\/\/www.oaxaca.gob.mx\/sectur\/wp-json\/wp\/v2\/media\/6889"}],"wp:attachment":[{"href":"https:\/\/www.oaxaca.gob.mx\/sectur\/wp-json\/wp\/v2\/media?parent=6887"}],"wp:term":[{"taxonomy":"category","embeddable":true,"href":"https:\/\/www.oaxaca.gob.mx\/sectur\/wp-json\/wp\/v2\/categories?post=6887"},{"taxonomy":"post_tag","embeddable":true,"href":"https:\/\/www.oaxaca.gob.mx\/sectur\/wp-json\/wp\/v2\/tags?post=6887"}],"curies":[{"name":"wp","href":"https:\/\/api.w.org\/{rel}","templated":true}]}}