{"id":3784,"date":"2019-02-06T11:52:17","date_gmt":"2019-02-06T17:52:17","guid":{"rendered":"https:\/\/www.oaxaca.gob.mx\/sectur\/?p=3784"},"modified":"2019-02-06T11:52:17","modified_gmt":"2019-02-06T17:52:17","slug":"celebrara-capulalpam-de-mendez-11-aniversario-como-pueblo-magico","status":"publish","type":"post","link":"https:\/\/www.oaxaca.gob.mx\/sectur\/celebrara-capulalpam-de-mendez-11-aniversario-como-pueblo-magico\/","title":{"rendered":"Celebrar\u00e1 Capul\u00e1lpam de M\u00e9ndez 11 aniversario como Pueblo M\u00e1gico"},"content":{"rendered":"<ul>\n<li>En este marco se realizar\u00e1 el certamen Se\u00f1orita Pueblo M\u00e1gico, bailes tradicionales y una Expo Feria Artesanal<\/li>\n<\/ul>\n<p>Oaxaca de Ju\u00e1rez, Oax. 6 de febrero de 2019. Capul\u00e1lpam de M\u00e9ndez celebrar\u00e1 en este mes de febrero, 11 a\u00f1os de haber recibido el nombramiento de Pueblo M\u00e1gico, denominaci\u00f3n que reconoce a las poblaciones que permanecen en el imaginario colectivo del pa\u00eds, que preservan su riqueza cultural, natural y sus atributos simb\u00f3licos, hechos trascendentales, cotidianidad, historia y leyendas.<\/p>\n<p>La Secretar\u00eda de Turismo del Gobierno del Estado (Sectur Oaxaca), invita a formar parte de esta celebraci\u00f3n y disfrutar de las actividades programadas en esta localidad de la Sierra Norte.<\/p>\n<p>El regidor de Turismo del municipio de Capul\u00e1lpam de M\u00e9ndez, Miguel Bautista Ram\u00edrez, dio a conocer que en el marco de este festejo, el s\u00e1bado 9 de febrero, a las 18:00 horas, se realizar\u00e1 el certamen Se\u00f1orita Pueblo M\u00e1gico en el que se elegir\u00e1 a la joven que m\u00e1s conozca aspectos sobre las tradiciones, usos y costumbres.<\/p>\n<p>Posteriormente se llevar\u00e1 a cabo el tradicional baile de compadres en el cual el Presidente Municipal y la Se\u00f1orita Pueblo M\u00e1gico desempe\u00f1ar\u00e1n el papel de compadre y comadre, respectivamente. En esta actividad que estar\u00e1 amenizada por la banda de m\u00fasica del pueblo y en la que tradicionalmente participa toda la poblaci\u00f3n, se contempla que finalic\u00e9 a las 3:00 de la ma\u00f1ana.<\/p>\n<p>El regidor municipal destac\u00f3 que los siguientes d\u00edas habr\u00e1 actividades deportivas y relacionadas con la producci\u00f3n agr\u00edcola de la poblaci\u00f3n. El d\u00eda 22 de febrero, las y los habitantes realizar\u00e1n tequio.<\/p>\n<p>El s\u00e1bado 23, a las&nbsp; 10:00 horas, el festejo por el 11 aniversario de la distinci\u00f3n de Pueblo M\u00e1gico iniciar\u00e1 con la inauguraci\u00f3n de una Expo Feria Artesanal, en donde las personas podr\u00e1n adquirir bebidas ancestrales como el mezcal, tepache, pulque y aguardiente; artesan\u00edas de pueblos circunvecinos, ropa t\u00edpica y calzado artesanal.<\/p>\n<p>Tambi\u00e9n habr\u00e1 audiciones de m\u00fasica, demostraci\u00f3n del juego de trompo y seco; concurso de papalote, una calenda floral y un baile tradicional.<\/p>\n<p>El domingo 24 de febrero se celebrar\u00e1 una misa de aniversario, audiciones de m\u00fasica y bailes aut\u00f3ctonos de la Sierra Ju\u00e1rez.<\/p>\n<p>Bautista Ram\u00edrez agreg\u00f3 que adem\u00e1s de la conmemoraci\u00f3n de este nombramiento, el objetivo es acrecentar la afluencia tur\u00edstica en Capul\u00e1lpam de M\u00e9ndez, que a\u00f1o con a\u00f1o resulta positiva.<\/p>\n<p>Finalmente apunt\u00f3 que el Pueblo M\u00e1gico de Capul\u00e1lpam de M\u00e9ndez est\u00e1 listo para recibir a visitantes locales, nacionales y extranjeros, toda vez que es una poblaci\u00f3n segura, en la que las personas pueden descubrir la belleza natural del lugar, su riqueza arquitect\u00f3nica y hacer ecoturismo.<\/p>\n","protected":false},"excerpt":{"rendered":"<p>En este marco se realizar\u00e1 el certamen Se\u00f1orita Pueblo M\u00e1gico, bailes tradicionales y una Expo Feria Artesanal Oaxaca de Ju\u00e1rez, Oax. 6 de febrero de 2019. Capul\u00e1lpam de M\u00e9ndez celebrar\u00e1 en este mes de febrero, 11 a\u00f1os de haber recibido el nombramiento de Pueblo M\u00e1gico, denominaci\u00f3n que reconoce a las poblaciones que permanecen en el [&hellip;]<\/p>\n","protected":false},"author":1,"featured_media":3789,"comment_status":"open","ping_status":"open","sticky":false,"template":"","format":"standard","meta":{"episode_type":"","audio_file":"","podmotor_file_id":"","podmotor_episode_id":"","cover_image":"","cover_image_id":"","duration":"","filesize":"","filesize_raw":"","date_recorded":"","explicit":"","block":"","itunes_episode_number":"","itunes_title":"","itunes_season_number":"","itunes_episode_type":"","footnotes":""},"categories":[2],"tags":[],"class_list":["post-3784","post","type-post","status-publish","format-standard","has-post-thumbnail","hentry","category-boletines"],"acf":[],"publishpress_future_action":{"enabled":false,"date":"2026-05-10 10:23:40","action":"change-status","newStatus":"draft","terms":[],"taxonomy":"category","extraData":[]},"publishpress_future_workflow_manual_trigger":{"enabledWorkflows":[]},"_links":{"self":[{"href":"https:\/\/www.oaxaca.gob.mx\/sectur\/wp-json\/wp\/v2\/posts\/3784","targetHints":{"allow":["GET"]}}],"collection":[{"href":"https:\/\/www.oaxaca.gob.mx\/sectur\/wp-json\/wp\/v2\/posts"}],"about":[{"href":"https:\/\/www.oaxaca.gob.mx\/sectur\/wp-json\/wp\/v2\/types\/post"}],"author":[{"embeddable":true,"href":"https:\/\/www.oaxaca.gob.mx\/sectur\/wp-json\/wp\/v2\/users\/1"}],"replies":[{"embeddable":true,"href":"https:\/\/www.oaxaca.gob.mx\/sectur\/wp-json\/wp\/v2\/comments?post=3784"}],"version-history":[{"count":0,"href":"https:\/\/www.oaxaca.gob.mx\/sectur\/wp-json\/wp\/v2\/posts\/3784\/revisions"}],"wp:featuredmedia":[{"embeddable":true,"href":"https:\/\/www.oaxaca.gob.mx\/sectur\/wp-json\/wp\/v2\/media\/3789"}],"wp:attachment":[{"href":"https:\/\/www.oaxaca.gob.mx\/sectur\/wp-json\/wp\/v2\/media?parent=3784"}],"wp:term":[{"taxonomy":"category","embeddable":true,"href":"https:\/\/www.oaxaca.gob.mx\/sectur\/wp-json\/wp\/v2\/categories?post=3784"},{"taxonomy":"post_tag","embeddable":true,"href":"https:\/\/www.oaxaca.gob.mx\/sectur\/wp-json\/wp\/v2\/tags?post=3784"}],"curies":[{"name":"wp","href":"https:\/\/api.w.org\/{rel}","templated":true}]}}