{"id":3452,"date":"2018-12-10T12:50:35","date_gmt":"2018-12-10T18:50:35","guid":{"rendered":"https:\/\/www.oaxaca.gob.mx\/sectur\/?p=3452"},"modified":"2018-12-10T12:50:35","modified_gmt":"2018-12-10T18:50:35","slug":"celebra-teotitlan-del-valle-fiestas-decembrinas-con-expo-venta-de-tapetes-de-lana","status":"publish","type":"post","link":"https:\/\/www.oaxaca.gob.mx\/sectur\/celebra-teotitlan-del-valle-fiestas-decembrinas-con-expo-venta-de-tapetes-de-lana\/","title":{"rendered":"Celebra Teotitl\u00e1n del Valle fiestas decembrinas con Expo Venta de Tapetes de Lana"},"content":{"rendered":"<ul>\n<li>Adem\u00e1s de tapetes, artesanos y artesanas comercializar\u00e1n productos como cortinas, cojines, jorongos, bolsas, entre otros.<\/li>\n<\/ul>\n<p><strong>Oaxaca de Ju\u00e1rez, Oax. 10 de diciembre de 2018<\/strong>.- Del 14 de diciembre al 07 de enero del 2019, la poblaci\u00f3n de Teotitl\u00e1n del Valle en la regi\u00f3n de los Valles Centrales, llevar\u00e1 a cabo la Expo Venta de Tapetes de Lana, en el marco de las celebraciones del mes de diciembre.<\/p>\n<p>La Secretar\u00eda de Turismo del Gobierno del Estado de Oaxaca (Sectur Oaxaca), hace extensa la invitaci\u00f3n al turismo nacional y extranjero, as\u00ed como a oaxaque\u00f1as y oaxaque\u00f1os a conocer y admirar la riqueza artesanal de esta comunidad.<\/p>\n<p>La secretaria de la Mesa Directiva de Artesanos de la poblaci\u00f3n, Licha Gonz\u00e1lez Ruiz, inform\u00f3 que la expo venta se realizar\u00e1 en la explanada municipal, donde se ofertar\u00e1n los tradicionales tapetes y una gran variedad de art\u00edculos elaborados con lana como bolsas, monederos, lapiceras, ponchos, jorongos, cortinas y cojines.<\/p>\n<p>Destac\u00f3 que en la expo venta participar\u00e1n alrededor de 64 hombres y mujeres que se dedican a este oficio y que mostrar\u00e1n sus trabajos hechos en su totalidad a mano, proceso que se presentar\u00e1 a visitantes en un \u00e1rea de demostraci\u00f3n.<\/p>\n<p>Se mostrar\u00e1 c\u00f3mo se trabaja con lana natural, desde el lavado, c\u00f3mo se carda, se hila, se ti\u00f1e y se elaboran piezas con dise\u00f1os \u00fanicos que de acuerdo al tama\u00f1o, el o la artesana puede emplear desde varios d\u00edas hasta dos o m\u00e1s meses para su elaboraci\u00f3n.<\/p>\n<p>Gonz\u00e1lez Ruiz, destac\u00f3 que artesanos y artesanas colocar\u00e1n un nacimiento en el \u00e1rea de la expo venta e invit\u00f3 al turismo a conocer esta comunidad cuya principal actividad econ\u00f3mica es la elaboraci\u00f3n de artesan\u00edas de lana.<\/p>\n","protected":false},"excerpt":{"rendered":"<p>Adem\u00e1s de tapetes, artesanos y artesanas comercializar\u00e1n productos como cortinas, cojines, jorongos, bolsas, entre otros. Oaxaca de Ju\u00e1rez, Oax. 10 de diciembre de 2018.- Del 14 de diciembre al 07 de enero del 2019, la poblaci\u00f3n de Teotitl\u00e1n del Valle en la regi\u00f3n de los Valles Centrales, llevar\u00e1 a cabo la Expo Venta de Tapetes [&hellip;]<\/p>\n","protected":false},"author":1,"featured_media":0,"comment_status":"open","ping_status":"open","sticky":false,"template":"","format":"standard","meta":{"episode_type":"","audio_file":"","podmotor_file_id":"","podmotor_episode_id":"","cover_image":"","cover_image_id":"","duration":"","filesize":"","filesize_raw":"","date_recorded":"","explicit":"","block":"","itunes_episode_number":"","itunes_title":"","itunes_season_number":"","itunes_episode_type":"","footnotes":""},"categories":[2],"tags":[],"class_list":["post-3452","post","type-post","status-publish","format-standard","hentry","category-boletines"],"acf":[],"publishpress_future_action":{"enabled":false,"date":"2026-05-07 11:11:20","action":"change-status","newStatus":"draft","terms":[],"taxonomy":"category","extraData":[]},"publishpress_future_workflow_manual_trigger":{"enabledWorkflows":[]},"_links":{"self":[{"href":"https:\/\/www.oaxaca.gob.mx\/sectur\/wp-json\/wp\/v2\/posts\/3452","targetHints":{"allow":["GET"]}}],"collection":[{"href":"https:\/\/www.oaxaca.gob.mx\/sectur\/wp-json\/wp\/v2\/posts"}],"about":[{"href":"https:\/\/www.oaxaca.gob.mx\/sectur\/wp-json\/wp\/v2\/types\/post"}],"author":[{"embeddable":true,"href":"https:\/\/www.oaxaca.gob.mx\/sectur\/wp-json\/wp\/v2\/users\/1"}],"replies":[{"embeddable":true,"href":"https:\/\/www.oaxaca.gob.mx\/sectur\/wp-json\/wp\/v2\/comments?post=3452"}],"version-history":[{"count":0,"href":"https:\/\/www.oaxaca.gob.mx\/sectur\/wp-json\/wp\/v2\/posts\/3452\/revisions"}],"wp:attachment":[{"href":"https:\/\/www.oaxaca.gob.mx\/sectur\/wp-json\/wp\/v2\/media?parent=3452"}],"wp:term":[{"taxonomy":"category","embeddable":true,"href":"https:\/\/www.oaxaca.gob.mx\/sectur\/wp-json\/wp\/v2\/categories?post=3452"},{"taxonomy":"post_tag","embeddable":true,"href":"https:\/\/www.oaxaca.gob.mx\/sectur\/wp-json\/wp\/v2\/tags?post=3452"}],"curies":[{"name":"wp","href":"https:\/\/api.w.org\/{rel}","templated":true}]}}