{"id":7790,"date":"2023-02-06T16:28:08","date_gmt":"2023-02-06T22:28:08","guid":{"rendered":"https:\/\/www.oaxaca.gob.mx\/sebien\/?p=7790"},"modified":"2023-02-08T10:54:21","modified_gmt":"2023-02-08T16:54:21","slug":"coneval-y-la-cooperacion-alemana-reconocen-a-oaxaca-por-mejor-practica-a-nivel-nacional-en-la-categoria-rendicion-de-cuentas-transparencia-y-acceso-a-la-informacion","status":"publish","type":"post","link":"https:\/\/www.oaxaca.gob.mx\/sebienti\/fomenta-titular-de-sebienti%2C-laura-estrada-mauro%2C-el-habito-de-la-lectura-en-la-ninez-y-juventud-de-santa-catarina-minas","title":{"rendered":"Fomenta titular de SEBIENTI, Laura Estrada Mauro, el h\u00e1bito de la lectura en la ni\u00f1ez y juventud de Santa Catarina Minas"},"content":{"rendered":"<blockquote>\n<p style=\"text-align: center\"><strong>Durante el c\u00edrculo de lectura las ni\u00f1as, ni\u00f1os y adolescentes escucharon atentamente <\/strong><strong>la lectura de los libros: \u201cEl Monstruo de Colores\u201d, \u201cMozart\u201d y \u201cEl peque\u00f1o Mahatma Gandhi\u201d.<\/strong><\/p>\n<\/blockquote>\n<p>En el marco del programa de &amp;quot;Fomento a la Lectura&amp;quot; que el gobernador, Salom\u00f3n Jara Cruz, impulsa en el estado de Oaxaca, la titular de la Secretar\u00eda de Bienestar, Tequio e Inclusi\u00f3n (SEBIENTI), Dra. Laura Estrada Mauro, realiz\u00f3 en Santa Catarina Minas, un c\u00edrculo de lectura con las ni\u00f1as, ni\u00f1os y adolescentes con el prop\u00f3sito de<br \/>\nfomentar el h\u00e1bito de la lectura en la ni\u00f1ez y la juventud.<\/p>\n<p><img loading=\"lazy\" decoding=\"async\" class=\"size-medium wp-image-8352 alignright\" src=\"https:\/\/www.oaxaca.gob.mx\/sebienti\/wp-content\/uploads\/sites\/30\/2022\/06\/LECTURA-1-300x155.jpeg\" alt=\"\" width=\"300\" height=\"155\" srcset=\"https:\/\/www.oaxaca.gob.mx\/sebienti\/wp-content\/uploads\/sites\/30\/2022\/06\/LECTURA-1-300x155.jpeg 300w, https:\/\/www.oaxaca.gob.mx\/sebienti\/wp-content\/uploads\/sites\/30\/2022\/06\/LECTURA-1-1024x527.jpeg 1024w, https:\/\/www.oaxaca.gob.mx\/sebienti\/wp-content\/uploads\/sites\/30\/2022\/06\/LECTURA-1-768x396.jpeg 768w, https:\/\/www.oaxaca.gob.mx\/sebienti\/wp-content\/uploads\/sites\/30\/2022\/06\/LECTURA-1-1536x791.jpeg 1536w, https:\/\/www.oaxaca.gob.mx\/sebienti\/wp-content\/uploads\/sites\/30\/2022\/06\/LECTURA-1.jpeg 1600w\" sizes=\"auto, (max-width: 300px) 100vw, 300px\" \/><\/p>\n<p>En la explanada municipal, acompa\u00f1ados de sus madres y padres de familia, las y los peque\u00f1os escucharon atentamente la lectura que hizo la Dra. Laura Estrada Mauro de los libros: \u201cEl Monstruo de Colores\u201d, \u201cMozart\u201d y \u201cEl peque\u00f1o Mahatma Gandhi\u201d.<\/p>\n<p>\u201cPor instrucci\u00f3n de nuestro gobernador estamos realizando estos circulos de lectura en las diferentes comunidades de nuestro estado para sembrar en nuestras ni\u00f1as, ni\u00f1os y adolescentes el gusto por la lectura a trav\u00e9s de la cual tambi\u00e9n fomentamos la creatividad y fortalecemos su educaci\u00f3n\u201d, coment\u00f3 la Dra. Laura Estrada Mauro.<\/p>\n<p>Al respecto, el profesor de la Escuela Primaria \u201cNi\u00f1o Artillero\u201d, Arturo M\u00e9ndez, reconoci\u00f3 la iniciativa e inter\u00e9s del Gobierno del Estado y de la titular de la SEBIENTI, Laura Estrada, por acudir a su comunidad y leer personalmente los libros, al destacar que la lectura es la base de la formaci\u00f3n de las y los estudiantes.<\/p>\n<p><img loading=\"lazy\" decoding=\"async\" class=\"alignnone  wp-image-8353\" src=\"https:\/\/www.oaxaca.gob.mx\/sebienti\/wp-content\/uploads\/sites\/30\/2022\/06\/LECTURA-2-300x204.jpeg\" alt=\"\" width=\"304\" height=\"207\" srcset=\"https:\/\/www.oaxaca.gob.mx\/sebienti\/wp-content\/uploads\/sites\/30\/2022\/06\/LECTURA-2-300x204.jpeg 300w, https:\/\/www.oaxaca.gob.mx\/sebienti\/wp-content\/uploads\/sites\/30\/2022\/06\/LECTURA-2-1024x696.jpeg 1024w, https:\/\/www.oaxaca.gob.mx\/sebienti\/wp-content\/uploads\/sites\/30\/2022\/06\/LECTURA-2-768x522.jpeg 768w, https:\/\/www.oaxaca.gob.mx\/sebienti\/wp-content\/uploads\/sites\/30\/2022\/06\/LECTURA-2-1536x1044.jpeg 1536w, https:\/\/www.oaxaca.gob.mx\/sebienti\/wp-content\/uploads\/sites\/30\/2022\/06\/LECTURA-2.jpeg 1600w\" sizes=\"auto, (max-width: 304px) 100vw, 304px\" \/><img loading=\"lazy\" decoding=\"async\" class=\"alignnone  wp-image-8355\" src=\"https:\/\/www.oaxaca.gob.mx\/sebienti\/wp-content\/uploads\/sites\/30\/2022\/06\/LECTURA-5-300x197.jpeg\" alt=\"\" width=\"312\" height=\"205\" srcset=\"https:\/\/www.oaxaca.gob.mx\/sebienti\/wp-content\/uploads\/sites\/30\/2022\/06\/LECTURA-5-300x197.jpeg 300w, https:\/\/www.oaxaca.gob.mx\/sebienti\/wp-content\/uploads\/sites\/30\/2022\/06\/LECTURA-5-1024x671.jpeg 1024w, https:\/\/www.oaxaca.gob.mx\/sebienti\/wp-content\/uploads\/sites\/30\/2022\/06\/LECTURA-5-768x503.jpeg 768w, https:\/\/www.oaxaca.gob.mx\/sebienti\/wp-content\/uploads\/sites\/30\/2022\/06\/LECTURA-5-1536x1006.jpeg 1536w, https:\/\/www.oaxaca.gob.mx\/sebienti\/wp-content\/uploads\/sites\/30\/2022\/06\/LECTURA-5.jpeg 1600w\" sizes=\"auto, (max-width: 312px) 100vw, 312px\" \/><\/p>\n<p>Al t\u00e9rmino de la actividad, la secretaria Laura Estrada Mauro, agradeci\u00f3 el apoyo del presidente de Santa Catarina Minas, Nicol\u00e1s Cruz y la regidora de educaci\u00f3n, Brenda \u00c1ngeles Cerqueda, para hacer posible esta actividad que estar\u00e1 recorriendo las ocho regiones de Oaxaca.<\/p>\n<p>&nbsp;<\/p>\n","protected":false},"excerpt":{"rendered":"<p>Durante el c\u00edrculo de lectura las ni\u00f1as, ni\u00f1os y adolescentes escucharon atentamente la lectura de los libros: \u201cEl Monstruo de Colores\u201d, \u201cMozart\u201d y \u201cEl peque\u00f1o Mahatma Gandhi\u201d. En el marco del programa de &amp;quot;Fomento a la Lectura&amp;quot; que el gobernador, Salom\u00f3n Jara Cruz, impulsa en el estado de Oaxaca, la titular de la Secretar\u00eda de [&hellip;]<\/p>\n","protected":false},"author":31,"featured_media":0,"comment_status":"open","ping_status":"open","sticky":false,"template":"","format":"standard","meta":{"episode_type":"","audio_file":"","podmotor_file_id":"","podmotor_episode_id":"","cover_image":"","cover_image_id":"","duration":"","filesize":"","filesize_raw":"","date_recorded":"","explicit":"","block":"","itunes_episode_number":"","itunes_title":"","itunes_season_number":"","itunes_episode_type":"","footnotes":""},"categories":[2,13,14,15,16],"tags":[],"class_list":["post-7790","post","type-post","status-publish","format-standard","hentry","category-prensa","category-noticias","category-noticias-2","category-noticias-generales","category-noticias-relevantes"],"acf":[],"publishpress_future_action":{"enabled":false,"date":"2026-05-03 12:23:36","action":"change-status","newStatus":"draft","terms":[],"taxonomy":"category","extraData":[]},"publishpress_future_workflow_manual_trigger":{"enabledWorkflows":[]},"_links":{"self":[{"href":"https:\/\/www.oaxaca.gob.mx\/sebienti\/wp-json\/wp\/v2\/posts\/7790","targetHints":{"allow":["GET"]}}],"collection":[{"href":"https:\/\/www.oaxaca.gob.mx\/sebienti\/wp-json\/wp\/v2\/posts"}],"about":[{"href":"https:\/\/www.oaxaca.gob.mx\/sebienti\/wp-json\/wp\/v2\/types\/post"}],"author":[{"embeddable":true,"href":"https:\/\/www.oaxaca.gob.mx\/sebienti\/wp-json\/wp\/v2\/users\/31"}],"replies":[{"embeddable":true,"href":"https:\/\/www.oaxaca.gob.mx\/sebienti\/wp-json\/wp\/v2\/comments?post=7790"}],"version-history":[{"count":5,"href":"https:\/\/www.oaxaca.gob.mx\/sebienti\/wp-json\/wp\/v2\/posts\/7790\/revisions"}],"predecessor-version":[{"id":8356,"href":"https:\/\/www.oaxaca.gob.mx\/sebienti\/wp-json\/wp\/v2\/posts\/7790\/revisions\/8356"}],"wp:attachment":[{"href":"https:\/\/www.oaxaca.gob.mx\/sebienti\/wp-json\/wp\/v2\/media?parent=7790"}],"wp:term":[{"taxonomy":"category","embeddable":true,"href":"https:\/\/www.oaxaca.gob.mx\/sebienti\/wp-json\/wp\/v2\/categories?post=7790"},{"taxonomy":"post_tag","embeddable":true,"href":"https:\/\/www.oaxaca.gob.mx\/sebienti\/wp-json\/wp\/v2\/tags?post=7790"}],"curies":[{"name":"wp","href":"https:\/\/api.w.org\/{rel}","templated":true}]}}