{"id":13701,"date":"2026-03-23T14:59:36","date_gmt":"2026-03-23T20:59:36","guid":{"rendered":"https:\/\/www.oaxaca.gob.mx\/planeacion\/?p=13701"},"modified":"2026-04-15T11:19:40","modified_gmt":"2026-04-15T17:19:40","slug":"candidatos-comite-de-etica-2026","status":"publish","type":"post","link":"https:\/\/www.oaxaca.gob.mx\/planeacion\/candidatos-comite-de-etica-2026\/","title":{"rendered":"Candidatos Comit\u00e9 de \u00c9tica 2026"},"content":{"rendered":"<p>En cumplimiento a la convocatoria de fecha 23 de febrero del a\u00f1o en curso, se remite la lista oficial de candidaturas para las vocal\u00edas A, B, C, D, E y F, mismas que cumplieron con los requisitos establecidos en dicha convocatoria.<\/p>\n<p><strong>Registro de candidaturas<\/strong><\/p>\n\n<table id=\"tablepress-138\" class=\"tablepress tablepress-id-138 tbody-has-connected-cells\">\n<tbody class=\"row-striping row-hover\">\n<tr class=\"row-1\">\n\t<td rowspan=\"2\" class=\"column-1\">Vocal\u00eda A<\/td><td class=\"column-2\">Rub\u00ed Alejandra Bravo Silva, Directora Administrativa<\/td>\n<\/tr>\n<tr class=\"row-2\">\n\t<td class=\"column-2\"><span style=\"color:#0F1115\">Ana Karen Hern\u00e1ndez Huerta, Directora de Informaci\u00f3n del Territorio<\/span><\/td>\n<\/tr>\n<tr class=\"row-3\">\n\t<td rowspan=\"2\" class=\"column-1\">Vocal\u00eda B<\/td><td class=\"column-2\"><span style=\"color:#0F1115\">Yolanda Marlen Arcos V\u00e1zquez. Coordinadora T\u00e9cnica de la   Subdirecci\u00f3n General de Planeaci\u00f3n Integral.<\/span><\/td>\n<\/tr>\n<tr class=\"row-4\">\n\t<td class=\"column-2\"><span style=\"color:#0F1115\">Oscar Alan V\u00e1squez Guti\u00e9rrez, Coordinador T\u00e9cnico de la Subdirecci\u00f3n General de Participaci\u00f3n Social para la Planeaci\u00f3n<\/span><\/td>\n<\/tr>\n<tr class=\"row-5\">\n\t<td rowspan=\"2\" class=\"column-1\">Vocal\u00eda C<\/td><td class=\"column-2\"><span style=\"color:#0F1115\">Armando Mart\u00ednez Santiago, Jefe de M\u00f3dulo de Coordinaci\u00f3n para el Desarrollo de Ocotl\u00e1n.<\/span><\/td>\n<\/tr>\n<tr class=\"row-6\">\n\t<td class=\"column-2\"><span style=\"color:#0F1115\">Juan Carlos Hern\u00e1ndez Hern\u00e1ndez, Jefe de M\u00f3dulo de Coordinaci\u00f3n para el Desarrollo de Oaxaca de Ju\u00e1rez<\/span><\/td>\n<\/tr>\n<tr class=\"row-7\">\n\t<td rowspan=\"2\" class=\"column-1\">Vocal\u00eda D<\/td><td class=\"column-2\"><span style=\"color:#0F1115\">Gustavo Rafael Arroyo Avenda\u00f1o, Jefe del Departamento de Recursos Financieros.<\/span><\/td>\n<\/tr>\n<tr class=\"row-8\">\n\t<td class=\"column-2\"><span style=\"color:#0F1115\">Cecilia Ivon Cruz Aguilar, Jefa de Departamento de Recursos Materiales<\/span><\/td>\n<\/tr>\n<tr class=\"row-9\">\n\t<td rowspan=\"2\" class=\"column-1\">Vocal\u00eda E<\/td><td class=\"column-2\"><span style=\"color:#0F1115\">Iliana Gabriela Baz\u00e1n Morales, Jefe de oficina de la Direcci\u00f3n Juridica y Transparencia<\/span><\/td>\n<\/tr>\n<tr class=\"row-10\">\n\t<td class=\"column-2\"><span style=\"color:#0F1115\">Isa\u00ed Marcelino Mart\u00ednez Ram\u00edrez, personal operativo de la Direcci\u00f3n Administrativa<\/span><\/td>\n<\/tr>\n<tr class=\"row-11\">\n\t<td rowspan=\"2\" class=\"column-1\">Vocal\u00eda F<\/td><td class=\"column-2\"><span style=\"color:#0F1115\">Emmanuel Torralba Mart\u00ednez, jefe de oficina de la Direcci\u00f3n Juridica y Transparencia<\/span><\/td>\n<\/tr>\n<tr class=\"row-12\">\n\t<td class=\"column-2\">Laura P\u00e9rez Cruz, personal operativo de la Jefatura de Recursos Financieros<\/td>\n<\/tr>\n<\/tbody>\n<\/table>\n<!-- #tablepress-138 from cache -->\n<p>&nbsp;<\/p>\n<div class=\"row justify-content-center align-items-center\">\n<div class=\"col-md-12\">\n<\/div>\n<\/div>\n","protected":false},"excerpt":{"rendered":"<p>En cumplimiento a la convocatoria de fecha 23 de febrero del a\u00f1o en curso, se remite la lista oficial de candidaturas para las vocal\u00edas A, B, C, D, E y F, mismas que cumplieron con los requisitos establecidos en dicha convocatoria. Registro de candidaturas &nbsp;<\/p>\n","protected":false},"author":30,"featured_media":13719,"comment_status":"open","ping_status":"open","sticky":false,"template":"","format":"standard","meta":{"episode_type":"","audio_file":"","podmotor_file_id":"","podmotor_episode_id":"","cover_image":"","cover_image_id":"","duration":"","filesize":"","filesize_raw":"","date_recorded":"","explicit":"","block":"","itunes_episode_number":"","itunes_title":"","itunes_season_number":"","itunes_episode_type":"","footnotes":""},"categories":[1,7],"tags":[],"class_list":["post-13701","post","type-post","status-publish","format-standard","has-post-thumbnail","hentry","category-sin-categoria","category-ultimas_noticias"],"acf":[],"publishpress_future_action":{"enabled":false,"date":"2026-05-10 08:59:47","action":"change-status","newStatus":"draft","terms":[],"taxonomy":"category","extraData":[]},"publishpress_future_workflow_manual_trigger":{"enabledWorkflows":[]},"_links":{"self":[{"href":"https:\/\/www.oaxaca.gob.mx\/planeacion\/wp-json\/wp\/v2\/posts\/13701","targetHints":{"allow":["GET"]}}],"collection":[{"href":"https:\/\/www.oaxaca.gob.mx\/planeacion\/wp-json\/wp\/v2\/posts"}],"about":[{"href":"https:\/\/www.oaxaca.gob.mx\/planeacion\/wp-json\/wp\/v2\/types\/post"}],"author":[{"embeddable":true,"href":"https:\/\/www.oaxaca.gob.mx\/planeacion\/wp-json\/wp\/v2\/users\/30"}],"replies":[{"embeddable":true,"href":"https:\/\/www.oaxaca.gob.mx\/planeacion\/wp-json\/wp\/v2\/comments?post=13701"}],"version-history":[{"count":3,"href":"https:\/\/www.oaxaca.gob.mx\/planeacion\/wp-json\/wp\/v2\/posts\/13701\/revisions"}],"predecessor-version":[{"id":13720,"href":"https:\/\/www.oaxaca.gob.mx\/planeacion\/wp-json\/wp\/v2\/posts\/13701\/revisions\/13720"}],"wp:featuredmedia":[{"embeddable":true,"href":"https:\/\/www.oaxaca.gob.mx\/planeacion\/wp-json\/wp\/v2\/media\/13719"}],"wp:attachment":[{"href":"https:\/\/www.oaxaca.gob.mx\/planeacion\/wp-json\/wp\/v2\/media?parent=13701"}],"wp:term":[{"taxonomy":"category","embeddable":true,"href":"https:\/\/www.oaxaca.gob.mx\/planeacion\/wp-json\/wp\/v2\/categories?post=13701"},{"taxonomy":"post_tag","embeddable":true,"href":"https:\/\/www.oaxaca.gob.mx\/planeacion\/wp-json\/wp\/v2\/tags?post=13701"}],"curies":[{"name":"wp","href":"https:\/\/api.w.org\/{rel}","templated":true}]}}