{"id":198,"date":"2019-03-28T11:13:29","date_gmt":"2019-03-28T17:13:29","guid":{"rendered":"http:\/\/www.notarias.oaxaca.gob.mx\/?p=198"},"modified":"2023-09-15T13:02:45","modified_gmt":"2023-09-15T19:02:45","slug":"notarios-en-funciones-2","status":"publish","type":"post","link":"https:\/\/www.oaxaca.gob.mx\/notarias\/notarios-en-funciones-2\/","title":{"rendered":"Notarios en Fallecidos"},"content":{"rendered":"\n<table id=\"tablepress-42\" class=\"tablepress tablepress-id-42\">\n<thead>\n<tr class=\"row-1\">\n\t<th colspan=\"7\" class=\"column-1\"><strong>DIRECCI\u00d3N GENERAL DE NOTAR\u00cdAS Y ARCHIVO GENERAL DE NOTARIAS. -  LISTA DE NOTARIOS FALLECIDOS<\/strong><\/th>\n<\/tr>\n<\/thead>\n<tbody class=\"row-striping row-hover\">\n<tr class=\"row-2\">\n\t<td class=\"column-1\"><strong>No.<\/strong><\/td><td class=\"column-2\"><strong>NOTARIO<\/strong><\/td><td class=\"column-3\"><strong>N\u00ba DE LA NOTAR\u00cdA<\/strong><\/td><td class=\"column-4\"><strong>FECHA DE FALLECIMIENTO<\/strong><\/td><td class=\"column-5\"><strong>FECHA DE ACTA DE CIERRE DE PROTOCOLO<\/strong><\/td><td class=\"column-6\"><strong>FECHA DE EXP. DE LA PATENTE<\/strong><\/td><td class=\"column-7\"><strong>DISTRITO JUDICIAL<\/strong><\/td>\n<\/tr>\n<tr class=\"row-3\">\n\t<td class=\"column-1\">1<\/td><td class=\"column-2\"><strong>LIC. GUADALUPE F. MART\u00cdNEZ<\/strong><\/td><td class=\"column-3\"><strong>2<\/strong><\/td><td class=\"column-4\">SIN EXPEDIENTE<\/td><td class=\"column-5\">SIN EXPEDIENTE<\/td><td class=\"column-6\">SIN EXPEDIENTE<\/td><td class=\"column-7\">CENTRO<\/td>\n<\/tr>\n<tr class=\"row-4\">\n\t<td class=\"column-1\">2<\/td><td class=\"column-2\"><strong>LIC. JES\u00daS MART\u00cdNEZ VIGIL<\/strong><\/td><td class=\"column-3\"><strong>2<\/strong><\/td><td class=\"column-4\">2\/16\/2001<\/td><td class=\"column-5\">1\/28\/2002<\/td><td class=\"column-6\">NO OBRA EN SU EXPEDIENTE<\/td><td class=\"column-7\">CENTRO<\/td>\n<\/tr>\n<tr class=\"row-5\">\n\t<td class=\"column-1\">3<\/td><td class=\"column-2\"><strong>LIC. OCTAVIO MANZANO TROVAMALA DOM\u00cdNGUEZ<\/strong><\/td><td class=\"column-3\"><strong>7<\/strong><\/td><td class=\"column-4\">07\/04\/1987<\/td><td class=\"column-5\">05\/02\/2006<\/td><td class=\"column-6\">NO OBRA EN SU EXPEDIENTE<\/td><td class=\"column-7\">CENTRO<\/td>\n<\/tr>\n<tr class=\"row-6\">\n\t<td class=\"column-1\">4<\/td><td class=\"column-2\"><strong>LIC. LUIS LEOPOLDO CASTA\u00d1EDA GUZM\u00c1N<\/strong><\/td><td class=\"column-3\"><strong>8<\/strong><\/td><td class=\"column-4\">10\/30\/2003<\/td><td class=\"column-5\">1\/30\/2004<\/td><td class=\"column-6\">NO OBRA EN SU EXPEDIENTE<\/td><td class=\"column-7\">CENTRO<\/td>\n<\/tr>\n<tr class=\"row-7\">\n\t<td class=\"column-1\">5<\/td><td class=\"column-2\"><strong>LIC. IGNACIO CASTRO MANTEC\u00d3N<\/strong><\/td><td class=\"column-3\"><strong>9<\/strong><\/td><td class=\"column-4\">SIN EXPEDIENTE<\/td><td class=\"column-5\">SIN EXPEDIENTE<\/td><td class=\"column-6\">SIN EXPEDIENTE<\/td><td class=\"column-7\">CENTRO<\/td>\n<\/tr>\n<tr class=\"row-8\">\n\t<td class=\"column-1\">6<\/td><td class=\"column-2\"><strong>LIC. JORGE MART\u00cdNEZ VIGIL<\/strong><\/td><td class=\"column-3\"><strong>10<\/strong><\/td><td class=\"column-4\">11\/13\/2011<\/td><td class=\"column-5\">11\/28\/2011<\/td><td class=\"column-6\">3\/13\/1953<\/td><td class=\"column-7\">CENTRO<\/td>\n<\/tr>\n<tr class=\"row-9\">\n\t<td class=\"column-1\">7<\/td><td class=\"column-2\"><strong>LIC. PEDRO CARLOS VALENCIA<\/strong><\/td><td class=\"column-3\"><strong>11<\/strong><\/td><td class=\"column-4\">CESACI\u00d3N12011978<\/td><td class=\"column-5\"><em>12\/8\/1966<\/em><\/td><td class=\"column-6\">03\/12\/1955<\/td><td class=\"column-7\">CENTRO<\/td>\n<\/tr>\n<tr class=\"row-10\">\n\t<td class=\"column-1\">8<\/td><td class=\"column-2\"><strong>LIC. JOS\u00c9 LUIS ACEVEDO G\u00d3MEZ<\/strong><\/td><td class=\"column-3\"><strong>12<\/strong><\/td><td class=\"column-4\">3\/31\/2002<\/td><td class=\"column-5\">4\/26\/2002<\/td><td class=\"column-6\">NO OBRA EN SU EXPEDIENTE<\/td><td class=\"column-7\">CENTRO<\/td>\n<\/tr>\n<tr class=\"row-11\">\n\t<td class=\"column-1\">9<\/td><td class=\"column-2\"><strong>LIC. HECTOR CIRINO ARANGO ORTIZ<\/strong><\/td><td class=\"column-3\"><strong>13<\/strong><\/td><td class=\"column-4\">9\/20\/2006<\/td><td class=\"column-5\">9\/28\/2006<\/td><td class=\"column-6\">05\/11\/1967<\/td><td class=\"column-7\">CENTRO<\/td>\n<\/tr>\n<tr class=\"row-12\">\n\t<td class=\"column-1\">10<\/td><td class=\"column-2\"><strong>LIC. HUGO MANUEL F\u00c9LIX GARC\u00cdA<\/strong><\/td><td class=\"column-3\"><strong>14<\/strong><\/td><td class=\"column-4\">2\/22\/2019<\/td><td class=\"column-5\">4\/23\/2019<\/td><td class=\"column-6\">06\/05\/1967<\/td><td class=\"column-7\">JUQUILA<\/td>\n<\/tr>\n<tr class=\"row-13\">\n\t<td class=\"column-1\">11<\/td><td class=\"column-2\"><strong>LIC. LIC. OCTAVIO MANZANO TROVAMALA NAVA<\/strong><\/td><td class=\"column-3\"><strong>15<\/strong><\/td><td class=\"column-4\">4\/13\/2020<\/td><td class=\"column-5\">30\/09\/2022<\/td><td class=\"column-6\">6\/15\/1967<\/td><td class=\"column-7\">CENTRO<\/td>\n<\/tr>\n<tr class=\"row-14\">\n\t<td class=\"column-1\">12<\/td><td class=\"column-2\"><strong>LIC. MOIS\u00c9S RUIZ CRUZ<\/strong><\/td><td class=\"column-3\"><strong>16<\/strong><\/td><td class=\"column-4\">2\/21\/2016<\/td><td class=\"column-5\">3\/14\/2016<\/td><td class=\"column-6\">05\/06\/1968<\/td><td class=\"column-7\">CENTRO<\/td>\n<\/tr>\n<tr class=\"row-15\">\n\t<td class=\"column-1\">13<\/td><td class=\"column-2\"><strong>LIC. ALBERTO CANSECO RUIZ<\/strong><\/td><td class=\"column-3\"><strong>17<\/strong><\/td><td class=\"column-4\">7\/29\/2002<\/td><td class=\"column-5\">8\/13\/2002<\/td><td class=\"column-6\">11\/27\/1968<\/td><td class=\"column-7\">NUNCA INSTAL\u00d3 OFICINA<\/td>\n<\/tr>\n<tr class=\"row-16\">\n\t<td class=\"column-1\">14<\/td><td class=\"column-2\"><strong>LIC. LUIS L\u00d3PEZ RICOY<\/strong><\/td><td class=\"column-3\"><strong>18<\/strong><\/td><td class=\"column-4\">NO OBRA EN SU EXPEDIENTE<\/td><td class=\"column-5\">NO OBRA EN SU EXPEDIENTE<\/td><td class=\"column-6\">11\/11\/1970<\/td><td class=\"column-7\">CENTRO<\/td>\n<\/tr>\n<tr class=\"row-17\">\n\t<td class=\"column-1\">15<\/td><td class=\"column-2\"><strong>LIC. RODOLFO MORALES MORENO<\/strong><\/td><td class=\"column-3\"><strong>19<\/strong><\/td><td class=\"column-4\">5\/02\/2026<\/td><td class=\"column-5\"><\/td><td class=\"column-6\"><\/td><td class=\"column-7\">CENTRO<\/td>\n<\/tr>\n<tr class=\"row-18\">\n\t<td class=\"column-1\">16<\/td><td class=\"column-2\"><strong>LIC. JOS\u00c9 V\u00c1SQUEZ VASCONCELOS<\/strong><\/td><td class=\"column-3\"><strong>20<\/strong><\/td><td class=\"column-4\">SIN EXPEDIENTE<\/td><td class=\"column-5\">SIN EXPEDIENTE<\/td><td class=\"column-6\">SIN EXPEDIENTE<\/td><td class=\"column-7\">SIN EXPEDIENTE<\/td>\n<\/tr>\n<tr class=\"row-19\">\n\t<td class=\"column-1\">17<\/td><td class=\"column-2\"><strong>LIC. LUIS MANUEL DE JES\u00daS CASTA\u00d1EDA MELGOZA<\/strong><\/td><td class=\"column-3\"><strong>20<\/strong><\/td><td class=\"column-4\">06\/05\/1999<\/td><td class=\"column-5\">7\/30\/1999<\/td><td class=\"column-6\">6\/24\/1971<\/td><td class=\"column-7\">CENTRO<\/td>\n<\/tr>\n<tr class=\"row-20\">\n\t<td class=\"column-1\">18<\/td><td class=\"column-2\"><strong>LIC. FRANCISCO JOS\u00c9 BUSTAMANTE DEL VALLE<\/strong><\/td><td class=\"column-3\"><strong>21<\/strong><\/td><td class=\"column-4\"><em>12\/6\/2013<\/em><\/td><td class=\"column-5\"><em>3\/10\/2014<\/em><\/td><td class=\"column-6\">09\/03\/1973<\/td><td class=\"column-7\">CENTRO<\/td>\n<\/tr>\n<tr class=\"row-21\">\n\t<td class=\"column-1\">19<\/td><td class=\"column-2\"><strong>LIC. GUSTAVO MANZANO TROVAMALA NAVA<\/strong><\/td><td class=\"column-3\"><strong>22<\/strong><\/td><td class=\"column-4\">NO OBRA EN SU EXPEDIENTE<\/td><td class=\"column-5\">NO OBRA EN SU EXPEDIENTE<\/td><td class=\"column-6\">02\/12\/1974<\/td><td class=\"column-7\">CENTRO<\/td>\n<\/tr>\n<tr class=\"row-22\">\n\t<td class=\"column-1\">20<\/td><td class=\"column-2\"><strong>LIC. JAIME GRIJALVA MEJ\u00cdA<\/strong><\/td><td class=\"column-3\"><strong>23<\/strong><\/td><td class=\"column-4\">2\/14\/2002<\/td><td class=\"column-5\">07\/10\/2002<\/td><td class=\"column-6\">11\/07\/1974<\/td><td class=\"column-7\">CENTRO<\/td>\n<\/tr>\n<tr class=\"row-23\">\n\t<td class=\"column-1\">21<\/td><td class=\"column-2\"><strong>LIC. JORGE ANTONIO BUSTAMANTE GRIS<\/strong><\/td><td class=\"column-3\"><strong>24<\/strong><\/td><td class=\"column-4\">09\/10\/2005<\/td><td class=\"column-5\">10\/13\/2005<\/td><td class=\"column-6\">11\/08\/1974<\/td><td class=\"column-7\">CENTRO<\/td>\n<\/tr>\n<tr class=\"row-24\">\n\t<td class=\"column-1\">22<\/td><td class=\"column-2\"><strong>LIC. EMANUEL ROBERTO TOLEDO MEDINA<\/strong><\/td><td class=\"column-3\"><strong>26<\/strong><\/td><td class=\"column-4\">2\/19\/2019<\/td><td class=\"column-5\">03\/05\/2019<\/td><td class=\"column-6\">11\/24\/1975<\/td><td class=\"column-7\">TEHUANTEPEC<\/td>\n<\/tr>\n<tr class=\"row-25\">\n\t<td class=\"column-1\">23<\/td><td class=\"column-2\"><strong>LIC. JUDITH YOLANDA CHAGOYA M\u00c9NDEZ<\/strong><\/td><td class=\"column-3\"><strong>27<\/strong><\/td><td class=\"column-4\">12\/01\/1998<\/td><td class=\"column-5\">12\/15\/1998<\/td><td class=\"column-6\">7\/26\/1976<\/td><td class=\"column-7\">CENTRO<\/td>\n<\/tr>\n<tr class=\"row-26\">\n\t<td class=\"column-1\">24<\/td><td class=\"column-2\"><strong>LIC. MAR\u00cdA CATALINA CRUZ LEYVA<\/strong><\/td><td class=\"column-3\"><strong>28 AUX <\/strong><\/td><td class=\"column-4\"><\/td><td class=\"column-5\"><\/td><td class=\"column-6\"><\/td><td class=\"column-7\">CENTRO<\/td>\n<\/tr>\n<tr class=\"row-27\">\n\t<td class=\"column-1\">25<\/td><td class=\"column-2\"><strong>LIC. ERNESTO BEN\u00cdTEZ MEZA<\/strong><\/td><td class=\"column-3\"><strong>29<\/strong><\/td><td class=\"column-4\">12\/01\/1993<\/td><td class=\"column-5\">12\/17\/1993<\/td><td class=\"column-6\">6\/13\/1978<\/td><td class=\"column-7\">JUCHIT\u00c1N<\/td>\n<\/tr>\n<tr class=\"row-28\">\n\t<td class=\"column-1\">26<\/td><td class=\"column-2\"><strong>LIC. GUILLERMO VERA GALLEGOS<\/strong><\/td><td class=\"column-3\"><strong>31<\/strong><\/td><td class=\"column-4\">29\/12\/2023<\/td><td class=\"column-5\"><\/td><td class=\"column-6\">09\/03\/1979<\/td><td class=\"column-7\">CENTRO<\/td>\n<\/tr>\n<tr class=\"row-29\">\n\t<td class=\"column-1\">27<\/td><td class=\"column-2\"><strong>LIC. FRANCISCO GUILLERMO OROZCO DIEZ<\/strong><\/td><td class=\"column-3\"><strong>32<\/strong><\/td><td class=\"column-4\">10\/29\/1993<\/td><td class=\"column-5\">11\/15\/1993<\/td><td class=\"column-6\">03\/09\/1979<\/td><td class=\"column-7\">TUXTEPEC<\/td>\n<\/tr>\n<tr class=\"row-30\">\n\t<td class=\"column-1\">28<\/td><td class=\"column-2\"><strong>LIC. MIGUEL \u00c1NGEL GUZM\u00c1N LABASTIDA<\/strong><\/td><td class=\"column-3\"><strong>33<\/strong><\/td><td class=\"column-4\">28\/12\/2023<\/td><td class=\"column-5\">24\/01\/2024<\/td><td class=\"column-6\">08\/05\/1979<\/td><td class=\"column-7\">CENTRO<\/td>\n<\/tr>\n<tr class=\"row-31\">\n\t<td class=\"column-1\">29<\/td><td class=\"column-2\"><strong>LIC. MARINO ROJAS VILLAVICENCIO<\/strong><\/td><td class=\"column-3\"><strong>34<\/strong><\/td><td class=\"column-4\">2\/28\/2005<\/td><td class=\"column-5\">3\/15\/2005<\/td><td class=\"column-6\">9\/27\/1979<\/td><td class=\"column-7\">OCOTL\u00c1N<\/td>\n<\/tr>\n<tr class=\"row-32\">\n\t<td class=\"column-1\">30<\/td><td class=\"column-2\"><strong>LIC. JORGE WINCKLER YESSIN<\/strong><\/td><td class=\"column-3\"><strong>35<\/strong><\/td><td class=\"column-4\">6\/23\/2020<\/td><td class=\"column-5\">6\/30\/2020<\/td><td class=\"column-6\">08\/11\/1980<\/td><td class=\"column-7\">SALINA CRUZ<\/td>\n<\/tr>\n<tr class=\"row-33\">\n\t<td class=\"column-1\">31<\/td><td class=\"column-2\"><strong>LIC. C\u00c9SAR FLORES RUIZ<\/strong><\/td><td class=\"column-3\"><strong>36<\/strong><\/td><td class=\"column-4\">04\/09\/2007<\/td><td class=\"column-5\">4\/23\/2007<\/td><td class=\"column-6\">5\/23\/1980<\/td><td class=\"column-7\">TLACOLULA<\/td>\n<\/tr>\n<tr class=\"row-34\">\n\t<td class=\"column-1\">32<\/td><td class=\"column-2\"><strong>LIC. SERGIO SPINDOLA GONZ\u00c1LEZ<\/strong><\/td><td class=\"column-3\"><strong>42<\/strong><\/td><td class=\"column-4\">3\/15\/2000<\/td><td class=\"column-5\">05\/06\/2002<\/td><td class=\"column-6\">12\/02\/1985<\/td><td class=\"column-7\">CENTRO<\/td>\n<\/tr>\n<tr class=\"row-35\">\n\t<td class=\"column-1\">33<\/td><td class=\"column-2\"><strong>LIC. JAVIER DE JES\u00daS ROJAS CANALES<\/strong><\/td><td class=\"column-3\"><strong>44<\/strong><\/td><td class=\"column-4\">09\/01\/2015<\/td><td class=\"column-5\">11\/09\/2015<\/td><td class=\"column-6\">04\/03\/1986<\/td><td class=\"column-7\">HUAJUAPAN<\/td>\n<\/tr>\n<tr class=\"row-36\">\n\t<td class=\"column-1\">34<\/td><td class=\"column-2\"><strong>LIC. ALFONSO MEIXUEIRO ORTIZ<\/strong><\/td><td class=\"column-3\"><strong>45AUX<\/strong><\/td><td class=\"column-4\">12\/30\/2022<\/td><td class=\"column-5\">NA<\/td><td class=\"column-6\">09\/07\/2007<\/td><td class=\"column-7\">CENTRO<\/td>\n<\/tr>\n<tr class=\"row-37\">\n\t<td class=\"column-1\">35<\/td><td class=\"column-2\"><strong>LIC. ROM\u00c1N RUIZ SILVA<\/strong><\/td><td class=\"column-3\"><strong>47<\/strong><\/td><td class=\"column-4\">8\/31\/2003<\/td><td class=\"column-5\">10\/02\/2003<\/td><td class=\"column-6\">07\/04\/1986<\/td><td class=\"column-7\">JAMILTEPEC<\/td>\n<\/tr>\n<tr class=\"row-38\">\n\t<td class=\"column-1\">36<\/td><td class=\"column-2\"><strong>LIC. JOS\u00c9 AMANDO G\u00d3MEZ ALBORES<\/strong><\/td><td class=\"column-3\"><strong>49<\/strong><\/td><td class=\"column-4\">07\/06\/2009<\/td><td class=\"column-5\">8\/26\/2009<\/td><td class=\"column-6\">11\/12\/1986<\/td><td class=\"column-7\">CENTRO<\/td>\n<\/tr>\n<tr class=\"row-39\">\n\t<td class=\"column-1\">37<\/td><td class=\"column-2\"><strong>LIC. H\u00c9CTOR BERNARDINO S\u00c1NCHEZ SANTIB\u00c1\u00d1EZ<\/strong><\/td><td class=\"column-3\"><strong>50<\/strong><\/td><td class=\"column-4\">12\/25\/2008<\/td><td class=\"column-5\">9\/21\/2009<\/td><td class=\"column-6\">11\/12\/1986<\/td><td class=\"column-7\">CENTRO<\/td>\n<\/tr>\n<tr class=\"row-40\">\n\t<td class=\"column-1\">38<\/td><td class=\"column-2\"><strong>LIC. GERARDO RUIZ BUSTAMANTE<\/strong><\/td><td class=\"column-3\"><strong>52<\/strong><\/td><td class=\"column-4\">9\/25\/2009<\/td><td class=\"column-5\">9\/30\/2009<\/td><td class=\"column-6\">06\/03\/1997-12082005<\/td><td class=\"column-7\">TUXTEPEC<\/td>\n<\/tr>\n<tr class=\"row-41\">\n\t<td class=\"column-1\">39<\/td><td class=\"column-2\"><strong>LIC. NUMA JULI\u00c1N MONJARD\u00cdN CASTELLANOS<\/strong><\/td><td class=\"column-3\"><strong>53<\/strong><\/td><td class=\"column-4\">12\/11\/2014<\/td><td class=\"column-5\">03\/02\/2015<\/td><td class=\"column-6\">11\/28\/1986<\/td><td class=\"column-7\">CENTRO<\/td>\n<\/tr>\n<tr class=\"row-42\">\n\t<td class=\"column-1\">40<\/td><td class=\"column-2\"><strong>LIC. ALFREDO B\u00c1EZ VEGA<\/strong><\/td><td class=\"column-3\"><strong>54<\/strong><\/td><td class=\"column-4\">8\/14\/2015<\/td><td class=\"column-5\">08\/09\/2015<\/td><td class=\"column-6\">11\/07\/1988<\/td><td class=\"column-7\">POCHUTLA<\/td>\n<\/tr>\n<tr class=\"row-43\">\n\t<td class=\"column-1\">41<\/td><td class=\"column-2\"><strong>LIC. FIDEL HERRERA BALBUENA<\/strong><\/td><td class=\"column-3\"><strong>56<\/strong><\/td><td class=\"column-4\">03\/10\/2013<\/td><td class=\"column-5\">3\/25\/2013<\/td><td class=\"column-6\">06\/05\/1991<\/td><td class=\"column-7\">MIAHUATL\u00c1N<\/td>\n<\/tr>\n<tr class=\"row-44\">\n\t<td class=\"column-1\">42<\/td><td class=\"column-2\"><strong>LIC. AMADO P\u00c9REZ HERN\u00c1NDEZ<\/strong><\/td><td class=\"column-3\"><strong>59<\/strong><\/td><td class=\"column-4\">10\/13\/2014<\/td><td class=\"column-5\">1\/26\/2015<\/td><td class=\"column-6\">4\/29\/1992<\/td><td class=\"column-7\">CENTRO<\/td>\n<\/tr>\n<tr class=\"row-45\">\n\t<td class=\"column-1\">43<\/td><td class=\"column-2\"><strong>LIC. FLAVIO ARTURO TORRES P\u00c9REZ<\/strong><\/td><td class=\"column-3\"><strong>62<\/strong><\/td><td class=\"column-4\">20\/11\/2024<\/td><td class=\"column-5\">13\/02\/2025<\/td><td class=\"column-6\">10\/04\/1992<\/td><td class=\"column-7\">TUXTEPEC<\/td>\n<\/tr>\n<tr class=\"row-46\">\n\t<td class=\"column-1\">44<\/td><td class=\"column-2\"><strong>LIC. GILBERTO TRINIDAD GUTIERREZ<\/strong><\/td><td class=\"column-3\"><strong>70<\/strong><\/td><td class=\"column-4\">09\/03\/2025<\/td><td class=\"column-5\"><\/td><td class=\"column-6\">27\/11\/1992<\/td><td class=\"column-7\">CENTRO<\/td>\n<\/tr>\n<tr class=\"row-47\">\n\t<td class=\"column-1\">45<\/td><td class=\"column-2\"><strong>LIC. ISAURO TOM\u00c1S CERVANTES CORTES<\/strong><\/td><td class=\"column-3\"><strong>71<\/strong><\/td><td class=\"column-4\">12\/02\/2024<\/td><td class=\"column-5\">22\/04\/2024<\/td><td class=\"column-6\">24\/11\/1992<\/td><td class=\"column-7\">CENTRO<\/td>\n<\/tr>\n<tr class=\"row-48\">\n\t<td class=\"column-1\">46<\/td><td class=\"column-2\"><strong>LIC. MAR\u00cdA ANTONIETA CHAGOYA M\u00c9NDEZ<\/strong><\/td><td class=\"column-3\"><strong>78<\/strong><\/td><td class=\"column-4\">1\/27\/2022<\/td><td class=\"column-5\">NOTARIO ASOCIADO<\/td><td class=\"column-6\">4\/22\/1994<\/td><td class=\"column-7\">CENTRO<\/td>\n<\/tr>\n<tr class=\"row-49\">\n\t<td class=\"column-1\">47<\/td><td class=\"column-2\"><strong>LIC. H\u00c9CTOR ANUAR MAFUD MAFUD<\/strong><\/td><td class=\"column-3\"><strong>80<\/strong><\/td><td class=\"column-4\">6\/06\/2024<\/td><td class=\"column-5\"><\/td><td class=\"column-6\">4\/11\/2004<\/td><td class=\"column-7\">CENTRO<\/td>\n<\/tr>\n<tr class=\"row-50\">\n\t<td class=\"column-1\">48<\/td><td class=\"column-2\"><strong>LIC. CARLOS SALOM\u00d3N VEL\u00c1SQUEZ JARQU\u00cdN<\/strong><\/td><td class=\"column-3\"><strong>88<\/strong><\/td><td class=\"column-4\">2\/20\/2021<\/td><td class=\"column-5\">NOTARIO ASOCIADO<\/td><td class=\"column-6\">11\/15\/2005<\/td><td class=\"column-7\">CENTRO<\/td>\n<\/tr>\n<tr class=\"row-51\">\n\t<td class=\"column-1\">49<\/td><td class=\"column-2\"><strong>LIC. JOS\u00c9 ALEJANDRO VIDA\u00d1A LUNA<\/strong><\/td><td class=\"column-3\"><strong>106<\/strong><\/td><td class=\"column-4\"><\/td><td class=\"column-5\"><\/td><td class=\"column-6\"><\/td><td class=\"column-7\">TUXTEPEC<\/td>\n<\/tr>\n<tr class=\"row-52\">\n\t<td class=\"column-1\">50<\/td><td class=\"column-2\"><strong>LIC. GENARO V\u00cdCTOR V\u00c1SQUEZ COLMENARES<\/strong><\/td><td class=\"column-3\"><strong>110<\/strong><\/td><td class=\"column-4\">9\/15\/2022<\/td><td class=\"column-5\">16\/01\/2023<\/td><td class=\"column-6\">5\/15\/2007<\/td><td class=\"column-7\">CENTRO<\/td>\n<\/tr>\n<\/tbody>\n<\/table>\n<!-- #tablepress-42 from cache -->\n","protected":false},"excerpt":{"rendered":"","protected":false},"author":1,"featured_media":0,"comment_status":"open","ping_status":"open","sticky":false,"template":"","format":"standard","meta":{"episode_type":"","audio_file":"","podmotor_file_id":"","podmotor_episode_id":"","cover_image":"","cover_image_id":"","duration":"","filesize":"","filesize_raw":"","date_recorded":"","explicit":"","block":"","itunes_episode_number":"","itunes_title":"","itunes_season_number":"","itunes_episode_type":"","footnotes":""},"categories":[1],"tags":[],"class_list":["post-198","post","type-post","status-publish","format-standard","hentry","category-sin-categoria"],"acf":[],"publishpress_future_action":{"enabled":false,"date":"2026-05-10 10:28:18","action":"change-status","newStatus":"draft","terms":[],"taxonomy":"category","extraData":[]},"publishpress_future_workflow_manual_trigger":{"enabledWorkflows":[]},"_links":{"self":[{"href":"https:\/\/www.oaxaca.gob.mx\/notarias\/wp-json\/wp\/v2\/posts\/198","targetHints":{"allow":["GET"]}}],"collection":[{"href":"https:\/\/www.oaxaca.gob.mx\/notarias\/wp-json\/wp\/v2\/posts"}],"about":[{"href":"https:\/\/www.oaxaca.gob.mx\/notarias\/wp-json\/wp\/v2\/types\/post"}],"author":[{"embeddable":true,"href":"https:\/\/www.oaxaca.gob.mx\/notarias\/wp-json\/wp\/v2\/users\/1"}],"replies":[{"embeddable":true,"href":"https:\/\/www.oaxaca.gob.mx\/notarias\/wp-json\/wp\/v2\/comments?post=198"}],"version-history":[{"count":3,"href":"https:\/\/www.oaxaca.gob.mx\/notarias\/wp-json\/wp\/v2\/posts\/198\/revisions"}],"predecessor-version":[{"id":845,"href":"https:\/\/www.oaxaca.gob.mx\/notarias\/wp-json\/wp\/v2\/posts\/198\/revisions\/845"}],"wp:attachment":[{"href":"https:\/\/www.oaxaca.gob.mx\/notarias\/wp-json\/wp\/v2\/media?parent=198"}],"wp:term":[{"taxonomy":"category","embeddable":true,"href":"https:\/\/www.oaxaca.gob.mx\/notarias\/wp-json\/wp\/v2\/categories?post=198"},{"taxonomy":"post_tag","embeddable":true,"href":"https:\/\/www.oaxaca.gob.mx\/notarias\/wp-json\/wp\/v2\/tags?post=198"}],"curies":[{"name":"wp","href":"https:\/\/api.w.org\/{rel}","templated":true}]}}