{"id":8715,"date":"2019-06-16T14:43:14","date_gmt":"2019-06-16T19:43:14","guid":{"rendered":"https:\/\/www.oaxaca.gob.mx\/semaedeso\/?p=8404"},"modified":"2019-06-16T14:43:14","modified_gmt":"2019-06-16T19:43:14","slug":"destaca-oaxaca-por-su-biodiversidad-natural-a-nivel-nacional","status":"publish","type":"post","link":"https:\/\/www.oaxaca.gob.mx\/medioambiente\/destaca-oaxaca-por-su-biodiversidad-natural-a-nivel-nacional\/","title":{"rendered":"Destaca Oaxaca por su biodiversidad natural a nivel nacional"},"content":{"rendered":"<p style=\"color:#000\">\n<a rel=\"example_group\" href=\"\/semaedeso\/wp-content\/uploads\/sites\/59\/2019\/07\/SEMAEDESO-160619.jpeg\"><img decoding=\"async\" class=\"img-responsive\" style=\"width:300px;margin-right: 15px\" src=\"\/semaedeso\/wp-content\/uploads\/sites\/59\/2019\/07\/SEMAEDESO-160619.jpeg\" alt=\"REFORESTACI\u00d3N\" \/><\/a><br \/>\n<em style=\"font-size:14px;color:#000\">  \u2022  &nbsp; &nbsp; &nbsp;M\u00e1s de 1000 \u00e1rboles ser\u00e1n sembrados este s\u00e1bado 22 de junio como parte de la jornada de reforestaci\u00f3n en el \u00c1rea Natural Protegida \u00abCerro del Fort\u00edn\u00bb<\/em><br \/>\n<br \/>\n<em style=\"font-size:14px;color:#000\">\u2022  &nbsp; &nbsp; &nbsp;La SEMAEDESO realiza acciones concretas para el cuidado y la protecci\u00f3n del medio ambiente, as\u00ed como generar conciencia en la sociedad para el cuidado del planeta.<\/em><br \/>\n<br \/><strong><\/strong>El Gobierno del Estado de Oaxaca a trav\u00e9s de la Secretar\u00eda del Medio Ambiente, Energ\u00edas y Desarrollo Sustentable de Oaxaca (SEMAEDESO) celebrar\u00e1 este 22 de junio el D\u00eda de la Riqueza Natural de Oaxaca con la siembra de \u00e1rboles nativos de la regi\u00f3n, as\u00ed como encuentros con especialistas, y firmas de convenios.<br \/>\n<br \/>El s\u00e1bado, a partir de las 8 de la ma\u00f1ana se iniciar\u00e1 con la plantaci\u00f3n de mil \u00e1rboles en el \u00c1rea Natural Protegida \u201cCerro del Fort\u00edn\u201d, esto con el objetivo de recuperar espacios naturales e incrementar la flora y fauna silvestre del lugar, as\u00ed como el contribuir al mejoramiento de las condiciones ambientales y sociales en dicha ANP.<br \/>\n<br \/>Lo anterior, tal y como lo establece el art\u00edculo quinto del decreto del Parque Estatal \u201cCerro del Fort\u00edn\u201d, publicado el 14 de agosto del 2004.<br \/>\n<br \/>Al respecto, el titular de la SEMAEDESO, Samuel Gurri\u00f3n Mat\u00edas, explic\u00f3 que el Gobierno del Estado, el cual encabeza Alejandro Murat Hinojosa est\u00e1 comprometido con el medio ambiente, al ser el presente y el futuro de los ni\u00f1os como j\u00f3venes, por ello la dependencia a su cargo cuenta con la responsabilidad y trabaja de manera decidida en un tema tan sensible como es la conservaci\u00f3n y cuidado del medio ambiente:<br \/>\n<br \/>\u201cOaxaca destaca no s\u00f3lo a nivel nacional, sino de manera global por la extensa biodiversidad con la que cuenta\u201d, destac\u00f3 Gurri\u00f3n Mat\u00edas.<br \/>\n<br \/>En este sentido, el funcionario p\u00fablico puntualiz\u00f3 que como parte de este programa integral se realiza un estudio t\u00e9cnico para la selecci\u00f3n de las especies propias de lugar, las cu\u00e1les se ubican en un \u00e1rea estrat\u00e9gica y se da el seguimiento, tales como: huajes, tepehuajes, jarrillas y jacarandas, que se encuentra dentro del margen de adaptaci\u00f3n al clima, suelo y comunidad vegetal.<br \/>\n<br \/>El funcionario p\u00fablico dijo que adem\u00e1s como parte del plan de manejo del Parque Estatal \u201cCerro del Fort\u00edn\u201d se contiene la definici\u00f3n de las zonas y pol\u00edticas de uso, la zonificaci\u00f3n que constituye un element\u00f3 primordial para llevar la planeaci\u00f3n del \u00e1rea, la inducci\u00f3n del uso de suelo y la programaci\u00f3n de las pol\u00edticas p\u00fablicas, todo orientado a la conservaci\u00f3n integral de los recursos dentro del Parque Estatal.<br \/>\n<br \/>Agreg\u00f3 que a la par la SEMAEDESO realiza capacitaciones, talleres y mediante diferentes campa\u00f1as promueve actividades en pro del medio ambiente como de importancia de la diversidad biol\u00f3gica de nuestro Estado, a fin de contribuir en el cuidado del medio ambiente.<br \/>\n<br \/> \u201cDebemos formar a las nuevas generaciones en h\u00e1bitos que contribuyen al cuidado del medio ambiente, mediante pol\u00edticas y estrategias que se materialicen en acciones concretas para incrementar la cultura de nuestro planeta\u201d, expres\u00f3 el titular de la dependencia del Medio Ambiente, Samuel Gurri\u00f3n Mat\u00edas.<br \/>\n<br \/>Por \u00faltimo, invit\u00f3 a la poblaci\u00f3n en general a sumarse a la reforestaci\u00f3n del Parque Estatal \u201cCerro del Fort\u00edn\u201d este s\u00e1bado 22 de junio en punto de las 8 de la ma\u00f1ana, siendo el punto de reuni\u00f3n el Observatorio Municipal de Oaxaca de Ju\u00e1rez.<br \/>\n<br \/>Cabe destacar que el d\u00eda 05 de junio de 2003, en el marco del \u201cD\u00eda Mundial del Medio Ambiente\u201d la Quincuag\u00e9sima Octava Legislatura Constitucional del Estado Libre y Soberano de Oaxaca declara el 22 de junio de cada a\u00f1o como el \u201cD\u00eda Estatal de la Riqueza Natural de Oaxaca\u201d, en honor a que ese mismo d\u00eda del a\u00f1o 1996 se cre\u00f3 el Instituto Estatal de Ecolog\u00eda de Oaxaca (IEEO), hoy Secretar\u00eda del Medio Ambiente, Energ\u00edas y Desarrollo Sustentable (SEMAEDESO).<br \/>\n<br \/>Oaxaca tiene una superficie de 95,364 km2 y en ella existen las siguientes zonas ecol\u00f3gicas: tr\u00f3pico h\u00famedo con el 44.4%, tr\u00f3pico sub h\u00famedo en el 35.5% y el templado en el 20%, donde habitan indistintamente 16 grupos \u00e9tnicos nativos.<br \/>\n&nbsp;<br \/>\n<strong>Oaxaca de Ju\u00e1rez, Oaxaca., 16 de junio de 2019<\/strong><br \/>\n&nbsp;<\/p>\n","protected":false},"excerpt":{"rendered":"<p>\u2022 &nbsp; &nbsp; &nbsp;M\u00e1s de 1000 \u00e1rboles ser\u00e1n sembrados este s\u00e1bado 22 de junio como parte de la jornada de reforestaci\u00f3n en el \u00c1rea Natural Protegida \u00abCerro del Fort\u00edn\u00bb \u2022 &nbsp; &nbsp; &nbsp;La SEMAEDESO realiza acciones concretas para el cuidado y la protecci\u00f3n del medio ambiente, as\u00ed como generar conciencia en la sociedad para el [&hellip;]<\/p>\n","protected":false},"author":1,"featured_media":8556,"comment_status":"open","ping_status":"open","sticky":false,"template":"","format":"standard","meta":{"episode_type":"","audio_file":"","podmotor_file_id":"","podmotor_episode_id":"","cover_image":"","cover_image_id":"","duration":"","filesize":"","filesize_raw":"","date_recorded":"","explicit":"","block":"","itunes_episode_number":"","itunes_title":"","itunes_season_number":"","itunes_episode_type":"","footnotes":""},"categories":[5],"tags":[34,175],"class_list":["post-8715","post","type-post","status-publish","format-standard","has-post-thumbnail","hentry","category-noticias","tag-biodiversidad","tag-reforestacion"],"acf":[],"publishpress_future_action":{"enabled":false,"date":"2026-05-06 11:19:59","action":"change-status","newStatus":"draft","terms":[],"taxonomy":"category","extraData":[]},"publishpress_future_workflow_manual_trigger":{"enabledWorkflows":[]},"_links":{"self":[{"href":"https:\/\/www.oaxaca.gob.mx\/medioambiente\/wp-json\/wp\/v2\/posts\/8715","targetHints":{"allow":["GET"]}}],"collection":[{"href":"https:\/\/www.oaxaca.gob.mx\/medioambiente\/wp-json\/wp\/v2\/posts"}],"about":[{"href":"https:\/\/www.oaxaca.gob.mx\/medioambiente\/wp-json\/wp\/v2\/types\/post"}],"author":[{"embeddable":true,"href":"https:\/\/www.oaxaca.gob.mx\/medioambiente\/wp-json\/wp\/v2\/users\/1"}],"replies":[{"embeddable":true,"href":"https:\/\/www.oaxaca.gob.mx\/medioambiente\/wp-json\/wp\/v2\/comments?post=8715"}],"version-history":[{"count":0,"href":"https:\/\/www.oaxaca.gob.mx\/medioambiente\/wp-json\/wp\/v2\/posts\/8715\/revisions"}],"wp:featuredmedia":[{"embeddable":true,"href":"https:\/\/www.oaxaca.gob.mx\/medioambiente\/wp-json\/wp\/v2\/media\/8556"}],"wp:attachment":[{"href":"https:\/\/www.oaxaca.gob.mx\/medioambiente\/wp-json\/wp\/v2\/media?parent=8715"}],"wp:term":[{"taxonomy":"category","embeddable":true,"href":"https:\/\/www.oaxaca.gob.mx\/medioambiente\/wp-json\/wp\/v2\/categories?post=8715"},{"taxonomy":"post_tag","embeddable":true,"href":"https:\/\/www.oaxaca.gob.mx\/medioambiente\/wp-json\/wp\/v2\/tags?post=8715"}],"curies":[{"name":"wp","href":"https:\/\/api.w.org\/{rel}","templated":true}]}}