{"id":13747,"date":"2021-06-25T11:54:39","date_gmt":"2021-06-25T16:54:39","guid":{"rendered":"https:\/\/www.oaxaca.gob.mx\/semaedeso\/?p=13747"},"modified":"2024-02-21T15:33:16","modified_gmt":"2024-02-21T21:33:16","slug":"presencia-semaedeso-proyecto-alternativo-de-sostenibilidad-y-autonomia-hidrica","status":"publish","type":"post","link":"https:\/\/www.oaxaca.gob.mx\/medioambiente\/presencia-semaedeso-proyecto-alternativo-de-sostenibilidad-y-autonomia-hidrica\/","title":{"rendered":"Presencia Semaedeso proyecto alternativo de sostenibilidad y autonom\u00eda h\u00eddrica"},"content":{"rendered":"\n<link rel='stylesheet' id='18188-css'  href='https:\/\/www.oaxaca.gob.mx\/medioambiente\/wp-content\/uploads\/sites\/59\/winp-css-js\/18188.css?ver=1708541957' type='text\/css' media='all' \/>\n\n<div id=\"carouselExample\" class=\"carousel slide\">\n<div class=\"carousel-inner\">\n<div class=\"carousel-item active\">\n       <span class=\"su-lightbox\" data-mfp-src=\"https:\/\/www.oaxaca.gob.mx\/semaedeso\/wp-content\/uploads\/sites\/59\/2021\/07\/SEMAEDESO-1.jpeg\" data-mfp-type=\"image\" data-mobile=\"yes\">\n<div class=\"overlay-image\" style=\"cursor:pointer;background-image:url(https:\/\/www.oaxaca.gob.mx\/semaedeso\/wp-content\/uploads\/sites\/59\/2021\/07\/SEMAEDESO-1.jpeg)\"><\/span>\n       <\/div>\n<\/p><\/div>\n<div class=\"carousel-item\">\n      <span class=\"su-lightbox\" data-mfp-src=\"https:\/\/www.oaxaca.gob.mx\/semaedeso\/wp-content\/uploads\/sites\/59\/2021\/07\/SEMAEDESO-3.jpeg\" data-mfp-type=\"image\" data-mobile=\"yes\">\n<div class=\"overlay-image\" style=\"cursor:pointer;background-image:url(https:\/\/www.oaxaca.gob.mx\/semaedeso\/wp-content\/uploads\/sites\/59\/2021\/07\/SEMAEDESO-3.jpeg)\"><\/span>\n       <\/div>\n<\/p><\/div>\n<div class=\"carousel-item\">\n      <span class=\"su-lightbox\" data-mfp-src=\"https:\/\/www.oaxaca.gob.mx\/semaedeso\/wp-content\/uploads\/sites\/59\/2021\/07\/SEMAEDESO-2.jpeg\" data-mfp-type=\"image\" data-mobile=\"yes\">\n<div class=\"overlay-image\" style=\"cursor:pointer;background-image:url(https:\/\/www.oaxaca.gob.mx\/semaedeso\/wp-content\/uploads\/sites\/59\/2021\/07\/SEMAEDESO-2.jpeg)\"><\/span>\n       <\/div>\n<\/p><\/div>\n<p>  <button class=\"carousel-control-prev\" type=\"button\" data-bs-target=\"#carouselExample\" data-bs-slide=\"prev\"><br \/>\n    <span class=\"carousel-control-prev-icon\" aria-hidden=\"true\"><\/span><br \/>\n    <span class=\"visually-hidden\">Anterior<\/span><br \/>\n  <\/button><br \/>\n  <button class=\"carousel-control-next\" type=\"button\" data-bs-target=\"#carouselExample\" data-bs-slide=\"next\"><br \/>\n    <span class=\"carousel-control-next-icon\" aria-hidden=\"true\"><\/span><br \/>\n    <span class=\"visually-hidden\">Siguiente<\/span><br \/>\n  <\/button>\n<\/div>\n<\/div>\n<p>\n&nbsp;<br \/>\n<\/p>\n<h4><em style=\"font-size: 14px;color: #000\"> \u2022 El Comit\u00e9 de Ciudades Urbanas Palo Alto- Oaxaca y la Asociaci\u00f3n Civil Isla Urbana hicieron entrega de 50 sistemas de captaci\u00f3n de agua de lluvia en la comunidad de San Nicol\u00e1s Xaye.<\/em><\/h4>\n<hr>\n<div style=\"color: #000;font-size: 15px\">\n<p>Oaxaca de Ju\u00e1rez, Oax; 25 de junio de 2021.- El Gobierno del Estado de Oaxaca a trav\u00e9s de la Secretar\u00eda del Medio Ambiente, Energ\u00edas y Desarrollo Sustentable (Semaedeso) presenci\u00f3 el inicio del programa \u00abLa Relaci\u00f3n Humana con el Agua\u00bb, propuesta que encuentra en la cosecha de agua de lluvia una alternativa de sostenibilidad y autonom\u00eda h\u00eddrica para las comunidades del distrito de Ocotl\u00e1n.<\/p>\n<p>En San Nicol\u00e1s Xaye, derivado de la estrecha relaci\u00f3n como Ciudades Hermanas desde hace 57 a\u00f1os entre Palo Alto, California y Oaxaca, se entregaron 50 sistemas de captaci\u00f3n de agua de lluvia dise\u00f1ados y desarrollados por la organizaci\u00f3n Isla Urbana.<\/p>\n<p>Con una capacidad de 5 mil litros, los sistemas permiten la recolecci\u00f3n, almacenamiento, filtraci\u00f3n y utilizaci\u00f3n del agua. El Director General de Isla Urbana, Enrique Lomnitz explic\u00f3 que para enfrentar la situaci\u00f3n actual de precariedad h\u00eddrica se deben construir las herramientas y conocimiento que permita el giro hacia la sostenibilidad as\u00ed como la autonom\u00eda.<\/p>\n<p>\u00abLa sobre explotaci\u00f3n, sobrepoblaci\u00f3n y contaminaci\u00f3n dan como resultado que cada vez menos comunidades tengan acceso al agua. La situaci\u00f3n actual exige acciones y cambios en c\u00f3mo abordamos los problemas b\u00e1sicos para empezar a abastecernos de una manera diferente y sustentable\u00bb, agreg\u00f3.<\/p>\n<p>En representaci\u00f3n del Mtro. Alejandro Murat Hinojosa, la titular de la Semaedeso, Helena Iturribarr\u00eda Rojas explic\u00f3 en el evento que los proyectos de captaci\u00f3n de agua permiten la adaptaci\u00f3n a las nuevas condiciones ocasionadas por el cambio clim\u00e1tico, por lo que es   prioritario difundir y replicar las buenas pr\u00e1cticas en otras comunidades de la entidad.  <\/p>\n<p>En este mismo sentido, el Coordinador de Programas de Intercambio entre Palo Alto y Oaxaca, Bob Wenzlau, precis\u00f3 que existen \u00e1reas de trabajo mutuo que se enfocan en el desarrollo social y de sostenibilidad de ambas comunidades, siendo la captaci\u00f3n de agua un tema sensible que tendr\u00e1 su arranque en San Nicol\u00e1s Xaye.\n<\/p>\n<p><strong style=\"color: #333;font-weight:600\">Oaxaca de Ju\u00e1rez, 25 de junio de 2021<\/strong>\n<\/div>\n","protected":false},"excerpt":{"rendered":"<p>Anterior Siguiente &nbsp; \u2022 El Comit\u00e9 de Ciudades Urbanas Palo Alto- Oaxaca y la Asociaci\u00f3n Civil Isla Urbana hicieron entrega de 50 sistemas de captaci\u00f3n de agua de lluvia en la comunidad de San Nicol\u00e1s Xaye. Oaxaca de Ju\u00e1rez, Oax; 25 de junio de 2021.- El Gobierno del Estado de Oaxaca a trav\u00e9s de la [&hellip;]<\/p>\n","protected":false},"author":67,"featured_media":13749,"comment_status":"open","ping_status":"open","sticky":false,"template":"","format":"standard","meta":{"episode_type":"","audio_file":"","podmotor_file_id":"","podmotor_episode_id":"","cover_image":"","cover_image_id":"","duration":"","filesize":"","filesize_raw":"","date_recorded":"","explicit":"","block":"","itunes_episode_number":"","itunes_title":"","itunes_season_number":"","itunes_episode_type":"","footnotes":""},"categories":[5],"tags":[364,365],"class_list":["post-13747","post","type-post","status-publish","format-standard","has-post-thumbnail","hentry","category-noticias","tag-captacion-de-agua","tag-san-nicolas-xaye"],"acf":[],"publishpress_future_action":{"enabled":false,"date":"2026-05-03 11:39:44","action":"change-status","newStatus":"draft","terms":[],"taxonomy":"category","extraData":[]},"publishpress_future_workflow_manual_trigger":{"enabledWorkflows":[]},"_links":{"self":[{"href":"https:\/\/www.oaxaca.gob.mx\/medioambiente\/wp-json\/wp\/v2\/posts\/13747","targetHints":{"allow":["GET"]}}],"collection":[{"href":"https:\/\/www.oaxaca.gob.mx\/medioambiente\/wp-json\/wp\/v2\/posts"}],"about":[{"href":"https:\/\/www.oaxaca.gob.mx\/medioambiente\/wp-json\/wp\/v2\/types\/post"}],"author":[{"embeddable":true,"href":"https:\/\/www.oaxaca.gob.mx\/medioambiente\/wp-json\/wp\/v2\/users\/67"}],"replies":[{"embeddable":true,"href":"https:\/\/www.oaxaca.gob.mx\/medioambiente\/wp-json\/wp\/v2\/comments?post=13747"}],"version-history":[{"count":2,"href":"https:\/\/www.oaxaca.gob.mx\/medioambiente\/wp-json\/wp\/v2\/posts\/13747\/revisions"}],"predecessor-version":[{"id":18241,"href":"https:\/\/www.oaxaca.gob.mx\/medioambiente\/wp-json\/wp\/v2\/posts\/13747\/revisions\/18241"}],"wp:featuredmedia":[{"embeddable":true,"href":"https:\/\/www.oaxaca.gob.mx\/medioambiente\/wp-json\/wp\/v2\/media\/13749"}],"wp:attachment":[{"href":"https:\/\/www.oaxaca.gob.mx\/medioambiente\/wp-json\/wp\/v2\/media?parent=13747"}],"wp:term":[{"taxonomy":"category","embeddable":true,"href":"https:\/\/www.oaxaca.gob.mx\/medioambiente\/wp-json\/wp\/v2\/categories?post=13747"},{"taxonomy":"post_tag","embeddable":true,"href":"https:\/\/www.oaxaca.gob.mx\/medioambiente\/wp-json\/wp\/v2\/tags?post=13747"}],"curies":[{"name":"wp","href":"https:\/\/api.w.org\/{rel}","templated":true}]}}