{"id":12544,"date":"2020-09-22T13:08:32","date_gmt":"2020-09-22T18:08:32","guid":{"rendered":"https:\/\/www.oaxaca.gob.mx\/semaedeso\/?p=12544"},"modified":"2021-01-27T13:12:52","modified_gmt":"2021-01-27T19:12:52","slug":"invita-semaedeso-a-conferencia-virtual-sobre-la-importancia-del-cocodrilo-rio-en-la-laguna-de-manialtepec","status":"publish","type":"post","link":"https:\/\/www.oaxaca.gob.mx\/medioambiente\/invita-semaedeso-a-conferencia-virtual-sobre-la-importancia-del-cocodrilo-rio-en-la-laguna-de-manialtepec\/","title":{"rendered":"Invita Semaedeso a conferencia virtual sobre la importancia del cocodrilo r\u00edo en la Laguna de Manialtepec"},"content":{"rendered":"\n<div class=\"row\" style=\"margin-bottom: -30px\">\n<div class=\"col-sm-12 col-lg-12\">\n<div id=\"carousel-example-1\" class=\"carousel slide carousel-fade\" data-ride=\"carousel\" style=\"margin-left: auto;margin-right: auto\">\n<ol class=\"carousel-indicators\">\n<li data-target=\"#carousel-example-1\" data-slide-to=\"0\" class=\"active\"><\/li>\n<\/ol>\n<div class=\"carousel-inner\" role=\"listbox\" style=\"height: 500px\">\n<div class=\"carousel-item active\">\n<div class=\"view\">\n                        [lightbox type=\u00bbimage\u00bb src=\u00bbhttps:\/\/www.oaxaca.gob.mx\/semaedeso\/wp-content\/uploads\/sites\/59\/2021\/01\/SEMAEDESO_Cocodrilo_1-scaled.jpg\u00bb]\n                        <img decoding=\"async\" class=\"d-block w-100\" style=\"cursor: pointer\" src=\"https:\/\/www.oaxaca.gob.mx\/semaedeso\/wp-content\/uploads\/sites\/59\/2021\/01\/SEMAEDESO_Cocodrilo_1-scaled.jpg\" \/><br \/>\n                        [\/lightbox]\n<div class=\"mask rgba-black-strong\"><\/div>\n<\/p><\/div>\n<\/p><\/div>\n<\/p><\/div>\n<\/p><\/div>\n<\/p><\/div>\n<\/div>\n<p>\n&nbsp;<\/p>\n<h4><em style=\"font-size: 14px;color: #000\"> \u2022 Especialista en anfibios y reptiles expondr\u00e1 este 24 de septiembre los esfuerzos de conservaci\u00f3n realizados en el sistema lagunar.<\/em><\/h4>\n<hr>\n<div style=\"color: #000;font-size: 15px\">\n<p>Oaxaca de Ju\u00e1rez, Oaxaca; 22 de septiembre de 2020.- El Gobierno del Estado de Oaxaca a trav\u00e9s de la Secretar\u00eda del Medio Ambiente, Energ\u00edas y Desarrollo Sustentable (Semaedeso) transmitir\u00e1 de manera virtual, este jueves 24 de septiembre a las 11 horas, la conferencia titulada: \u00abLa Importancia de la conservaci\u00f3n del cocodrilo de r\u00edo en la Laguna de Manialtepec\u00bb, como parte de los esfuerzos por resaltar la variedad biol\u00f3gica e impulsar una conciencia ambiental m\u00e1s sustentable.<\/p>\n<p>La ponencia que se difundir\u00e1 en vivo mediante el Facebook de la Semaedeso, correr\u00e1 a cargo de Bi\u00f3l. Rafael Barzalobre Ger\u00f3nimo, quien actualmente integra el Consejo ciudadano para la Biodiversidad de Oaxaca (COCIBIO), el cual fue conformado en este 2020; adem\u00e1s contribuy\u00f3 este mismo a\u00f1o, en la elaboraci\u00f3n del \u00abEstudio poblacional de cocodrilo de r\u00edo en la laguna de Manialtepec\u00bb como parte del equipo t\u00e9cnico de la Red de los Humedales de la Costa de Oaxaca para este proyecto.<\/p>\n<p>La conferencia tiene el objetivo de integrar los testimoniales sobre esfuerzos de conservaci\u00f3n que se realizan en el estado de Oaxaca, considerado el de mayor diversidad biol\u00f3gica de M\u00e9xico.<\/p>\n<p>Cabe resaltar que la instalaci\u00f3n del Cocibio se realiz\u00f3 con una composici\u00f3n plural y representaci\u00f3n de los diferentes sectores de la sociedad oaxaque\u00f1a, clave en las labores de implementaci\u00f3n de la Estrategia para la Conservaci\u00f3n y el Uso Sustentable de la Biodiversidad del Estado de Oaxaca (ECUSBEO), Consejo del cual Barzalobe Ger\u00f3nimo es parte en calidad de consejero acad\u00e9mico.\n<\/p>\n<p><strong style=\"color: #333;font-weight:600\">Oaxaca de Ju\u00e1rez, 22 de septiembre de 2020<\/strong>\n<\/div>\n","protected":false},"excerpt":{"rendered":"<p>[lightbox type=\u00bbimage\u00bb src=\u00bbhttps:\/\/www.oaxaca.gob.mx\/semaedeso\/wp-content\/uploads\/sites\/59\/2021\/01\/SEMAEDESO_Cocodrilo_1-scaled.jpg\u00bb] [\/lightbox] &nbsp; \u2022 Especialista en anfibios y reptiles expondr\u00e1 este 24 de septiembre los esfuerzos de conservaci\u00f3n realizados en el sistema lagunar. Oaxaca de Ju\u00e1rez, Oaxaca; 22 de septiembre de 2020.- El Gobierno del Estado de Oaxaca a trav\u00e9s de la Secretar\u00eda del Medio Ambiente, Energ\u00edas y Desarrollo Sustentable (Semaedeso) transmitir\u00e1 de [&hellip;]<\/p>\n","protected":false},"author":67,"featured_media":12545,"comment_status":"open","ping_status":"open","sticky":false,"template":"","format":"standard","meta":{"episode_type":"","audio_file":"","podmotor_file_id":"","podmotor_episode_id":"","cover_image":"","cover_image_id":"","duration":"","filesize":"","filesize_raw":"","date_recorded":"","explicit":"","block":"","itunes_episode_number":"","itunes_title":"","itunes_season_number":"","itunes_episode_type":"","footnotes":""},"categories":[5],"tags":[325,326],"class_list":["post-12544","post","type-post","status-publish","format-standard","has-post-thumbnail","hentry","category-noticias","tag-cocodrilo","tag-manialtepec"],"acf":[],"publishpress_future_action":{"enabled":false,"date":"2026-05-06 11:42:00","action":"change-status","newStatus":"draft","terms":[],"taxonomy":"category","extraData":[]},"publishpress_future_workflow_manual_trigger":{"enabledWorkflows":[]},"_links":{"self":[{"href":"https:\/\/www.oaxaca.gob.mx\/medioambiente\/wp-json\/wp\/v2\/posts\/12544","targetHints":{"allow":["GET"]}}],"collection":[{"href":"https:\/\/www.oaxaca.gob.mx\/medioambiente\/wp-json\/wp\/v2\/posts"}],"about":[{"href":"https:\/\/www.oaxaca.gob.mx\/medioambiente\/wp-json\/wp\/v2\/types\/post"}],"author":[{"embeddable":true,"href":"https:\/\/www.oaxaca.gob.mx\/medioambiente\/wp-json\/wp\/v2\/users\/67"}],"replies":[{"embeddable":true,"href":"https:\/\/www.oaxaca.gob.mx\/medioambiente\/wp-json\/wp\/v2\/comments?post=12544"}],"version-history":[{"count":2,"href":"https:\/\/www.oaxaca.gob.mx\/medioambiente\/wp-json\/wp\/v2\/posts\/12544\/revisions"}],"predecessor-version":[{"id":12547,"href":"https:\/\/www.oaxaca.gob.mx\/medioambiente\/wp-json\/wp\/v2\/posts\/12544\/revisions\/12547"}],"wp:featuredmedia":[{"embeddable":true,"href":"https:\/\/www.oaxaca.gob.mx\/medioambiente\/wp-json\/wp\/v2\/media\/12545"}],"wp:attachment":[{"href":"https:\/\/www.oaxaca.gob.mx\/medioambiente\/wp-json\/wp\/v2\/media?parent=12544"}],"wp:term":[{"taxonomy":"category","embeddable":true,"href":"https:\/\/www.oaxaca.gob.mx\/medioambiente\/wp-json\/wp\/v2\/categories?post=12544"},{"taxonomy":"post_tag","embeddable":true,"href":"https:\/\/www.oaxaca.gob.mx\/medioambiente\/wp-json\/wp\/v2\/tags?post=12544"}],"curies":[{"name":"wp","href":"https:\/\/api.w.org\/{rel}","templated":true}]}}