{"id":12449,"date":"2020-08-24T10:36:02","date_gmt":"2020-08-24T15:36:02","guid":{"rendered":"https:\/\/www.oaxaca.gob.mx\/semaedeso\/?p=12449"},"modified":"2021-01-13T11:08:42","modified_gmt":"2021-01-13T17:08:42","slug":"en-sinergia-semaedeso-y-municipio-de-oaxaca-de-juarez-protegeran-las-areas-naturales-de-oaxaca","status":"publish","type":"post","link":"https:\/\/www.oaxaca.gob.mx\/medioambiente\/en-sinergia-semaedeso-y-municipio-de-oaxaca-de-juarez-protegeran-las-areas-naturales-de-oaxaca\/","title":{"rendered":"En sinergia, Semaedeso y Municipio de Oaxaca de Ju\u00e1rez proteger\u00e1n las \u00c1reas Naturales de Oaxaca"},"content":{"rendered":"\n<div class=\"row\" style=\"margin-bottom: -30px\">\n<div class=\"col-sm-12 col-lg-12\">\n<div id=\"carousel-example-1\" class=\"carousel slide carousel-fade\" data-ride=\"carousel\" style=\"margin-left: auto;margin-right: auto\">\n<ol class=\"carousel-indicators\">\n<li data-target=\"#carousel-example-1\" data-slide-to=\"0\" class=\"active\"><\/li>\n<\/ol>\n<div class=\"carousel-inner\" role=\"listbox\" style=\"height: 500px\">\n<div class=\"carousel-item active\">\n<div class=\"view\">\n                        [lightbox type=\u00bbimage\u00bb src=\u00bbhttps:\/\/www.oaxaca.gob.mx\/semaedeso\/wp-content\/uploads\/sites\/59\/2021\/01\/SEMAEDESO_ANP_Cerro-del-Cresto\u0301n.jpeg\u00bb]\n                        <img decoding=\"async\" class=\"d-block w-100\" style=\"cursor: pointer\" src=\"https:\/\/www.oaxaca.gob.mx\/semaedeso\/wp-content\/uploads\/sites\/59\/2021\/01\/SEMAEDESO_ANP_Cerro-del-Cresto\u0301n.jpeg\" \/><br \/>\n                        [\/lightbox]\n<div class=\"mask rgba-black-strong\"><\/div>\n<\/p><\/div>\n<\/p><\/div>\n<\/p><\/div>\n<\/p><\/div>\n<\/p><\/div>\n<\/div>\n<p>\n&nbsp;<br \/>\n <\/p>\n<h4><em style=\"font-size: 14px;color: #000\"> \u2022  La Zona de Reserva Ecol\u00f3gica y \u00c1rea Natural Protegida, se encuentra en el Municipio de Oaxaca de Ju\u00e1rez y comprende los Cerros del Fort\u00edn, del Crest\u00f3n y Cruz Blanca.<\/em><\/h4>\n<hr>\n<div style=\"color: #000;font-size: 15px\">\n<p>Oaxaca de Ju\u00e1rez Oaxaca; 24 de agosto de 2020.-  El Gobierno de Oaxaca a trav\u00e9s de la Secretar\u00eda del Medio Ambiente, Energ\u00edas y Desarrollo Sustentable (Semaedeso) estableci\u00f3 una mesa de trabajo con las autoridades competentes del Municipio de Oaxaca de Ju\u00e1rez, para fortalecer los mecanismos de protecci\u00f3n y conservaci\u00f3n de las \u00c1reas Naturales Protegidas (ANP\u00b4S) y zonas de reserva ecol\u00f3gica del Cerro del Fort\u00edn, el Crest\u00f3n y Cruz Blanca.<\/p>\n<p>En representaci\u00f3n del titular de la Semaedeso, Samuel Gurri\u00f3n Mat\u00edas, estuvieron el Subsecretario de Normatividad Ecol\u00f3gica y Gesti\u00f3n Ambiental, Jos\u00e9 Ernesto Ruiz L\u00f3pez, y la Subsecretaria de Cambio Clim\u00e1tico, Recursos Naturales y Biodiversidad, Helena Iturribarr\u00eda Rojas; por parte del ayuntamiento capitalino asistieron el Director de Desarrollo Urbano, Obras P\u00fablicas y Medio Ambiente, Carlos Moreno G\u00f3mez y Clemente Jes\u00fas L\u00f3pez.<\/p>\n<p>Dentro de los principales acuerdos establecidos se encuentran el establecimiento de un convenio de colaboraci\u00f3n que permita fortalecer los instrumentos de protecci\u00f3n, conservaci\u00f3n y restauraci\u00f3n de las ANP\u00b4S; as\u00ed como un esquema de inspecciones conjuntas que buscar\u00e1n disminuir los il\u00edcitos que se realizan dentro de la poligonal.<\/p>\n<p>En nombre del titular de la Semaedeso, Samuel Gurri\u00f3n Mat\u00edas, el subsecretario Ernesto Ruiz, dijo que el establecimiento y operaci\u00f3n de las \u00c1reas Protegidas de car\u00e1cter estatal constituyen una estrategia importante para la conservaci\u00f3n del patrimonio biol\u00f3gico de Oaxaca y de los servicios ambientales que brindan a toda la poblaci\u00f3n.<\/p>\n<p>Y que el aprovechamiento de los ecosistemas y biodiversidad que poseen debe efectuarse dentro de l\u00edmites que imponen sus ordenamientos y la necesidad de conservarlas, puntualiz\u00f3.<\/p>\n<p>En tanto, el Jefe del Departamento de Procedimientos Administrativos de la SEMAEDESO, C\u00e9sar Hern\u00e1ndez P\u00e9rez, inform\u00f3 que en lo que va del periodo de la Administraci\u00f3n Estatal, se tienen integrados siete procesos administrativos de los cuales dos de ellos son por la construcci\u00f3n de caminos, cuatro m\u00e1s por la construcci\u00f3n de viviendas particulares y un expediente por infraestructura.<\/p>\n<p>Puntualiz\u00f3 que seis de los siete procesos ya cuentan con su respectiva resoluci\u00f3n administrativa, las obras se encuentran clausuradas por parte de la Semaedeso y se han impuesto las sanciones correspondientes de acuerdo a la ley.<\/p>\n<p>En dicha mesa de trabajo se estableci\u00f3 que las ANP\u00b4S presentan numerosas adversidades para lograr su conservaci\u00f3n y preservaci\u00f3n, derivado de m\u00faltiples factores tales como: invasiones y asentamientos ilegales, irregularidades en la tenencia de la tierra, pr\u00e1cticas de agricultura y ganader\u00eda extensiva, explotaci\u00f3n forestal, incendios forestales y saqueo de recursos naturales, siendo estas las principales causas de su degradaci\u00f3n. <\/p>\n<p>Cabe destacar que la Zona de Reserva Ecol\u00f3gica y \u00c1rea Natural Protegida, decretada desde 1992, se encuentra en el Municipio de Oaxaca de Ju\u00e1rez y comprende los Cerros del Fort\u00edn, del Crest\u00f3n y Cruz Blanca, el conjunto de cerros forman parte de la Sierra de San Felipe del Agua y abarca una superficie total de 2,353.93 hect\u00e1reas, los tipos de vegetaci\u00f3n de la reserva que la conforman son bosques de pino-encino, matorral xer\u00f3filo y selva baja caducifolia.\n<\/p>\n<p><strong style=\"color: #333;font-weight:600\">Oaxaca de Ju\u00e1rez, 24 de agosto de 2020<\/strong>\n<\/div>\n","protected":false},"excerpt":{"rendered":"<p>[lightbox type=\u00bbimage\u00bb src=\u00bbhttps:\/\/www.oaxaca.gob.mx\/semaedeso\/wp-content\/uploads\/sites\/59\/2021\/01\/SEMAEDESO_ANP_Cerro-del-Cresto\u0301n.jpeg\u00bb] [\/lightbox] &nbsp; \u2022 La Zona de Reserva Ecol\u00f3gica y \u00c1rea Natural Protegida, se encuentra en el Municipio de Oaxaca de Ju\u00e1rez y comprende los Cerros del Fort\u00edn, del Crest\u00f3n y Cruz Blanca. Oaxaca de Ju\u00e1rez Oaxaca; 24 de agosto de 2020.- El Gobierno de Oaxaca a trav\u00e9s de la Secretar\u00eda del Medio [&hellip;]<\/p>\n","protected":false},"author":67,"featured_media":12448,"comment_status":"open","ping_status":"open","sticky":false,"template":"","format":"standard","meta":{"episode_type":"","audio_file":"","podmotor_file_id":"","podmotor_episode_id":"","cover_image":"","cover_image_id":"","duration":"","filesize":"","filesize_raw":"","date_recorded":"","explicit":"","block":"","itunes_episode_number":"","itunes_title":"","itunes_season_number":"","itunes_episode_type":"","footnotes":""},"categories":[5],"tags":[306,305],"class_list":["post-12449","post","type-post","status-publish","format-standard","has-post-thumbnail","hentry","category-noticias","tag-anp","tag-areas-naturales-de-oaxaca"],"acf":[],"publishpress_future_action":{"enabled":false,"date":"2026-05-04 11:31:12","action":"change-status","newStatus":"draft","terms":[],"taxonomy":"category","extraData":[]},"publishpress_future_workflow_manual_trigger":{"enabledWorkflows":[]},"_links":{"self":[{"href":"https:\/\/www.oaxaca.gob.mx\/medioambiente\/wp-json\/wp\/v2\/posts\/12449","targetHints":{"allow":["GET"]}}],"collection":[{"href":"https:\/\/www.oaxaca.gob.mx\/medioambiente\/wp-json\/wp\/v2\/posts"}],"about":[{"href":"https:\/\/www.oaxaca.gob.mx\/medioambiente\/wp-json\/wp\/v2\/types\/post"}],"author":[{"embeddable":true,"href":"https:\/\/www.oaxaca.gob.mx\/medioambiente\/wp-json\/wp\/v2\/users\/67"}],"replies":[{"embeddable":true,"href":"https:\/\/www.oaxaca.gob.mx\/medioambiente\/wp-json\/wp\/v2\/comments?post=12449"}],"version-history":[{"count":3,"href":"https:\/\/www.oaxaca.gob.mx\/medioambiente\/wp-json\/wp\/v2\/posts\/12449\/revisions"}],"predecessor-version":[{"id":12452,"href":"https:\/\/www.oaxaca.gob.mx\/medioambiente\/wp-json\/wp\/v2\/posts\/12449\/revisions\/12452"}],"wp:featuredmedia":[{"embeddable":true,"href":"https:\/\/www.oaxaca.gob.mx\/medioambiente\/wp-json\/wp\/v2\/media\/12448"}],"wp:attachment":[{"href":"https:\/\/www.oaxaca.gob.mx\/medioambiente\/wp-json\/wp\/v2\/media?parent=12449"}],"wp:term":[{"taxonomy":"category","embeddable":true,"href":"https:\/\/www.oaxaca.gob.mx\/medioambiente\/wp-json\/wp\/v2\/categories?post=12449"},{"taxonomy":"post_tag","embeddable":true,"href":"https:\/\/www.oaxaca.gob.mx\/medioambiente\/wp-json\/wp\/v2\/tags?post=12449"}],"curies":[{"name":"wp","href":"https:\/\/api.w.org\/{rel}","templated":true}]}}