{"id":10403,"date":"2019-11-06T17:45:48","date_gmt":"2019-11-06T23:45:48","guid":{"rendered":"https:\/\/www.oaxaca.gob.mx\/semaedeso\/?p=10403"},"modified":"2019-11-07T09:47:39","modified_gmt":"2019-11-07T15:47:39","slug":"se-suma-semaedeso-a-la-iniciativa-de-conservacion-de-especies-emblematicas-de-cactaceas-y-agaves","status":"publish","type":"post","link":"https:\/\/www.oaxaca.gob.mx\/medioambiente\/se-suma-semaedeso-a-la-iniciativa-de-conservacion-de-especies-emblematicas-de-cactaceas-y-agaves\/","title":{"rendered":"Se suma SEMAEDESO a la iniciativa de conservaci\u00f3n de especies emblem\u00e1ticas de cact\u00e1ceas y agaves"},"content":{"rendered":"\n<div class=\"row\" style=\"margin-bottom: -30px\">\n<div class=\"col-sm-12 col-lg-12\">\n<div id=\"carousel-example-1\" class=\"carousel slide carousel-fade\" data-ride=\"carousel\" style=\"margin-left: auto;margin-right: auto\">\n<ol class=\"carousel-indicators\">\n<li data-target=\"#carousel-example-1\" data-slide-to=\"0\" class=\"active\"><\/li>\n<li data-target=\"#carousel-example-1\" data-slide-to=\"1\"><\/li>\n<li data-target=\"#carousel-example-1\" data-slide-to=\"2\"><\/li>\n<\/ol>\n<div class=\"carousel-inner\" role=\"listbox\" style=\"height: 400px\">\n<div class=\"carousel-item active\">\n<div class=\"view\">\n                        [lightbox type=\u00bbimage\u00bb src=\u00bbhttps:\/\/www.oaxaca.gob.mx\/semaedeso\/wp-content\/uploads\/sites\/59\/2019\/11\/IMG_0744.jpg\u00bb]\n                        <img decoding=\"async\" class=\"d-block w-100\" style=\"cursor: pointer\" src=\"https:\/\/www.oaxaca.gob.mx\/semaedeso\/wp-content\/uploads\/sites\/59\/2019\/11\/IMG_0744.jpg\" \/><br \/>\n                        [\/lightbox]\n<div class=\"mask rgba-black-strong\"><\/div>\n<\/p><\/div>\n<\/p><\/div>\n<div class=\"carousel-item\">\n<div class=\"view\">\n                        [lightbox type=\u00bbimage\u00bb src=\u00bbhttps:\/\/www.oaxaca.gob.mx\/semaedeso\/wp-content\/uploads\/sites\/59\/2019\/11\/IMG_0717.jpg\u00bb]\n                        <img decoding=\"async\" class=\"d-block w-100\" style=\"cursor: pointer\" src=\"https:\/\/www.oaxaca.gob.mx\/semaedeso\/wp-content\/uploads\/sites\/59\/2019\/11\/IMG_0717.jpg\" \/><br \/>\n                        [\/lightbox]\n<div class=\"mask rgba-black-strong\"><\/div>\n<\/p><\/div>\n<\/p><\/div>\n<div class=\"carousel-item\">\n<div class=\"view\">\n                        [lightbox type=\u00bbimage\u00bb src=\u00bbhttps:\/\/www.oaxaca.gob.mx\/semaedeso\/wp-content\/uploads\/sites\/59\/2019\/11\/IMG_0726.jpg\u00bb]\n                        <img decoding=\"async\" class=\"d-block w-100\" style=\"cursor: pointer\" src=\"https:\/\/www.oaxaca.gob.mx\/semaedeso\/wp-content\/uploads\/sites\/59\/2019\/11\/IMG_0726.jpg\" \/><br \/>\n                        [\/lightbox]\n<div class=\"mask rgba-black-strong\"><\/div>\n<\/p><\/div>\n<\/p><\/div>\n<\/p><\/div>\n<p>            <a class=\"carousel-control-prev\" href=\"#carousel-example-1\" role=\"button\" data-slide=\"prev\"><br \/>\n                <span class=\"carousel-control-prev-icon\" aria-hidden=\"true\"><\/span><br \/>\n                <span class=\"sr-only\">Anterior<\/span><br \/>\n            <\/a><br \/>\n            <a class=\"carousel-control-next\" href=\"#carousel-example-1\" role=\"button\" data-slide=\"next\"><br \/>\n                <span class=\"carousel-control-next-icon\" aria-hidden=\"true\"><\/span><br \/>\n                <span class=\"sr-only\">Siguiente<\/span><br \/>\n            <\/a>\n        <\/div>\n<\/p><\/div>\n<\/div>\n<p>\n<em style=\"font-size: 14px;color: #000\"> \u2022 \u00a0 Oaxaca cuenta con un registro de 9 mil 130 especies de flora, lo que equivale a cerca del 40% a nivel nacional. De estas, 722 son end\u00e9micas al estado y 309 tienen alg\u00fan estatus de conservaci\u00f3n.<\/em><\/p>\n<div style=\"color: #000;font-size: 15px\">\n<p>\u201cDesde la Semaedeso se impulsan todas las iniciativas de conservaci\u00f3n, destacando la de especies emblem\u00e1ticas como las cact\u00e1ceas y agaves y, desde el Gobierno del Estado se respalda todo proyecto sustentable que beneficie al pueblo oaxaque\u00f1o\u201d, fueron las palabras del titular de la SEMAEDESO, Samuel Gurri\u00f3n Mat\u00edas durante taller orientado a conocer las plantas mexicanas del desierto y sus beneficios.<\/p>\n<p>Durante la apertura del taller \u201cPlanta mexicana del desierto: un recurso nacional no aprovechado para qu\u00edmicos de alto valor. Una aproximaci\u00f3n biotecnol\u00f3gica para la exploraci\u00f3n de compuesto vegetales de importancia industrial\u201d, el funcionario estatal expres\u00f3 que el arraigo cultural ha creado v\u00ednculos estrechos que se ejemplifican en la medicina tradicional.<\/p>\n<p>\u201cEn la Semaedeso, por instrucci\u00f3n del ejecutivo del estado, Alejandro Murat Hinojosa,  tambi\u00e9n promovemos los esfuerzos de conservaci\u00f3n comunitaria y los instrumentos de planeaci\u00f3n territorial, por lo que impulsamos actualmente el ordenamiento ecol\u00f3gico del Istmo y la conectividad ecosist\u00e9mica que debe mantenerse en el marco del Corredor Biol\u00f3gico Mesoamericano\u201d, expres\u00f3 en entrevista Gurri\u00f3n Mat\u00edas al concluir el evento.<\/p>\n<p>Por su parte, el profesor distinguido de Nanyang technologycal University y l\u00edder del proyecto, Bertil Andersson junto con el cient\u00edfico oaxaque\u00f1o. H\u00e9ctor Cabrera, detall\u00f3 que M\u00e9xico tiene una gran diversidad de plantas adaptadas a las condiciones des\u00e9rticas que pueden sintetizar diversos compuestos qu\u00edmicos que favorecen la generaci\u00f3n de productos vegetales de uso com\u00fan para la industria m\u00e9dica, farmac\u00e9utica, nutricional e industrial.<\/p>\n<p>H\u00e9ctor Alejandro Cabrera Fuentes, quien es originario del Istmo de Tehuantepec, ha colocado en alto el nombre de Oaxaca y de M\u00e9xico al ser un hombre destacado en la ciencia y en la medicina al desarrollar investigaciones en contra de las enfermedades cardiovasculares e infartos.  <\/p>\n<p>En el mismo \u00e1mbito, el vicerrector de Investigaci\u00f3n y Transferencia de Tecnolog\u00eda del ITESM detall\u00f3 que desde la instituci\u00f3n se tiene la visi\u00f3n del desarrollo de las comunidades a trav\u00e9s de la investigaci\u00f3n con la innovaci\u00f3n, en donde se han comenzado estrategias de investigaci\u00f3n basadas en la innovaci\u00f3n abierta, colaborativa e interdisciplinaria<\/p>\n<p>En su intervenci\u00f3n, el Secretario de Econom\u00eda, Juan Pablo Guzm\u00e1n Cob\u00edan, coincidi\u00f3 con Gurri\u00f3n Mat\u00edas en la importancia de sumar esfuerzos desde el gobierno del estado de Oaxaca a proyectos, que basados en la investigaci\u00f3n, fortalezcan la calidad de vida de los oaxaque\u00f1os.<\/p>\n<p>Como ejemplo de la gran riqueza biol\u00f3gica, solo hablando de flora, Oaxaca cuenta con un registro de 9 mil 130 especies, lo que equivale a cerca del 40% de la flora a nivel nacional. De estas, 722 son end\u00e9micas al estado y 309 tienen alg\u00fan estatus de conservaci\u00f3n.<\/p>\n<p>Los an\u00e1lisis muestran que el cambio de uso del suelo es la principal causa de degradaci\u00f3n, a nivel estatal el 37.9% presenta degradaci\u00f3n ligera por cambio de uso y un 24.2% presenta degradaci\u00f3n severa. Cabe destacar, que el Istmo presenta degradaci\u00f3n severa por cambio de uso de suelo con 24.4%.<\/p>\n<p>A la inauguraci\u00f3n del taller asistieron el director del Consejo Oaxaque\u00f1o de Ciencia,  Tecnolog\u00eda e Investigaci\u00f3n, Hermenegildo Vel\u00e1squez Ayala; del Corredor Interoce\u00e1nico del Istmo de Tehuantepec, Rafael Mar\u00edn; del Centro de Investigaci\u00f3n y Estudios Avanzados, Bertil Andersson.\n<\/p>\n<p><strong style=\"color: #333;font-weight:600\">Oaxaca de Ju\u00e1rez, 06 de noviembre de 2019<\/strong>\n<\/div>\n","protected":false},"excerpt":{"rendered":"<p>[lightbox type=\u00bbimage\u00bb src=\u00bbhttps:\/\/www.oaxaca.gob.mx\/semaedeso\/wp-content\/uploads\/sites\/59\/2019\/11\/IMG_0744.jpg\u00bb] [\/lightbox] [lightbox type=\u00bbimage\u00bb src=\u00bbhttps:\/\/www.oaxaca.gob.mx\/semaedeso\/wp-content\/uploads\/sites\/59\/2019\/11\/IMG_0717.jpg\u00bb] [\/lightbox] [lightbox type=\u00bbimage\u00bb src=\u00bbhttps:\/\/www.oaxaca.gob.mx\/semaedeso\/wp-content\/uploads\/sites\/59\/2019\/11\/IMG_0726.jpg\u00bb] [\/lightbox] Anterior Siguiente \u2022 \u00a0 Oaxaca cuenta con un registro de 9 mil 130 especies de flora, lo que equivale a cerca del 40% a nivel nacional. De estas, 722 son end\u00e9micas al estado y 309 tienen alg\u00fan estatus de conservaci\u00f3n. \u201cDesde la Semaedeso [&hellip;]<\/p>\n","protected":false},"author":67,"featured_media":10404,"comment_status":"open","ping_status":"open","sticky":false,"template":"","format":"standard","meta":{"episode_type":"","audio_file":"","podmotor_file_id":"","podmotor_episode_id":"","cover_image":"","cover_image_id":"","duration":"","filesize":"","filesize_raw":"","date_recorded":"","explicit":"","block":"","itunes_episode_number":"","itunes_title":"","itunes_season_number":"","itunes_episode_type":"","footnotes":""},"categories":[5],"tags":[267,266,268],"class_list":["post-10403","post","type-post","status-publish","format-standard","has-post-thumbnail","hentry","category-noticias","tag-agaves","tag-cactaceas","tag-especies-emblematicas"],"acf":[],"publishpress_future_action":{"enabled":false,"date":"2026-05-07 11:28:46","action":"change-status","newStatus":"draft","terms":[],"taxonomy":"category","extraData":[]},"publishpress_future_workflow_manual_trigger":{"enabledWorkflows":[]},"_links":{"self":[{"href":"https:\/\/www.oaxaca.gob.mx\/medioambiente\/wp-json\/wp\/v2\/posts\/10403","targetHints":{"allow":["GET"]}}],"collection":[{"href":"https:\/\/www.oaxaca.gob.mx\/medioambiente\/wp-json\/wp\/v2\/posts"}],"about":[{"href":"https:\/\/www.oaxaca.gob.mx\/medioambiente\/wp-json\/wp\/v2\/types\/post"}],"author":[{"embeddable":true,"href":"https:\/\/www.oaxaca.gob.mx\/medioambiente\/wp-json\/wp\/v2\/users\/67"}],"replies":[{"embeddable":true,"href":"https:\/\/www.oaxaca.gob.mx\/medioambiente\/wp-json\/wp\/v2\/comments?post=10403"}],"version-history":[{"count":1,"href":"https:\/\/www.oaxaca.gob.mx\/medioambiente\/wp-json\/wp\/v2\/posts\/10403\/revisions"}],"predecessor-version":[{"id":10407,"href":"https:\/\/www.oaxaca.gob.mx\/medioambiente\/wp-json\/wp\/v2\/posts\/10403\/revisions\/10407"}],"wp:featuredmedia":[{"embeddable":true,"href":"https:\/\/www.oaxaca.gob.mx\/medioambiente\/wp-json\/wp\/v2\/media\/10404"}],"wp:attachment":[{"href":"https:\/\/www.oaxaca.gob.mx\/medioambiente\/wp-json\/wp\/v2\/media?parent=10403"}],"wp:term":[{"taxonomy":"category","embeddable":true,"href":"https:\/\/www.oaxaca.gob.mx\/medioambiente\/wp-json\/wp\/v2\/categories?post=10403"},{"taxonomy":"post_tag","embeddable":true,"href":"https:\/\/www.oaxaca.gob.mx\/medioambiente\/wp-json\/wp\/v2\/tags?post=10403"}],"curies":[{"name":"wp","href":"https:\/\/api.w.org\/{rel}","templated":true}]}}