{"id":5864,"date":"2026-03-12T11:33:56","date_gmt":"2026-03-12T17:33:56","guid":{"rendered":"https:\/\/www.oaxaca.gob.mx\/jca\/?p=5864"},"modified":"2026-03-12T11:33:56","modified_gmt":"2026-03-12T17:33:56","slug":"firma-de-convenio-de-definicion-de-linderos-entre-las-comunidades-de-san-baltazar-chivaguela-y-santo-tomas-quieri-ambos-del-municipio-de-san-carlos-yautepec-distrito-de-yautepec-oaxaca-10-03-26","status":"publish","type":"post","link":"https:\/\/www.oaxaca.gob.mx\/jca\/firma-de-convenio-de-definicion-de-linderos-entre-las-comunidades-de-san-baltazar-chivaguela-y-santo-tomas-quieri-ambos-del-municipio-de-san-carlos-yautepec-distrito-de-yautepec-oaxaca-10-03-26\/","title":{"rendered":"Firma de convenio de definici\u00f3n de linderos entre las comunidades de San Baltazar Chivaguela y Santo Tom\u00e1s Quier\u00ed, ambos del municipio de San Carlos Yautepec, distrito de Yautepec, Oaxaca (10-03-26)"},"content":{"rendered":"<p><img loading=\"lazy\" decoding=\"async\" class=\"alignnone size-large wp-image-5859\" src=\"https:\/\/www.oaxaca.gob.mx\/jca\/wp-content\/uploads\/sites\/47\/2026\/03\/IMG_1136-1024x768.jpg\" alt=\"\" width=\"1024\" height=\"768\" srcset=\"https:\/\/www.oaxaca.gob.mx\/jca\/wp-content\/uploads\/sites\/47\/2026\/03\/IMG_1136-1024x768.jpg 1024w, https:\/\/www.oaxaca.gob.mx\/jca\/wp-content\/uploads\/sites\/47\/2026\/03\/IMG_1136-300x225.jpg 300w, https:\/\/www.oaxaca.gob.mx\/jca\/wp-content\/uploads\/sites\/47\/2026\/03\/IMG_1136-768x576.jpg 768w, https:\/\/www.oaxaca.gob.mx\/jca\/wp-content\/uploads\/sites\/47\/2026\/03\/IMG_1136-1536x1152.jpg 1536w, https:\/\/www.oaxaca.gob.mx\/jca\/wp-content\/uploads\/sites\/47\/2026\/03\/IMG_1136-2048x1536.jpg 2048w\" sizes=\"auto, (max-width: 1024px) 100vw, 1024px\" \/><\/p>\n","protected":false},"excerpt":{"rendered":"","protected":false},"author":56,"featured_media":0,"comment_status":"open","ping_status":"open","sticky":false,"template":"","format":"standard","meta":{"episode_type":"","audio_file":"","podmotor_file_id":"","podmotor_episode_id":"","cover_image":"","cover_image_id":"","duration":"","filesize":"","filesize_raw":"","date_recorded":"","explicit":"","block":"","itunes_episode_number":"","itunes_title":"","itunes_season_number":"","itunes_episode_type":"","footnotes":""},"categories":[1],"tags":[],"class_list":["post-5864","post","type-post","status-publish","format-standard","hentry","category-sin-categoria"],"acf":[],"publishpress_future_action":{"enabled":false,"date":"2026-05-07 15:09:28","action":"change-status","newStatus":"draft","terms":[],"taxonomy":"category","extraData":[]},"publishpress_future_workflow_manual_trigger":{"enabledWorkflows":[]},"_links":{"self":[{"href":"https:\/\/www.oaxaca.gob.mx\/jca\/wp-json\/wp\/v2\/posts\/5864","targetHints":{"allow":["GET"]}}],"collection":[{"href":"https:\/\/www.oaxaca.gob.mx\/jca\/wp-json\/wp\/v2\/posts"}],"about":[{"href":"https:\/\/www.oaxaca.gob.mx\/jca\/wp-json\/wp\/v2\/types\/post"}],"author":[{"embeddable":true,"href":"https:\/\/www.oaxaca.gob.mx\/jca\/wp-json\/wp\/v2\/users\/56"}],"replies":[{"embeddable":true,"href":"https:\/\/www.oaxaca.gob.mx\/jca\/wp-json\/wp\/v2\/comments?post=5864"}],"version-history":[{"count":1,"href":"https:\/\/www.oaxaca.gob.mx\/jca\/wp-json\/wp\/v2\/posts\/5864\/revisions"}],"predecessor-version":[{"id":5865,"href":"https:\/\/www.oaxaca.gob.mx\/jca\/wp-json\/wp\/v2\/posts\/5864\/revisions\/5865"}],"wp:attachment":[{"href":"https:\/\/www.oaxaca.gob.mx\/jca\/wp-json\/wp\/v2\/media?parent=5864"}],"wp:term":[{"taxonomy":"category","embeddable":true,"href":"https:\/\/www.oaxaca.gob.mx\/jca\/wp-json\/wp\/v2\/categories?post=5864"},{"taxonomy":"post_tag","embeddable":true,"href":"https:\/\/www.oaxaca.gob.mx\/jca\/wp-json\/wp\/v2\/tags?post=5864"}],"curies":[{"name":"wp","href":"https:\/\/api.w.org\/{rel}","templated":true}]}}