{"id":5685,"date":"2025-12-15T13:03:49","date_gmt":"2025-12-15T19:03:49","guid":{"rendered":"https:\/\/www.oaxaca.gob.mx\/jca\/?p=5685"},"modified":"2025-12-15T13:05:30","modified_gmt":"2025-12-15T19:05:30","slug":"convenio-agrario-de-definicion-de-linderos-que-celebran-las-comunidades-de-santo-domingo-tlatayapam-distrito-de-teposcolula-y-san-francisco-nuxano-distrito-de-nochixtlan-15-12-25","status":"publish","type":"post","link":"https:\/\/www.oaxaca.gob.mx\/jca\/convenio-agrario-de-definicion-de-linderos-que-celebran-las-comunidades-de-santo-domingo-tlatayapam-distrito-de-teposcolula-y-san-francisco-nuxano-distrito-de-nochixtlan-15-12-25\/","title":{"rendered":"Firma de convenio agrario de definici\u00f3n de linderos que celebran las comunidades de Santo Domingo Tlatayapam, distrito de Teposcolula y San Francisco Nuxa\u00f1o, distrito de Nochixtl\u00e1n (15-12-25)"},"content":{"rendered":"<p><img loading=\"lazy\" decoding=\"async\" class=\"aligncenter size-large wp-image-5686\" src=\"https:\/\/www.oaxaca.gob.mx\/jca\/wp-content\/uploads\/sites\/47\/2025\/12\/WhatsApp-Image-2025-12-15-at-12.11.42-2-1024x717.jpeg\" alt=\"\" width=\"1024\" height=\"717\" srcset=\"https:\/\/www.oaxaca.gob.mx\/jca\/wp-content\/uploads\/sites\/47\/2025\/12\/WhatsApp-Image-2025-12-15-at-12.11.42-2-1024x717.jpeg 1024w, https:\/\/www.oaxaca.gob.mx\/jca\/wp-content\/uploads\/sites\/47\/2025\/12\/WhatsApp-Image-2025-12-15-at-12.11.42-2-300x210.jpeg 300w, https:\/\/www.oaxaca.gob.mx\/jca\/wp-content\/uploads\/sites\/47\/2025\/12\/WhatsApp-Image-2025-12-15-at-12.11.42-2-768x538.jpeg 768w, https:\/\/www.oaxaca.gob.mx\/jca\/wp-content\/uploads\/sites\/47\/2025\/12\/WhatsApp-Image-2025-12-15-at-12.11.42-2-1536x1075.jpeg 1536w, https:\/\/www.oaxaca.gob.mx\/jca\/wp-content\/uploads\/sites\/47\/2025\/12\/WhatsApp-Image-2025-12-15-at-12.11.42-2.jpeg 1600w\" sizes=\"auto, (max-width: 1024px) 100vw, 1024px\" \/><\/p>\n","protected":false},"excerpt":{"rendered":"","protected":false},"author":56,"featured_media":0,"comment_status":"open","ping_status":"open","sticky":false,"template":"","format":"standard","meta":{"episode_type":"","audio_file":"","podmotor_file_id":"","podmotor_episode_id":"","cover_image":"","cover_image_id":"","duration":"","filesize":"","filesize_raw":"","date_recorded":"","explicit":"","block":"","itunes_episode_number":"","itunes_title":"","itunes_season_number":"","itunes_episode_type":"","footnotes":""},"categories":[1],"tags":[],"class_list":["post-5685","post","type-post","status-publish","format-standard","hentry","category-sin-categoria"],"acf":[],"publishpress_future_action":{"enabled":false,"date":"2026-05-07 13:15:53","action":"change-status","newStatus":"draft","terms":[],"taxonomy":"category","extraData":[]},"publishpress_future_workflow_manual_trigger":{"enabledWorkflows":[]},"_links":{"self":[{"href":"https:\/\/www.oaxaca.gob.mx\/jca\/wp-json\/wp\/v2\/posts\/5685","targetHints":{"allow":["GET"]}}],"collection":[{"href":"https:\/\/www.oaxaca.gob.mx\/jca\/wp-json\/wp\/v2\/posts"}],"about":[{"href":"https:\/\/www.oaxaca.gob.mx\/jca\/wp-json\/wp\/v2\/types\/post"}],"author":[{"embeddable":true,"href":"https:\/\/www.oaxaca.gob.mx\/jca\/wp-json\/wp\/v2\/users\/56"}],"replies":[{"embeddable":true,"href":"https:\/\/www.oaxaca.gob.mx\/jca\/wp-json\/wp\/v2\/comments?post=5685"}],"version-history":[{"count":2,"href":"https:\/\/www.oaxaca.gob.mx\/jca\/wp-json\/wp\/v2\/posts\/5685\/revisions"}],"predecessor-version":[{"id":5688,"href":"https:\/\/www.oaxaca.gob.mx\/jca\/wp-json\/wp\/v2\/posts\/5685\/revisions\/5688"}],"wp:attachment":[{"href":"https:\/\/www.oaxaca.gob.mx\/jca\/wp-json\/wp\/v2\/media?parent=5685"}],"wp:term":[{"taxonomy":"category","embeddable":true,"href":"https:\/\/www.oaxaca.gob.mx\/jca\/wp-json\/wp\/v2\/categories?post=5685"},{"taxonomy":"post_tag","embeddable":true,"href":"https:\/\/www.oaxaca.gob.mx\/jca\/wp-json\/wp\/v2\/tags?post=5685"}],"curies":[{"name":"wp","href":"https:\/\/api.w.org\/{rel}","templated":true}]}}