{"id":105,"date":"2026-04-10T20:47:07","date_gmt":"2026-04-10T18:47:07","guid":{"rendered":"https:\/\/www.oaxaca.gob.mx\/itpo\/?p=105"},"modified":"2026-04-10T20:47:07","modified_gmt":"2026-04-10T18:47:07","slug":"se-instalo-formalmente-el-comite-del-subsistema-estatal-de-transparencia-y-acceso-a-la-informacion-publica-de-oaxaca","status":"publish","type":"post","link":"https:\/\/www.oaxaca.gob.mx\/itpo\/2026\/04\/10\/se-instalo-formalmente-el-comite-del-subsistema-estatal-de-transparencia-y-acceso-a-la-informacion-publica-de-oaxaca\/","title":{"rendered":"Se instal\u00f3 formalmente el Comit\u00e9 del Subsistema Estatal de Transparencia y Acceso a la Informaci\u00f3n P\u00fablica de Oaxaca"},"content":{"rendered":"<p>El 17 de marzo se instal\u00f3 formalmente el Comit\u00e9 del Subsistema Estatal de Transparencia y Acceso a la Informaci\u00f3n P\u00fablica de Oaxaca. El evento fue presidido por la secretaria de Honestidad,\u00a0Leticia Elsa Reyes L\u00f3pez, y el director general del Instituto de Transparencia para el Pueblo de Oaxaca,\u00a0Josu\u00e9 Solana Salmor\u00e1n. Con la participaci\u00f3n virtual de\u00a0Mar\u00eda Tanivet Ramos Reyes, titular de \u00abTransparencia para el Pueblo\u00bb, se tom\u00f3 protesta a 10 autoridades y titulares de \u00f3rganos internos de control. Este nuevo organismo se convierte en el eje rector para coordinar pol\u00edticas de gobierno abierto y rendici\u00f3n de cuentas en el estado, bajo la visi\u00f3n de integridad impulsada por el Gobernador\u00a0Salom\u00f3n Jara Cruz.<\/p>\n<div class=\"su-image-carousel  su-image-carousel-has-spacing su-image-carousel-crop su-image-carousel-crop-16-9 su-image-carousel-has-lightbox su-image-carousel-adaptive su-image-carousel-slides-style-default su-image-carousel-controls-style-dark su-image-carousel-align-center\" style=\"max-width:85%\" data-flickity-options='{\"groupCells\":true,\"cellSelector\":\".su-image-carousel-item\",\"adaptiveHeight\":false,\"cellAlign\":\"left\",\"prevNextButtons\":true,\"pageDots\":false,\"autoPlay\":5000,\"imagesLoaded\":true,\"contain\":true,\"selectedAttraction\":0.025,\"friction\":0.28}' id=\"su_image_carousel_69f70c2ea1120\"><div class=\"su-image-carousel-item\"><div class=\"su-image-carousel-item-content\"><a href=\"https:\/\/www.oaxaca.gob.mx\/itpo\/wp-content\/uploads\/sites\/101\/2026\/04\/noticia-3.jpeg\" target=\"_blank\" rel=\"noopener noreferrer\" data-caption=\"\"><img loading=\"lazy\" decoding=\"async\" width=\"1024\" height=\"820\" src=\"https:\/\/www.oaxaca.gob.mx\/itpo\/wp-content\/uploads\/sites\/101\/2026\/04\/noticia-3-1024x820.jpeg\" class=\"\" alt=\"\" srcset=\"https:\/\/www.oaxaca.gob.mx\/itpo\/wp-content\/uploads\/sites\/101\/2026\/04\/noticia-3-1024x820.jpeg 1024w, https:\/\/www.oaxaca.gob.mx\/itpo\/wp-content\/uploads\/sites\/101\/2026\/04\/noticia-3-300x240.jpeg 300w, https:\/\/www.oaxaca.gob.mx\/itpo\/wp-content\/uploads\/sites\/101\/2026\/04\/noticia-3-768x615.jpeg 768w, https:\/\/www.oaxaca.gob.mx\/itpo\/wp-content\/uploads\/sites\/101\/2026\/04\/noticia-3-1536x1230.jpeg 1536w, https:\/\/www.oaxaca.gob.mx\/itpo\/wp-content\/uploads\/sites\/101\/2026\/04\/noticia-3.jpeg 1599w\" sizes=\"auto, (max-width: 1024px) 100vw, 1024px\" \/><\/a><\/div><\/div><div class=\"su-image-carousel-item\"><div class=\"su-image-carousel-item-content\"><a href=\"https:\/\/www.oaxaca.gob.mx\/itpo\/wp-content\/uploads\/sites\/101\/2026\/04\/noticia-3-4.jpeg\" target=\"_blank\" rel=\"noopener noreferrer\" data-caption=\"\"><img loading=\"lazy\" decoding=\"async\" width=\"1024\" height=\"461\" src=\"https:\/\/www.oaxaca.gob.mx\/itpo\/wp-content\/uploads\/sites\/101\/2026\/04\/noticia-3-4-1024x461.jpeg\" class=\"\" alt=\"\" srcset=\"https:\/\/www.oaxaca.gob.mx\/itpo\/wp-content\/uploads\/sites\/101\/2026\/04\/noticia-3-4-1024x461.jpeg 1024w, https:\/\/www.oaxaca.gob.mx\/itpo\/wp-content\/uploads\/sites\/101\/2026\/04\/noticia-3-4-300x135.jpeg 300w, https:\/\/www.oaxaca.gob.mx\/itpo\/wp-content\/uploads\/sites\/101\/2026\/04\/noticia-3-4-768x346.jpeg 768w, https:\/\/www.oaxaca.gob.mx\/itpo\/wp-content\/uploads\/sites\/101\/2026\/04\/noticia-3-4-1536x692.jpeg 1536w, https:\/\/www.oaxaca.gob.mx\/itpo\/wp-content\/uploads\/sites\/101\/2026\/04\/noticia-3-4.jpeg 1600w\" sizes=\"auto, (max-width: 1024px) 100vw, 1024px\" \/><\/a><\/div><\/div><div class=\"su-image-carousel-item\"><div class=\"su-image-carousel-item-content\"><a href=\"https:\/\/www.oaxaca.gob.mx\/itpo\/wp-content\/uploads\/sites\/101\/2026\/04\/noticia-3-3.jpeg\" target=\"_blank\" rel=\"noopener noreferrer\" data-caption=\"\"><img loading=\"lazy\" decoding=\"async\" width=\"1024\" height=\"461\" src=\"https:\/\/www.oaxaca.gob.mx\/itpo\/wp-content\/uploads\/sites\/101\/2026\/04\/noticia-3-3-1024x461.jpeg\" class=\"\" alt=\"\" srcset=\"https:\/\/www.oaxaca.gob.mx\/itpo\/wp-content\/uploads\/sites\/101\/2026\/04\/noticia-3-3-1024x461.jpeg 1024w, https:\/\/www.oaxaca.gob.mx\/itpo\/wp-content\/uploads\/sites\/101\/2026\/04\/noticia-3-3-300x135.jpeg 300w, https:\/\/www.oaxaca.gob.mx\/itpo\/wp-content\/uploads\/sites\/101\/2026\/04\/noticia-3-3-768x346.jpeg 768w, https:\/\/www.oaxaca.gob.mx\/itpo\/wp-content\/uploads\/sites\/101\/2026\/04\/noticia-3-3-1536x692.jpeg 1536w, https:\/\/www.oaxaca.gob.mx\/itpo\/wp-content\/uploads\/sites\/101\/2026\/04\/noticia-3-3.jpeg 1600w\" sizes=\"auto, (max-width: 1024px) 100vw, 1024px\" \/><\/a><\/div><\/div><div class=\"su-image-carousel-item\"><div class=\"su-image-carousel-item-content\"><a href=\"https:\/\/www.oaxaca.gob.mx\/itpo\/wp-content\/uploads\/sites\/101\/2026\/04\/noticia-3-2.jpeg\" target=\"_blank\" rel=\"noopener noreferrer\" data-caption=\"\"><img loading=\"lazy\" decoding=\"async\" width=\"820\" height=\"1024\" src=\"https:\/\/www.oaxaca.gob.mx\/itpo\/wp-content\/uploads\/sites\/101\/2026\/04\/noticia-3-2-820x1024.jpeg\" class=\"\" alt=\"\" srcset=\"https:\/\/www.oaxaca.gob.mx\/itpo\/wp-content\/uploads\/sites\/101\/2026\/04\/noticia-3-2-820x1024.jpeg 820w, https:\/\/www.oaxaca.gob.mx\/itpo\/wp-content\/uploads\/sites\/101\/2026\/04\/noticia-3-2-240x300.jpeg 240w, https:\/\/www.oaxaca.gob.mx\/itpo\/wp-content\/uploads\/sites\/101\/2026\/04\/noticia-3-2-768x959.jpeg 768w, https:\/\/www.oaxaca.gob.mx\/itpo\/wp-content\/uploads\/sites\/101\/2026\/04\/noticia-3-2-1230x1536.jpeg 1230w, https:\/\/www.oaxaca.gob.mx\/itpo\/wp-content\/uploads\/sites\/101\/2026\/04\/noticia-3-2.jpeg 1280w\" sizes=\"auto, (max-width: 820px) 100vw, 820px\" \/><\/a><\/div><\/div><\/div><script id=\"su_image_carousel_69f70c2ea1120_script\">if(window.SUImageCarousel){setTimeout(function() {window.SUImageCarousel.initGallery(document.getElementById(\"su_image_carousel_69f70c2ea1120\"))}, 0);}var su_image_carousel_69f70c2ea1120_script=document.getElementById(\"su_image_carousel_69f70c2ea1120_script\");if(su_image_carousel_69f70c2ea1120_script){su_image_carousel_69f70c2ea1120_script.parentNode.removeChild(su_image_carousel_69f70c2ea1120_script);}<\/script>\n","protected":false},"excerpt":{"rendered":"<p>El 17 de marzo se instal\u00f3 formalmente el Comit\u00e9 del Subsistema Estatal de Transparencia y Acceso a la Informaci\u00f3n P\u00fablica de Oaxaca. El evento fue presidido por la secretaria de Honestidad,\u00a0Leticia Elsa Reyes L\u00f3pez, y el director general del Instituto de Transparencia para el Pueblo de Oaxaca,\u00a0Josu\u00e9 Solana Salmor\u00e1n. Con la participaci\u00f3n virtual de\u00a0Mar\u00eda Tanivet [&hellip;]<\/p>\n","protected":false},"author":1,"featured_media":108,"comment_status":"open","ping_status":"open","sticky":false,"template":"","format":"standard","meta":{"episode_type":"","audio_file":"","podmotor_file_id":"","podmotor_episode_id":"","cover_image":"","cover_image_id":"","duration":"","filesize":"","filesize_raw":"","date_recorded":"","explicit":"","block":"","itunes_episode_number":"","itunes_title":"","itunes_season_number":"","itunes_episode_type":"","footnotes":""},"categories":[7,8],"tags":[],"class_list":["post-105","post","type-post","status-publish","format-standard","has-post-thumbnail","hentry","category-slide","category-noticias"],"acf":[],"publishpress_future_action":{"enabled":false,"date":"2026-05-10 10:49:50","action":"change-status","newStatus":"draft","terms":[],"taxonomy":"category","extraData":[]},"publishpress_future_workflow_manual_trigger":{"enabledWorkflows":[]},"_links":{"self":[{"href":"https:\/\/www.oaxaca.gob.mx\/itpo\/wp-json\/wp\/v2\/posts\/105","targetHints":{"allow":["GET"]}}],"collection":[{"href":"https:\/\/www.oaxaca.gob.mx\/itpo\/wp-json\/wp\/v2\/posts"}],"about":[{"href":"https:\/\/www.oaxaca.gob.mx\/itpo\/wp-json\/wp\/v2\/types\/post"}],"author":[{"embeddable":true,"href":"https:\/\/www.oaxaca.gob.mx\/itpo\/wp-json\/wp\/v2\/users\/1"}],"replies":[{"embeddable":true,"href":"https:\/\/www.oaxaca.gob.mx\/itpo\/wp-json\/wp\/v2\/comments?post=105"}],"version-history":[{"count":1,"href":"https:\/\/www.oaxaca.gob.mx\/itpo\/wp-json\/wp\/v2\/posts\/105\/revisions"}],"predecessor-version":[{"id":110,"href":"https:\/\/www.oaxaca.gob.mx\/itpo\/wp-json\/wp\/v2\/posts\/105\/revisions\/110"}],"wp:featuredmedia":[{"embeddable":true,"href":"https:\/\/www.oaxaca.gob.mx\/itpo\/wp-json\/wp\/v2\/media\/108"}],"wp:attachment":[{"href":"https:\/\/www.oaxaca.gob.mx\/itpo\/wp-json\/wp\/v2\/media?parent=105"}],"wp:term":[{"taxonomy":"category","embeddable":true,"href":"https:\/\/www.oaxaca.gob.mx\/itpo\/wp-json\/wp\/v2\/categories?post=105"},{"taxonomy":"post_tag","embeddable":true,"href":"https:\/\/www.oaxaca.gob.mx\/itpo\/wp-json\/wp\/v2\/tags?post=105"}],"curies":[{"name":"wp","href":"https:\/\/api.w.org\/{rel}","templated":true}]}}