{"id":100,"date":"2026-04-10T20:43:58","date_gmt":"2026-04-10T18:43:58","guid":{"rendered":"https:\/\/www.oaxaca.gob.mx\/itpo\/?p=100"},"modified":"2026-04-10T20:43:58","modified_gmt":"2026-04-10T18:43:58","slug":"reunion-estrategica-con-el-sistema-nacional-de-transparencia","status":"publish","type":"post","link":"https:\/\/www.oaxaca.gob.mx\/itpo\/2026\/04\/10\/reunion-estrategica-con-el-sistema-nacional-de-transparencia\/","title":{"rendered":"Reuni\u00f3n estrat\u00e9gica con el\u00a0Sistema Nacional de Transparencia"},"content":{"rendered":"<p>\u00a1Fortalecemos la rendici\u00f3n de cuentas! El titular del Instituto de Transparencia encabez\u00f3 una reuni\u00f3n estrat\u00e9gica con el\u00a0Sistema Nacional de Transparencia\u00a0y autoridades locales para unificar criterios sobre los Lineamientos T\u00e9cnicos de publicaci\u00f3n. Con esta capacitaci\u00f3n, los poderes del Estado y organismos aut\u00f3nomos de Oaxaca se preparan para cumplir en tiempo y forma con la carga de obligaciones del primer trimestre de este a\u00f1o.<\/p>\n<div class=\"su-image-carousel  su-image-carousel-has-spacing su-image-carousel-crop su-image-carousel-crop-16-9 su-image-carousel-has-lightbox su-image-carousel-adaptive su-image-carousel-slides-style-default su-image-carousel-controls-style-dark su-image-carousel-align-center\" style=\"max-width:85%\" data-flickity-options='{\"groupCells\":true,\"cellSelector\":\".su-image-carousel-item\",\"adaptiveHeight\":false,\"cellAlign\":\"left\",\"prevNextButtons\":true,\"pageDots\":false,\"autoPlay\":5000,\"imagesLoaded\":true,\"contain\":true,\"selectedAttraction\":0.025,\"friction\":0.28}' id=\"su_image_carousel_69f7112816ba8\"><div class=\"su-image-carousel-item\"><div class=\"su-image-carousel-item-content\"><a href=\"https:\/\/www.oaxaca.gob.mx\/itpo\/wp-content\/uploads\/sites\/101\/2026\/04\/noticia-2.jpeg\" target=\"_blank\" rel=\"noopener noreferrer\" data-caption=\"\"><img loading=\"lazy\" decoding=\"async\" width=\"1024\" height=\"461\" src=\"https:\/\/www.oaxaca.gob.mx\/itpo\/wp-content\/uploads\/sites\/101\/2026\/04\/noticia-2-1024x461.jpeg\" class=\"\" alt=\"\" srcset=\"https:\/\/www.oaxaca.gob.mx\/itpo\/wp-content\/uploads\/sites\/101\/2026\/04\/noticia-2-1024x461.jpeg 1024w, https:\/\/www.oaxaca.gob.mx\/itpo\/wp-content\/uploads\/sites\/101\/2026\/04\/noticia-2-300x135.jpeg 300w, https:\/\/www.oaxaca.gob.mx\/itpo\/wp-content\/uploads\/sites\/101\/2026\/04\/noticia-2-768x346.jpeg 768w, https:\/\/www.oaxaca.gob.mx\/itpo\/wp-content\/uploads\/sites\/101\/2026\/04\/noticia-2-1536x692.jpeg 1536w, https:\/\/www.oaxaca.gob.mx\/itpo\/wp-content\/uploads\/sites\/101\/2026\/04\/noticia-2.jpeg 1600w\" sizes=\"auto, (max-width: 1024px) 100vw, 1024px\" \/><\/a><\/div><\/div><div class=\"su-image-carousel-item\"><div class=\"su-image-carousel-item-content\"><a href=\"https:\/\/www.oaxaca.gob.mx\/itpo\/wp-content\/uploads\/sites\/101\/2026\/04\/noticia-2-3.jpeg\" target=\"_blank\" rel=\"noopener noreferrer\" data-caption=\"\"><img loading=\"lazy\" decoding=\"async\" width=\"1024\" height=\"461\" src=\"https:\/\/www.oaxaca.gob.mx\/itpo\/wp-content\/uploads\/sites\/101\/2026\/04\/noticia-2-3-1024x461.jpeg\" class=\"\" alt=\"\" srcset=\"https:\/\/www.oaxaca.gob.mx\/itpo\/wp-content\/uploads\/sites\/101\/2026\/04\/noticia-2-3-1024x461.jpeg 1024w, https:\/\/www.oaxaca.gob.mx\/itpo\/wp-content\/uploads\/sites\/101\/2026\/04\/noticia-2-3-300x135.jpeg 300w, https:\/\/www.oaxaca.gob.mx\/itpo\/wp-content\/uploads\/sites\/101\/2026\/04\/noticia-2-3-768x346.jpeg 768w, https:\/\/www.oaxaca.gob.mx\/itpo\/wp-content\/uploads\/sites\/101\/2026\/04\/noticia-2-3-1536x691.jpeg 1536w, https:\/\/www.oaxaca.gob.mx\/itpo\/wp-content\/uploads\/sites\/101\/2026\/04\/noticia-2-3.jpeg 1600w\" sizes=\"auto, (max-width: 1024px) 100vw, 1024px\" \/><\/a><\/div><\/div><div class=\"su-image-carousel-item\"><div class=\"su-image-carousel-item-content\"><a href=\"https:\/\/www.oaxaca.gob.mx\/itpo\/wp-content\/uploads\/sites\/101\/2026\/04\/noticia-2-2.jpeg\" target=\"_blank\" rel=\"noopener noreferrer\" data-caption=\"\"><img loading=\"lazy\" decoding=\"async\" width=\"1024\" height=\"461\" src=\"https:\/\/www.oaxaca.gob.mx\/itpo\/wp-content\/uploads\/sites\/101\/2026\/04\/noticia-2-2-1024x461.jpeg\" class=\"\" alt=\"\" srcset=\"https:\/\/www.oaxaca.gob.mx\/itpo\/wp-content\/uploads\/sites\/101\/2026\/04\/noticia-2-2-1024x461.jpeg 1024w, https:\/\/www.oaxaca.gob.mx\/itpo\/wp-content\/uploads\/sites\/101\/2026\/04\/noticia-2-2-300x135.jpeg 300w, https:\/\/www.oaxaca.gob.mx\/itpo\/wp-content\/uploads\/sites\/101\/2026\/04\/noticia-2-2-768x346.jpeg 768w, https:\/\/www.oaxaca.gob.mx\/itpo\/wp-content\/uploads\/sites\/101\/2026\/04\/noticia-2-2-1536x691.jpeg 1536w, https:\/\/www.oaxaca.gob.mx\/itpo\/wp-content\/uploads\/sites\/101\/2026\/04\/noticia-2-2.jpeg 1600w\" sizes=\"auto, (max-width: 1024px) 100vw, 1024px\" \/><\/a><\/div><\/div><\/div><script id=\"su_image_carousel_69f7112816ba8_script\">if(window.SUImageCarousel){setTimeout(function() {window.SUImageCarousel.initGallery(document.getElementById(\"su_image_carousel_69f7112816ba8\"))}, 0);}var su_image_carousel_69f7112816ba8_script=document.getElementById(\"su_image_carousel_69f7112816ba8_script\");if(su_image_carousel_69f7112816ba8_script){su_image_carousel_69f7112816ba8_script.parentNode.removeChild(su_image_carousel_69f7112816ba8_script);}<\/script>\n","protected":false},"excerpt":{"rendered":"<p>\u00a1Fortalecemos la rendici\u00f3n de cuentas! El titular del Instituto de Transparencia encabez\u00f3 una reuni\u00f3n estrat\u00e9gica con el\u00a0Sistema Nacional de Transparencia\u00a0y autoridades locales para unificar criterios sobre los Lineamientos T\u00e9cnicos de publicaci\u00f3n. Con esta capacitaci\u00f3n, los poderes del Estado y organismos aut\u00f3nomos de Oaxaca se preparan para cumplir en tiempo y forma con la carga de [&hellip;]<\/p>\n","protected":false},"author":1,"featured_media":103,"comment_status":"open","ping_status":"open","sticky":false,"template":"","format":"standard","meta":{"episode_type":"","audio_file":"","podmotor_file_id":"","podmotor_episode_id":"","cover_image":"","cover_image_id":"","duration":"","filesize":"","filesize_raw":"","date_recorded":"","explicit":"","block":"","itunes_episode_number":"","itunes_title":"","itunes_season_number":"","itunes_episode_type":"","footnotes":""},"categories":[7,8],"tags":[],"class_list":["post-100","post","type-post","status-publish","format-standard","has-post-thumbnail","hentry","category-slide","category-noticias"],"acf":[],"publishpress_future_action":{"enabled":false,"date":"2026-05-10 11:11:04","action":"change-status","newStatus":"draft","terms":[],"taxonomy":"category","extraData":[]},"publishpress_future_workflow_manual_trigger":{"enabledWorkflows":[]},"_links":{"self":[{"href":"https:\/\/www.oaxaca.gob.mx\/itpo\/wp-json\/wp\/v2\/posts\/100","targetHints":{"allow":["GET"]}}],"collection":[{"href":"https:\/\/www.oaxaca.gob.mx\/itpo\/wp-json\/wp\/v2\/posts"}],"about":[{"href":"https:\/\/www.oaxaca.gob.mx\/itpo\/wp-json\/wp\/v2\/types\/post"}],"author":[{"embeddable":true,"href":"https:\/\/www.oaxaca.gob.mx\/itpo\/wp-json\/wp\/v2\/users\/1"}],"replies":[{"embeddable":true,"href":"https:\/\/www.oaxaca.gob.mx\/itpo\/wp-json\/wp\/v2\/comments?post=100"}],"version-history":[{"count":1,"href":"https:\/\/www.oaxaca.gob.mx\/itpo\/wp-json\/wp\/v2\/posts\/100\/revisions"}],"predecessor-version":[{"id":104,"href":"https:\/\/www.oaxaca.gob.mx\/itpo\/wp-json\/wp\/v2\/posts\/100\/revisions\/104"}],"wp:featuredmedia":[{"embeddable":true,"href":"https:\/\/www.oaxaca.gob.mx\/itpo\/wp-json\/wp\/v2\/media\/103"}],"wp:attachment":[{"href":"https:\/\/www.oaxaca.gob.mx\/itpo\/wp-json\/wp\/v2\/media?parent=100"}],"wp:term":[{"taxonomy":"category","embeddable":true,"href":"https:\/\/www.oaxaca.gob.mx\/itpo\/wp-json\/wp\/v2\/categories?post=100"},{"taxonomy":"post_tag","embeddable":true,"href":"https:\/\/www.oaxaca.gob.mx\/itpo\/wp-json\/wp\/v2\/tags?post=100"}],"curies":[{"name":"wp","href":"https:\/\/api.w.org\/{rel}","templated":true}]}}