{"id":69,"count":304,"description":"IEEPO","link":"https:\/\/www.oaxaca.gob.mx\/ieepo\/series\/aprendiendo-desde-mi-comunidad-t2\/","name":"\u201cAprendiendo desde mi comunidad\u201d Segunda Temporada","slug":"aprendiendo-desde-mi-comunidad-t2","taxonomy":"series","parent":0,"meta":[],"title":"\u201cAprendiendo desde mi comunidad\u201d Segunda Temporada","language":"es","copyright":"\u00a9 2020 Instituto Estatal de Educaci\u00f3n P\u00fablica de Oaxaca","subtitle":"IEEPO","author":"Instituto Estatal de Educaci\u00f3n P\u00fablica de Oaxaca","owner_name":"Instituto Estatal de Educaci\u00f3n P\u00fablica de Oaxaca","owner_email":"servicios.publicos@finanzasoaxaca.gob.mx","explicit_option":"","complete_option":"","image":"https:\/\/www.oaxaca.gob.mx\/ieepo\/wp-content\/uploads\/sites\/75\/2020\/05\/Podcast-radio.png","category1":{"category":"","subcategory":""},"category2":{"category":"","subcategory":""},"category3":{"category":"","subcategory":""},"guid":"9c00ffd1-e3d0-5f23-a7a2-68458e809b8d","ads_enabled":false,"acf":[],"_links":{"self":[{"href":"https:\/\/www.oaxaca.gob.mx\/ieepo\/wp-json\/wp\/v2\/series\/69","targetHints":{"allow":["GET"]}}],"collection":[{"href":"https:\/\/www.oaxaca.gob.mx\/ieepo\/wp-json\/wp\/v2\/series"}],"about":[{"href":"https:\/\/www.oaxaca.gob.mx\/ieepo\/wp-json\/wp\/v2\/taxonomies\/series"}],"wp:post_type":[{"href":"https:\/\/www.oaxaca.gob.mx\/ieepo\/wp-json\/wp\/v2\/posts?series=69"},{"href":"https:\/\/www.oaxaca.gob.mx\/ieepo\/wp-json\/wp\/v2\/podcast?series=69"}],"curies":[{"name":"wp","href":"https:\/\/api.w.org\/{rel}","templated":true}]}}