{"id":37943,"date":"2026-09-02T01:32:12","date_gmt":"2026-09-02T07:32:12","guid":{"rendered":"https:\/\/www.oaxaca.gob.mx\/ieepo\/?p=37943"},"modified":"2026-09-02T10:59:34","modified_gmt":"2026-09-02T16:59:34","slug":"inician-clases-812-mil-900-estudiantes-en-12-mil-40-escuelas-de-educacion-basica-en-oaxaca","status":"publish","type":"post","link":"https:\/\/www.oaxaca.gob.mx\/ieepo\/inician-clases-812-mil-900-estudiantes-en-12-mil-40-escuelas-de-educacion-basica-en-oaxaca\/","title":{"rendered":"Inician clases 812 mil 900 estudiantes en 12 mil 40 escuelas de educaci\u00f3n b\u00e1sica en Oaxaca"},"content":{"rendered":"<ul>\n<li><em>Como lo marca el calendario oficial, sin contratiempos inici\u00f3 el ciclo escolar 2026-2027 en las ocho regiones del estado<\/em><\/li>\n<li><em>Se entregaron de manera simb\u00f3lica libros de texto gratuitos y equipamiento escolar<\/em><\/li>\n<\/ul>\n<p><em>\u00a0<\/em><\/p>\n<p><strong>Oaxaca de Ju\u00e1rez, Oax., 31 de agosto de 2026.-<\/strong> Con el entusiasmo de un nuevo comienzo y la alegr\u00eda de volver a las aulas, este lunes inici\u00f3 oficialmente el ciclo escolar 2026-2027 para 812 mil 900 estudiantes de educaci\u00f3n b\u00e1sica en Oaxaca, quienes regresaron a 12 mil 40 escuelas p\u00fablicas y particulares de las ocho regiones del estado, con la participaci\u00f3n de 53 mil 419 docentes que acompa\u00f1ar\u00e1n su proceso formativo.<\/p>\n<p>Como lo establece el calendario escolar oficial, las actividades iniciaron sin contratiempos en los planteles de educaci\u00f3n b\u00e1sica, donde ni\u00f1as, ni\u00f1os y adolescentes volvieron a encontrarse con sus maestras, maestros, compa\u00f1eras y compa\u00f1eros, en una jornada que representa el reencuentro, pero tambi\u00e9n la oportunidad de comenzar nuevos aprendizajes, proyectos y metas.<\/p>\n<p>La ceremonia oficial se llev\u00f3 a cabo en la Escuela Secundaria General Bicentenario de Ju\u00e1rez, en la agencia de San Antonio Arrazola, del municipio de Santa Cruz Xoxocotl\u00e1n, donde, en representaci\u00f3n del gobernador del Estado, Salom\u00f3n Jara Cruz, asisti\u00f3 la secretaria de Educaci\u00f3n P\u00fablica (SEP) en la entidad, Fernanda Ch\u00e1vez Cruz.<\/p>\n<p>Acompa\u00f1ada del representante del director general del Instituto Estatal de Educaci\u00f3n P\u00fablica de Oaxaca (IEEPO), Emilio Montero P\u00e9rez y titular de la Secretar\u00eda Particular, Rub\u00e9n Ram\u00edrez S\u00e1nchez; de la presidenta municipal, Nancy Ben\u00edtez Z\u00e1rate y el agente municipal, Heriberto Santiago Castellanos, destac\u00f3 que la educaci\u00f3n es la columna vertebral para reconstruir el tejido social y que invertir en ella significa sembrar futuro en Oaxaca.<\/p>\n<p>Durante su mensaje, se\u00f1al\u00f3 que desde el Gobierno del Estado se trabaja para construir espacios dignos y seguros, donde las y los estudiantes puedan desarrollar plenamente sus capacidades intelectuales y socioemocionales, al tiempo que reconoci\u00f3 la labor cotidiana de las maestras y maestros, as\u00ed como el respaldo de madres y padres de familia en la formaci\u00f3n de las nuevas generaciones.<\/p>\n<p>En el marco de la ceremonia, ante el director del plantel, Cuauht\u00e9moc Valdivieso Ruiz; docentes, madres y padres de familia y estudiantes, se realiz\u00f3 la entrega simb\u00f3lica de libros de texto gratuitos y equipamiento escolar, como parte de las acciones para fortalecer las condiciones de aprendizaje en las instituciones educativas de Oaxaca.<\/p>\n<p>Del total de estudiantes que reciben servicios educativos durante este ciclo escolar, 779 mil 851 corresponden al servicio p\u00fablico y 33 mil 49 al servicio particular; en tanto, de los 12 mil 40 centros educativos que inician actividades, 570 corresponden a educaci\u00f3n inicial, 4 mil 86 a preescolar, 5 mil 33 a primaria y 2 mil 341 a secundaria.<\/p>\n<p>Asimismo, reanudan labores 197 escuelas de educaci\u00f3n especial, 11 escuelas normales y tres planteles de la Universidad Pedag\u00f3gica Nacional (UPN), sum\u00e1ndose a este esfuerzo educativo que se desarrolla en las ocho regiones de la entidad.<\/p>\n<p>De manera simult\u00e1nea, las Unidades Delegacionales y representantes del IEEPO acudieron a distintas regiones del estado para acompa\u00f1ar a las comunidades escolares en este importante d\u00eda. Su presencia permiti\u00f3 compartir de cerca la alegr\u00eda del regreso a clases y constatar el entusiasmo con el que estudiantes, docentes y familias dieron la bienvenida a un nuevo ciclo escolar.<\/p>\n\r\n<div class=\"gdgallery-gallery-container\" id=\"gdgallery-container-547\" data-id=\"547\">\r\n    \r\n<div id=\"gdgallery_container_547\" style=\"display:none;\" data-view=\"tiles\">\r\n\t        <a href=\"https:\/\/www.oaxaca.gob.mx\/ieepo\/inician-clases-812-mil-900-estudiantes-en-12-mil-40-escuelas-de-educacion-basica-en-oaxaca\/\">\r\n            <img decoding=\"async\" alt=\"\"\r\n                 data-type=\"image\"\r\n                 src=\"https:\/\/www.oaxaca.gob.mx\/ieepo\/wp-content\/uploads\/sites\/75\/2026\/09\/31-08-26-10.jpeg\"\r\n                 data-image=\"https:\/\/www.oaxaca.gob.mx\/ieepo\/wp-content\/uploads\/sites\/75\/2026\/09\/31-08-26-10.jpeg\"\r\n                 data-description=\"\"\r\n\t\t\t\t                 style=\"display:block\">\r\n        <\/a>\r\n\t        <a href=\"https:\/\/www.oaxaca.gob.mx\/ieepo\/inician-clases-812-mil-900-estudiantes-en-12-mil-40-escuelas-de-educacion-basica-en-oaxaca\/\">\r\n            <img decoding=\"async\" alt=\"\"\r\n                 data-type=\"image\"\r\n                 src=\"https:\/\/www.oaxaca.gob.mx\/ieepo\/wp-content\/uploads\/sites\/75\/2026\/09\/31-08-26-18.jpeg\"\r\n                 data-image=\"https:\/\/www.oaxaca.gob.mx\/ieepo\/wp-content\/uploads\/sites\/75\/2026\/09\/31-08-26-18.jpeg\"\r\n                 data-description=\"\"\r\n\t\t\t\t                 style=\"display:block\">\r\n        <\/a>\r\n\t        <a href=\"https:\/\/www.oaxaca.gob.mx\/ieepo\/inician-clases-812-mil-900-estudiantes-en-12-mil-40-escuelas-de-educacion-basica-en-oaxaca\/\">\r\n            <img decoding=\"async\" alt=\"\"\r\n                 data-type=\"image\"\r\n                 src=\"https:\/\/www.oaxaca.gob.mx\/ieepo\/wp-content\/uploads\/sites\/75\/2026\/09\/31-08-26-17.jpeg\"\r\n                 data-image=\"https:\/\/www.oaxaca.gob.mx\/ieepo\/wp-content\/uploads\/sites\/75\/2026\/09\/31-08-26-17.jpeg\"\r\n                 data-description=\"\"\r\n\t\t\t\t                 style=\"display:block\">\r\n        <\/a>\r\n\t        <a href=\"https:\/\/www.oaxaca.gob.mx\/ieepo\/inician-clases-812-mil-900-estudiantes-en-12-mil-40-escuelas-de-educacion-basica-en-oaxaca\/\">\r\n            <img decoding=\"async\" alt=\"\"\r\n                 data-type=\"image\"\r\n                 src=\"https:\/\/www.oaxaca.gob.mx\/ieepo\/wp-content\/uploads\/sites\/75\/2026\/09\/31-08-26-16.jpeg\"\r\n                 data-image=\"https:\/\/www.oaxaca.gob.mx\/ieepo\/wp-content\/uploads\/sites\/75\/2026\/09\/31-08-26-16.jpeg\"\r\n                 data-description=\"\"\r\n\t\t\t\t                 style=\"display:block\">\r\n        <\/a>\r\n\t        <a href=\"https:\/\/www.oaxaca.gob.mx\/ieepo\/inician-clases-812-mil-900-estudiantes-en-12-mil-40-escuelas-de-educacion-basica-en-oaxaca\/\">\r\n            <img decoding=\"async\" alt=\"\"\r\n                 data-type=\"image\"\r\n                 src=\"https:\/\/www.oaxaca.gob.mx\/ieepo\/wp-content\/uploads\/sites\/75\/2026\/09\/31-08-26-15.jpeg\"\r\n                 data-image=\"https:\/\/www.oaxaca.gob.mx\/ieepo\/wp-content\/uploads\/sites\/75\/2026\/09\/31-08-26-15.jpeg\"\r\n                 data-description=\"\"\r\n\t\t\t\t                 style=\"display:block\">\r\n        <\/a>\r\n\t        <a href=\"https:\/\/www.oaxaca.gob.mx\/ieepo\/inician-clases-812-mil-900-estudiantes-en-12-mil-40-escuelas-de-educacion-basica-en-oaxaca\/\">\r\n            <img decoding=\"async\" alt=\"\"\r\n                 data-type=\"image\"\r\n                 src=\"https:\/\/www.oaxaca.gob.mx\/ieepo\/wp-content\/uploads\/sites\/75\/2026\/09\/31-08-26-14.jpeg\"\r\n                 data-image=\"https:\/\/www.oaxaca.gob.mx\/ieepo\/wp-content\/uploads\/sites\/75\/2026\/09\/31-08-26-14.jpeg\"\r\n                 data-description=\"\"\r\n\t\t\t\t                 style=\"display:block\">\r\n        <\/a>\r\n\t        <a href=\"vhttps:\/\/www.oaxaca.gob.mx\/ieepo\/inician-clases-812-mil-900-estudiantes-en-12-mil-40-escuelas-de-educacion-basica-en-oaxaca\/\">\r\n            <img decoding=\"async\" alt=\"\"\r\n                 data-type=\"image\"\r\n                 src=\"https:\/\/www.oaxaca.gob.mx\/ieepo\/wp-content\/uploads\/sites\/75\/2026\/09\/31-08-26-13.jpeg\"\r\n                 data-image=\"https:\/\/www.oaxaca.gob.mx\/ieepo\/wp-content\/uploads\/sites\/75\/2026\/09\/31-08-26-13.jpeg\"\r\n                 data-description=\"\"\r\n\t\t\t\t                 style=\"display:block\">\r\n        <\/a>\r\n\t        <a href=\"https:\/\/www.oaxaca.gob.mx\/ieepo\/inician-clases-812-mil-900-estudiantes-en-12-mil-40-escuelas-de-educacion-basica-en-oaxaca\/v\">\r\n            <img decoding=\"async\" alt=\"\"\r\n                 data-type=\"image\"\r\n                 src=\"https:\/\/www.oaxaca.gob.mx\/ieepo\/wp-content\/uploads\/sites\/75\/2026\/09\/31-08-26-12.jpeg\"\r\n                 data-image=\"https:\/\/www.oaxaca.gob.mx\/ieepo\/wp-content\/uploads\/sites\/75\/2026\/09\/31-08-26-12.jpeg\"\r\n                 data-description=\"\"\r\n\t\t\t\t                 style=\"display:block\">\r\n        <\/a>\r\n\t        <a href=\"https:\/\/www.oaxaca.gob.mx\/ieepo\/inician-clases-812-mil-900-estudiantes-en-12-mil-40-escuelas-de-educacion-basica-en-oaxaca\/\">\r\n            <img decoding=\"async\" alt=\"\"\r\n                 data-type=\"image\"\r\n                 src=\"https:\/\/www.oaxaca.gob.mx\/ieepo\/wp-content\/uploads\/sites\/75\/2026\/09\/31-08-26-11.jpeg\"\r\n                 data-image=\"https:\/\/www.oaxaca.gob.mx\/ieepo\/wp-content\/uploads\/sites\/75\/2026\/09\/31-08-26-11.jpeg\"\r\n                 data-description=\"\"\r\n\t\t\t\t                 style=\"display:block\">\r\n        <\/a>\r\n\t        <a href=\"https:\/\/www.oaxaca.gob.mx\/ieepo\/inician-clases-812-mil-900-estudiantes-en-12-mil-40-escuelas-de-educacion-basica-en-oaxaca\/\">\r\n            <img decoding=\"async\" alt=\"\"\r\n                 data-type=\"image\"\r\n                 src=\"https:\/\/www.oaxaca.gob.mx\/ieepo\/wp-content\/uploads\/sites\/75\/2026\/09\/31-08-26-19.jpeg\"\r\n                 data-image=\"https:\/\/www.oaxaca.gob.mx\/ieepo\/wp-content\/uploads\/sites\/75\/2026\/09\/31-08-26-19.jpeg\"\r\n                 data-description=\"\"\r\n\t\t\t\t                 style=\"display:block\">\r\n        <\/a>\r\n\t        <a href=\"https:\/\/www.oaxaca.gob.mx\/ieepo\/inician-clases-812-mil-900-estudiantes-en-12-mil-40-escuelas-de-educacion-basica-en-oaxaca\/\">\r\n            <img decoding=\"async\" alt=\"\"\r\n                 data-type=\"image\"\r\n                 src=\"https:\/\/www.oaxaca.gob.mx\/ieepo\/wp-content\/uploads\/sites\/75\/2026\/09\/31-08-26-9.jpeg\"\r\n                 data-image=\"https:\/\/www.oaxaca.gob.mx\/ieepo\/wp-content\/uploads\/sites\/75\/2026\/09\/31-08-26-9.jpeg\"\r\n                 data-description=\"\"\r\n\t\t\t\t                 style=\"display:block\">\r\n        <\/a>\r\n\t        <a href=\"https:\/\/www.oaxaca.gob.mx\/ieepo\/inician-clases-812-mil-900-estudiantes-en-12-mil-40-escuelas-de-educacion-basica-en-oaxaca\/\">\r\n            <img decoding=\"async\" alt=\"\"\r\n                 data-type=\"image\"\r\n                 src=\"https:\/\/www.oaxaca.gob.mx\/ieepo\/wp-content\/uploads\/sites\/75\/2026\/09\/31-08-26-8.jpeg\"\r\n                 data-image=\"https:\/\/www.oaxaca.gob.mx\/ieepo\/wp-content\/uploads\/sites\/75\/2026\/09\/31-08-26-8.jpeg\"\r\n                 data-description=\"\"\r\n\t\t\t\t                 style=\"display:block\">\r\n        <\/a>\r\n\t        <a href=\"https:\/\/www.oaxaca.gob.mx\/ieepo\/inician-clases-812-mil-900-estudiantes-en-12-mil-40-escuelas-de-educacion-basica-en-oaxaca\/\">\r\n            <img decoding=\"async\" alt=\"\"\r\n                 data-type=\"image\"\r\n                 src=\"https:\/\/www.oaxaca.gob.mx\/ieepo\/wp-content\/uploads\/sites\/75\/2026\/09\/31-08-26-7.jpeg\"\r\n                 data-image=\"https:\/\/www.oaxaca.gob.mx\/ieepo\/wp-content\/uploads\/sites\/75\/2026\/09\/31-08-26-7.jpeg\"\r\n                 data-description=\"\"\r\n\t\t\t\t                 style=\"display:block\">\r\n        <\/a>\r\n\t        <a href=\"https:\/\/www.oaxaca.gob.mx\/ieepo\/inician-clases-812-mil-900-estudiantes-en-12-mil-40-escuelas-de-educacion-basica-en-oaxaca\/\">\r\n            <img decoding=\"async\" alt=\"\"\r\n                 data-type=\"image\"\r\n                 src=\"https:\/\/www.oaxaca.gob.mx\/ieepo\/wp-content\/uploads\/sites\/75\/2026\/09\/31-08-26-6.jpeg\"\r\n                 data-image=\"https:\/\/www.oaxaca.gob.mx\/ieepo\/wp-content\/uploads\/sites\/75\/2026\/09\/31-08-26-6.jpeg\"\r\n                 data-description=\"\"\r\n\t\t\t\t                 style=\"display:block\">\r\n        <\/a>\r\n\t        <a href=\"https:\/\/www.oaxaca.gob.mx\/ieepo\/inician-clases-812-mil-900-estudiantes-en-12-mil-40-escuelas-de-educacion-basica-en-oaxaca\/\">\r\n            <img decoding=\"async\" alt=\"\"\r\n                 data-type=\"image\"\r\n                 src=\"https:\/\/www.oaxaca.gob.mx\/ieepo\/wp-content\/uploads\/sites\/75\/2026\/09\/31-08-26-5.jpeg\"\r\n                 data-image=\"https:\/\/www.oaxaca.gob.mx\/ieepo\/wp-content\/uploads\/sites\/75\/2026\/09\/31-08-26-5.jpeg\"\r\n                 data-description=\"\"\r\n\t\t\t\t                 style=\"display:block\">\r\n        <\/a>\r\n\t        <a href=\"https:\/\/www.oaxaca.gob.mx\/ieepo\/inician-clases-812-mil-900-estudiantes-en-12-mil-40-escuelas-de-educacion-basica-en-oaxaca\/\">\r\n            <img decoding=\"async\" alt=\"\"\r\n                 data-type=\"image\"\r\n                 src=\"https:\/\/www.oaxaca.gob.mx\/ieepo\/wp-content\/uploads\/sites\/75\/2026\/09\/31-08-26-4.jpeg\"\r\n                 data-image=\"https:\/\/www.oaxaca.gob.mx\/ieepo\/wp-content\/uploads\/sites\/75\/2026\/09\/31-08-26-4.jpeg\"\r\n                 data-description=\"\"\r\n\t\t\t\t                 style=\"display:block\">\r\n        <\/a>\r\n\t        <a href=\"v\">\r\n            <img decoding=\"async\" alt=\"\"\r\n                 data-type=\"image\"\r\n                 src=\"https:\/\/www.oaxaca.gob.mx\/ieepo\/wp-content\/uploads\/sites\/75\/2026\/09\/31-08-26-3.jpeg\"\r\n                 data-image=\"https:\/\/www.oaxaca.gob.mx\/ieepo\/wp-content\/uploads\/sites\/75\/2026\/09\/31-08-26-3.jpeg\"\r\n                 data-description=\"\"\r\n\t\t\t\t                 style=\"display:block\">\r\n        <\/a>\r\n\t        <a href=\"https:\/\/www.oaxaca.gob.mx\/ieepo\/inician-clases-812-mil-900-estudiantes-en-12-mil-40-escuelas-de-educacion-basica-en-oaxaca\/\">\r\n            <img decoding=\"async\" alt=\"\"\r\n                 data-type=\"image\"\r\n                 src=\"https:\/\/www.oaxaca.gob.mx\/ieepo\/wp-content\/uploads\/sites\/75\/2026\/09\/31-08-26-2.jpeg\"\r\n                 data-image=\"https:\/\/www.oaxaca.gob.mx\/ieepo\/wp-content\/uploads\/sites\/75\/2026\/09\/31-08-26-2.jpeg\"\r\n                 data-description=\"\"\r\n\t\t\t\t                 style=\"display:block\">\r\n        <\/a>\r\n\t        <a href=\"https:\/\/www.oaxaca.gob.mx\/ieepo\/inician-clases-812-mil-900-estudiantes-en-12-mil-40-escuelas-de-educacion-basica-en-oaxaca\/\">\r\n            <img decoding=\"async\" alt=\"\"\r\n                 data-type=\"image\"\r\n                 src=\"https:\/\/www.oaxaca.gob.mx\/ieepo\/wp-content\/uploads\/sites\/75\/2026\/09\/31-08-26-28.jpeg\"\r\n                 data-image=\"https:\/\/www.oaxaca.gob.mx\/ieepo\/wp-content\/uploads\/sites\/75\/2026\/09\/31-08-26-28.jpeg\"\r\n                 data-description=\"\"\r\n\t\t\t\t                 style=\"display:block\">\r\n        <\/a>\r\n\t        <a href=\"https:\/\/www.oaxaca.gob.mx\/ieepo\/inician-clases-812-mil-900-estudiantes-en-12-mil-40-escuelas-de-educacion-basica-en-oaxaca\/\">\r\n            <img decoding=\"async\" alt=\"\"\r\n                 data-type=\"image\"\r\n                 src=\"https:\/\/www.oaxaca.gob.mx\/ieepo\/wp-content\/uploads\/sites\/75\/2026\/09\/31-08-26-36.jpeg\"\r\n                 data-image=\"https:\/\/www.oaxaca.gob.mx\/ieepo\/wp-content\/uploads\/sites\/75\/2026\/09\/31-08-26-36.jpeg\"\r\n                 data-description=\"\"\r\n\t\t\t\t                 style=\"display:block\">\r\n        <\/a>\r\n\t        <a href=\"https:\/\/www.oaxaca.gob.mx\/ieepo\/inician-clases-812-mil-900-estudiantes-en-12-mil-40-escuelas-de-educacion-basica-en-oaxaca\/\">\r\n            <img decoding=\"async\" alt=\"\"\r\n                 data-type=\"image\"\r\n                 src=\"https:\/\/www.oaxaca.gob.mx\/ieepo\/wp-content\/uploads\/sites\/75\/2026\/09\/31-08-26-35.jpeg\"\r\n                 data-image=\"https:\/\/www.oaxaca.gob.mx\/ieepo\/wp-content\/uploads\/sites\/75\/2026\/09\/31-08-26-35.jpeg\"\r\n                 data-description=\"\"\r\n\t\t\t\t                 style=\"display:block\">\r\n        <\/a>\r\n\t        <a href=\"https:\/\/www.oaxaca.gob.mx\/ieepo\/inician-clases-812-mil-900-estudiantes-en-12-mil-40-escuelas-de-educacion-basica-en-oaxaca\/\">\r\n            <img decoding=\"async\" alt=\"\"\r\n                 data-type=\"image\"\r\n                 src=\"https:\/\/www.oaxaca.gob.mx\/ieepo\/wp-content\/uploads\/sites\/75\/2026\/09\/31-08-26-34.jpeg\"\r\n                 data-image=\"https:\/\/www.oaxaca.gob.mx\/ieepo\/wp-content\/uploads\/sites\/75\/2026\/09\/31-08-26-34.jpeg\"\r\n                 data-description=\"\"\r\n\t\t\t\t                 style=\"display:block\">\r\n        <\/a>\r\n\t        <a href=\"https:\/\/www.oaxaca.gob.mx\/ieepo\/inician-clases-812-mil-900-estudiantes-en-12-mil-40-escuelas-de-educacion-basica-en-oaxaca\/\">\r\n            <img decoding=\"async\" alt=\"\"\r\n                 data-type=\"image\"\r\n                 src=\"https:\/\/www.oaxaca.gob.mx\/ieepo\/wp-content\/uploads\/sites\/75\/2026\/09\/31-08-26-33.jpeg\"\r\n                 data-image=\"https:\/\/www.oaxaca.gob.mx\/ieepo\/wp-content\/uploads\/sites\/75\/2026\/09\/31-08-26-33.jpeg\"\r\n                 data-description=\"\"\r\n\t\t\t\t                 style=\"display:block\">\r\n        <\/a>\r\n\t        <a href=\"https:\/\/www.oaxaca.gob.mx\/ieepo\/inician-clases-812-mil-900-estudiantes-en-12-mil-40-escuelas-de-educacion-basica-en-oaxaca\/\">\r\n            <img decoding=\"async\" alt=\"\"\r\n                 data-type=\"image\"\r\n                 src=\"https:\/\/www.oaxaca.gob.mx\/ieepo\/wp-content\/uploads\/sites\/75\/2026\/09\/31-08-26-32.jpeg\"\r\n                 data-image=\"https:\/\/www.oaxaca.gob.mx\/ieepo\/wp-content\/uploads\/sites\/75\/2026\/09\/31-08-26-32.jpeg\"\r\n                 data-description=\"\"\r\n\t\t\t\t                 style=\"display:block\">\r\n        <\/a>\r\n\t        <a href=\"https:\/\/www.oaxaca.gob.mx\/ieepo\/inician-clases-812-mil-900-estudiantes-en-12-mil-40-escuelas-de-educacion-basica-en-oaxaca\/\">\r\n            <img decoding=\"async\" alt=\"\"\r\n                 data-type=\"image\"\r\n                 src=\"https:\/\/www.oaxaca.gob.mx\/ieepo\/wp-content\/uploads\/sites\/75\/2026\/09\/31-08-26-31.jpeg\"\r\n                 data-image=\"https:\/\/www.oaxaca.gob.mx\/ieepo\/wp-content\/uploads\/sites\/75\/2026\/09\/31-08-26-31.jpeg\"\r\n                 data-description=\"\"\r\n\t\t\t\t                 style=\"display:block\">\r\n        <\/a>\r\n\t        <a href=\"https:\/\/www.oaxaca.gob.mx\/ieepo\/inician-clases-812-mil-900-estudiantes-en-12-mil-40-escuelas-de-educacion-basica-en-oaxaca\/\">\r\n            <img decoding=\"async\" alt=\"\"\r\n                 data-type=\"image\"\r\n                 src=\"https:\/\/www.oaxaca.gob.mx\/ieepo\/wp-content\/uploads\/sites\/75\/2026\/09\/31-08-26-30.jpeg\"\r\n                 data-image=\"https:\/\/www.oaxaca.gob.mx\/ieepo\/wp-content\/uploads\/sites\/75\/2026\/09\/31-08-26-30.jpeg\"\r\n                 data-description=\"\"\r\n\t\t\t\t                 style=\"display:block\">\r\n        <\/a>\r\n\t        <a href=\"https:\/\/www.oaxaca.gob.mx\/ieepo\/inician-clases-812-mil-900-estudiantes-en-12-mil-40-escuelas-de-educacion-basica-en-oaxaca\/\">\r\n            <img decoding=\"async\" alt=\"\"\r\n                 data-type=\"image\"\r\n                 src=\"https:\/\/www.oaxaca.gob.mx\/ieepo\/wp-content\/uploads\/sites\/75\/2026\/09\/31-08-26-29.jpeg\"\r\n                 data-image=\"https:\/\/www.oaxaca.gob.mx\/ieepo\/wp-content\/uploads\/sites\/75\/2026\/09\/31-08-26-29.jpeg\"\r\n                 data-description=\"\"\r\n\t\t\t\t                 style=\"display:block\">\r\n        <\/a>\r\n\t        <a href=\"https:\/\/www.oaxaca.gob.mx\/ieepo\/inician-clases-812-mil-900-estudiantes-en-12-mil-40-escuelas-de-educacion-basica-en-oaxaca\/\">\r\n            <img decoding=\"async\" alt=\"\"\r\n                 data-type=\"image\"\r\n                 src=\"https:\/\/www.oaxaca.gob.mx\/ieepo\/wp-content\/uploads\/sites\/75\/2026\/09\/31-08-26-1.jpeg\"\r\n                 data-image=\"https:\/\/www.oaxaca.gob.mx\/ieepo\/wp-content\/uploads\/sites\/75\/2026\/09\/31-08-26-1.jpeg\"\r\n                 data-description=\"\"\r\n\t\t\t\t                 style=\"display:block\">\r\n        <\/a>\r\n\t        <a href=\"https:\/\/www.oaxaca.gob.mx\/ieepo\/inician-clases-812-mil-900-estudiantes-en-12-mil-40-escuelas-de-educacion-basica-en-oaxaca\/\">\r\n            <img decoding=\"async\" alt=\"\"\r\n                 data-type=\"image\"\r\n                 src=\"https:\/\/www.oaxaca.gob.mx\/ieepo\/wp-content\/uploads\/sites\/75\/2026\/09\/31-08-26-27.jpeg\"\r\n                 data-image=\"https:\/\/www.oaxaca.gob.mx\/ieepo\/wp-content\/uploads\/sites\/75\/2026\/09\/31-08-26-27.jpeg\"\r\n                 data-description=\"\"\r\n\t\t\t\t                 style=\"display:block\">\r\n        <\/a>\r\n\t        <a href=\"https:\/\/www.oaxaca.gob.mx\/ieepo\/inician-clases-812-mil-900-estudiantes-en-12-mil-40-escuelas-de-educacion-basica-en-oaxaca\/\">\r\n            <img decoding=\"async\" alt=\"\"\r\n                 data-type=\"image\"\r\n                 src=\"https:\/\/www.oaxaca.gob.mx\/ieepo\/wp-content\/uploads\/sites\/75\/2026\/09\/31-08-26-26.jpeg\"\r\n                 data-image=\"https:\/\/www.oaxaca.gob.mx\/ieepo\/wp-content\/uploads\/sites\/75\/2026\/09\/31-08-26-26.jpeg\"\r\n                 data-description=\"\"\r\n\t\t\t\t                 style=\"display:block\">\r\n        <\/a>\r\n\t        <a href=\"https:\/\/www.oaxaca.gob.mx\/ieepo\/inician-clases-812-mil-900-estudiantes-en-12-mil-40-escuelas-de-educacion-basica-en-oaxaca\/\">\r\n            <img decoding=\"async\" alt=\"\"\r\n                 data-type=\"image\"\r\n                 src=\"https:\/\/www.oaxaca.gob.mx\/ieepo\/wp-content\/uploads\/sites\/75\/2026\/09\/31-08-26-25.jpeg\"\r\n                 data-image=\"https:\/\/www.oaxaca.gob.mx\/ieepo\/wp-content\/uploads\/sites\/75\/2026\/09\/31-08-26-25.jpeg\"\r\n                 data-description=\"\"\r\n\t\t\t\t                 style=\"display:block\">\r\n        <\/a>\r\n\t        <a href=\"https:\/\/www.oaxaca.gob.mx\/ieepo\/inician-clases-812-mil-900-estudiantes-en-12-mil-40-escuelas-de-educacion-basica-en-oaxaca\/\">\r\n            <img decoding=\"async\" alt=\"\"\r\n                 data-type=\"image\"\r\n                 src=\"https:\/\/www.oaxaca.gob.mx\/ieepo\/wp-content\/uploads\/sites\/75\/2026\/09\/31-08-26-24.jpeg\"\r\n                 data-image=\"https:\/\/www.oaxaca.gob.mx\/ieepo\/wp-content\/uploads\/sites\/75\/2026\/09\/31-08-26-24.jpeg\"\r\n                 data-description=\"\"\r\n\t\t\t\t                 style=\"display:block\">\r\n        <\/a>\r\n\t        <a href=\"https:\/\/www.oaxaca.gob.mx\/ieepo\/inician-clases-812-mil-900-estudiantes-en-12-mil-40-escuelas-de-educacion-basica-en-oaxaca\/\">\r\n            <img decoding=\"async\" alt=\"\"\r\n                 data-type=\"image\"\r\n                 src=\"https:\/\/www.oaxaca.gob.mx\/ieepo\/wp-content\/uploads\/sites\/75\/2026\/09\/31-08-26-23.jpeg\"\r\n                 data-image=\"https:\/\/www.oaxaca.gob.mx\/ieepo\/wp-content\/uploads\/sites\/75\/2026\/09\/31-08-26-23.jpeg\"\r\n                 data-description=\"\"\r\n\t\t\t\t                 style=\"display:block\">\r\n        <\/a>\r\n\t        <a href=\"https:\/\/www.oaxaca.gob.mx\/ieepo\/inician-clases-812-mil-900-estudiantes-en-12-mil-40-escuelas-de-educacion-basica-en-oaxaca\/\">\r\n            <img decoding=\"async\" alt=\"\"\r\n                 data-type=\"image\"\r\n                 src=\"https:\/\/www.oaxaca.gob.mx\/ieepo\/wp-content\/uploads\/sites\/75\/2026\/09\/31-08-26-22.jpeg\"\r\n                 data-image=\"https:\/\/www.oaxaca.gob.mx\/ieepo\/wp-content\/uploads\/sites\/75\/2026\/09\/31-08-26-22.jpeg\"\r\n                 data-description=\"\"\r\n\t\t\t\t                 style=\"display:block\">\r\n        <\/a>\r\n\t        <a href=\"https:\/\/www.oaxaca.gob.mx\/ieepo\/inician-clases-812-mil-900-estudiantes-en-12-mil-40-escuelas-de-educacion-basica-en-oaxaca\/\">\r\n            <img decoding=\"async\" alt=\"\"\r\n                 data-type=\"image\"\r\n                 src=\"https:\/\/www.oaxaca.gob.mx\/ieepo\/wp-content\/uploads\/sites\/75\/2026\/09\/31-08-26-21.jpeg\"\r\n                 data-image=\"https:\/\/www.oaxaca.gob.mx\/ieepo\/wp-content\/uploads\/sites\/75\/2026\/09\/31-08-26-21.jpeg\"\r\n                 data-description=\"\"\r\n\t\t\t\t                 style=\"display:block\">\r\n        <\/a>\r\n\t        <a href=\"https:\/\/www.oaxaca.gob.mx\/ieepo\/inician-clases-812-mil-900-estudiantes-en-12-mil-40-escuelas-de-educacion-basica-en-oaxaca\/\">\r\n            <img decoding=\"async\" alt=\"\"\r\n                 data-type=\"image\"\r\n                 src=\"https:\/\/www.oaxaca.gob.mx\/ieepo\/wp-content\/uploads\/sites\/75\/2026\/09\/31-08-26-20.jpeg\"\r\n                 data-image=\"https:\/\/www.oaxaca.gob.mx\/ieepo\/wp-content\/uploads\/sites\/75\/2026\/09\/31-08-26-20.jpeg\"\r\n                 data-description=\"\"\r\n\t\t\t\t                 style=\"display:block\">\r\n        <\/a>\r\n\t<\/div>\r\n\r\n<script type=\"text\/javascript\">\r\n\r\n    (function() {\r\n        var runMyCode = function() {\r\n            jQuery(document).ready(function () {\r\n                var container = jQuery(\"#gdgallery_container_547\");\r\n                container.unitegallery({\"gallery_theme\":\"tiles\",\"tiles_space_between_cols\":10,\"tiles_col_width\":250,\"tiles_min_columns\":\"2\",\"tile_enable_textpanel\":true,\"tile_textpanel_always_on\":true,\"tile_textpanel_title_text_align\":\"center\",\"tile_textpanel_title_font_size\":\"16\",\"tile_textpanel_title_color\":\"#FFFFFF\",\"tile_textpanel_bg_color\":\"#f00\",\"tile_textpanel_bg_opacity\":0.7,\"tile_enable_border\":true,\"tile_border_width\":\"0\",\"tile_border_color\":\"#333333\",\"tile_border_radius\":\"0\",\"tile_enable_overlay\":true,\"tile_enable_image_effect\":true,\"tile_image_effect_type\":\"blur\",\"tile_image_effect_reverse\":true,\"tile_enable_shadow\":false,\"tile_as_link\":false,\"tile_enable_icons\":true,\"tile_show_link_icon\":true,\"tile_textpanel_appear_type\":\"slide\",\"tile_textpanel_position\":\"inside_bottom\",\"tile_link_newpage\":true,\"lightbox_type\":\"wide\",\"lightbox_arrows_offset\":0,\"lightbox_overlay_color\":\"#000000\",\"lightbox_overlay_opacity\":1,\"lightbox_top_panel_opacity\":1,\"lightbox_show_numbers\":true,\"lightbox_numbers_size\":\"15\",\"lightbox_numbers_color\":\"#FFFFFF\",\"lightbox_slider_image_border_width\":\"0\",\"lightbox_slider_image_border_color\":\"#FFFFFF\",\"lightbox_slider_image_border_radius\":0,\"lightbox_slider_image_shadow\":true,\"lightbox_slider_control_swipe\":true,\"lightbox_slider_control_zoom\":true,\"lightbox_slider_image_border\":true,\"lightbox_show_textpanel\":true,\"lightbox_textpanel_enable_title\":true,\"lightbox_textpanel_enable_description\":false,\"lightbox_textpanel_padding_top\":5,\"lightbox_textpanel_padding_bottom\":5,\"lightbox_textpanel_padding_right\":5,\"lightbox_textpanel_padding_left\":5,\"lightbox_textpanel_title_color\":\"#FFFFFF\",\"lightbox_textpanel_title_text_align\":\"center\",\"lightbox_textpanel_title_font_size\":\"16\",\"lightbox_textpanel_desc_color\":\"#FFFFFF\",\"lightbox_textpanel_desc_text_align\":\"center\",\"lightbox_textpanel_desc_font_size\":\"14\"});\r\n            });\r\n        };\r\n        var timer = function() {\r\n            if (window.jQuery) {runMyCode(window.jQuery);}\r\n            else {window.setTimeout(timer, 100);}\r\n        };\r\n        timer();\r\n    })();\r\n<\/script><style>\r\n#gdgallery-container-547 {\r\n    text-align: center}\r\n\r\n.gdgallery-pagination-547{\r\n    text-align: center !important;\r\n}\r\n\r\n.gdgallery-pagination-547 a{\r\n    font-size: 15px !important;\r\n    padding: 8px 13px !important;\r\n    margin: 3px !important;\r\n    border: 1px solid #333333 !important;\r\n    border-radius: 0px !important;\r\n    color: #333333 !important;\r\n    background-color: #FFFFFF !important;\r\n    font-family: monospace !important;\r\n}\r\n\r\n.gdgallery-pagination-547 a:hover, .gdgallery-pagination-547 a.gdgallery-pagination-icon-active{\r\n                  color: #FFFFFF !important;\r\n                  background-color: #333333 !important;\r\n                  border-color: #333333 !important;\r\n              }\r\n\r\n#gdgallery-container-547 .gdgallery_load_more_space{\r\n                      margin-top: 20px !important;\r\n                      text-align: center !important;\r\n                  }\r\n\r\n#gdgallery-container-547 .gdgallery_load_more_space button{\r\n                      padding: 8px 13px !important;\r\n                      font-size: 15px !important;\r\n                      background-color: #333333 !important;\r\n                      color: #FFFFFF !important;\r\n                      border:1px solid #333333 !important;\r\n                      border-radius: 0px !important;\r\n                      font-family: monospace !important;\r\n                  }\r\n#gdgallery-container-547 .gdgallery_load_more_space button:hover{\r\n                      background-color: #FFFFFF !important;\r\n                      color: #333333 !important;\r\n                      border-color: #333333 !important;\r\n                  }\r\n\r\n#gdgallery-container-547 .gdgallery_load_more_space button,\r\n#gdgallery-container-547 .gdgallery_load_more_space button:hover,\r\n#gdgallery-container-547 .gdgallery_load_more_space button:active,\r\n#gdgallery-container-547 .gdgallery_load_more_space button:focus{\r\n  outline: none !important;\r\n}\r\n\r\n#gdgallery-container-547 .gdgallery_loading li{\r\n                      border: 3px solid #333333 !important;\r\n                  }\r\n\r\n.ug-lightbox .ug-lightbox-top-panel-overlay{\r\n    background-color: #000000 !important;\r\n}\r\n\r\n#gdgallery_container_547{}\r\n<\/style>\r\n\r\n\r\n\r\n<\/div>\r\n\r\n\r\n\r\n\r\n\r\n\n","protected":false},"excerpt":{"rendered":"Como lo marca el calendario oficial, sin contratiempos inici\u00f3 el ciclo escolar 2026-2027 en las ocho regiones del estado Se entregaron de manera simb\u00f3lica libros de texto gratuitos y equipamiento escolar \u00a0 Oaxaca de Ju\u00e1rez, Oax., 31 de agosto de 2026.- Con el entusiasmo de un nuevo comienzo y la alegr\u00eda de volver a las [&hellip;]","protected":false},"author":87,"featured_media":37994,"comment_status":"open","ping_status":"open","sticky":false,"template":"","format":"standard","meta":{"episode_type":"audio","audio_file":"","podmotor_file_id":"","podmotor_episode_id":"","cover_image":"","cover_image_id":"","duration":"","filesize":"","filesize_raw":"","date_recorded":"","explicit":"","block":"","footnotes":""},"categories":[10,11],"tags":[],"series":[],"class_list":["post-37943","post","type-post","status-publish","format-standard","has-post-thumbnail","hentry","category-slide","category-noticias"],"episode_featured_image":"https:\/\/www.oaxaca.gob.mx\/ieepo\/wp-content\/uploads\/sites\/75\/2026\/09\/01-09-2026.png","episode_player_image":"https:\/\/www.oaxaca.gob.mx\/ieepo\/wp-content\/uploads\/sites\/75\/2026\/09\/01-09-2026.png","download_link":"","player_link":"","audio_player":false,"episode_data":{"playerMode":"dark","subscribeUrls":[],"rssFeedUrl":"https:\/\/www.oaxaca.gob.mx\/ieepo\/feed\/podcast\/instituto-estatal-de-educacion-publica-de-oaxaca","embedCode":"<blockquote class=\"wp-embedded-content\" data-secret=\"AYCE6qD2T1\"><a href=\"https:\/\/www.oaxaca.gob.mx\/ieepo\/inician-clases-812-mil-900-estudiantes-en-12-mil-40-escuelas-de-educacion-basica-en-oaxaca\/\">Inician clases 812 mil 900 estudiantes en 12 mil 40 escuelas de educaci\u00f3n b\u00e1sica en Oaxaca<\/a><\/blockquote><iframe sandbox=\"allow-scripts\" security=\"restricted\" src=\"https:\/\/www.oaxaca.gob.mx\/ieepo\/inician-clases-812-mil-900-estudiantes-en-12-mil-40-escuelas-de-educacion-basica-en-oaxaca\/embed\/#?secret=AYCE6qD2T1\" width=\"500\" height=\"350\" title=\"\u00abInician clases 812 mil 900 estudiantes en 12 mil 40 escuelas de educaci\u00f3n b\u00e1sica en Oaxaca\u00bb \u2014 Instituto Estatal de Educaci\u00f3n P\u00fablica de Oaxaca\" data-secret=\"AYCE6qD2T1\" frameborder=\"0\" marginwidth=\"0\" marginheight=\"0\" scrolling=\"no\" class=\"wp-embedded-content\"><\/iframe><script>\n\/*! This file is auto-generated *\/\n!function(d,l){\"use strict\";l.querySelector&&d.addEventListener&&\"undefined\"!=typeof URL&&(d.wp=d.wp||{},d.wp.receiveEmbedMessage||(d.wp.receiveEmbedMessage=function(e){var t=e.data;if((t||t.secret||t.message||t.value)&&!\/[^a-zA-Z0-9]\/.test(t.secret)){for(var s,r,n,a=l.querySelectorAll('iframe[data-secret=\"'+t.secret+'\"]'),o=l.querySelectorAll('blockquote[data-secret=\"'+t.secret+'\"]'),c=new RegExp(\"^https?:$\",\"i\"),i=0;i<o.length;i++)o[i].style.display=\"none\";for(i=0;i<a.length;i++)s=a[i],e.source===s.contentWindow&&(s.removeAttribute(\"style\"),\"height\"===t.message?(1e3<(r=parseInt(t.value,10))?r=1e3:~~r<200&&(r=200),s.height=r):\"link\"===t.message&&(r=new URL(s.getAttribute(\"src\")),n=new URL(t.value),c.test(n.protocol))&&n.host===r.host&&l.activeElement===s&&(d.top.location.href=t.value))}},d.addEventListener(\"message\",d.wp.receiveEmbedMessage,!1),l.addEventListener(\"DOMContentLoaded\",function(){for(var e,t,s=l.querySelectorAll(\"iframe.wp-embedded-content\"),r=0;r<s.length;r++)(t=(e=s[r]).getAttribute(\"data-secret\"))||(t=Math.random().toString(36).substring(2,12),e.src+=\"#?secret=\"+t,e.setAttribute(\"data-secret\",t)),e.contentWindow.postMessage({message:\"ready\",secret:t},\"*\")},!1)))}(window,document);\n\/\/# sourceURL=https:\/\/www.oaxaca.gob.mx\/ieepo\/wp-includes\/js\/wp-embed.min.js\n<\/script>\n"},"acf":[],"publishpress_future_action":{"enabled":false,"date":"2026-09-12 02:00:52","action":"change-status","newStatus":"draft","terms":[],"taxonomy":"category","extraData":[]},"publishpress_future_workflow_manual_trigger":{"enabledWorkflows":[]},"_links":{"self":[{"href":"https:\/\/www.oaxaca.gob.mx\/ieepo\/wp-json\/wp\/v2\/posts\/37943","targetHints":{"allow":["GET"]}}],"collection":[{"href":"https:\/\/www.oaxaca.gob.mx\/ieepo\/wp-json\/wp\/v2\/posts"}],"about":[{"href":"https:\/\/www.oaxaca.gob.mx\/ieepo\/wp-json\/wp\/v2\/types\/post"}],"author":[{"embeddable":true,"href":"https:\/\/www.oaxaca.gob.mx\/ieepo\/wp-json\/wp\/v2\/users\/87"}],"replies":[{"embeddable":true,"href":"https:\/\/www.oaxaca.gob.mx\/ieepo\/wp-json\/wp\/v2\/comments?post=37943"}],"version-history":[{"count":2,"href":"https:\/\/www.oaxaca.gob.mx\/ieepo\/wp-json\/wp\/v2\/posts\/37943\/revisions"}],"predecessor-version":[{"id":37988,"href":"https:\/\/www.oaxaca.gob.mx\/ieepo\/wp-json\/wp\/v2\/posts\/37943\/revisions\/37988"}],"wp:featuredmedia":[{"embeddable":true,"href":"https:\/\/www.oaxaca.gob.mx\/ieepo\/wp-json\/wp\/v2\/media\/37994"}],"wp:attachment":[{"href":"https:\/\/www.oaxaca.gob.mx\/ieepo\/wp-json\/wp\/v2\/media?parent=37943"}],"wp:term":[{"taxonomy":"category","embeddable":true,"href":"https:\/\/www.oaxaca.gob.mx\/ieepo\/wp-json\/wp\/v2\/categories?post=37943"},{"taxonomy":"post_tag","embeddable":true,"href":"https:\/\/www.oaxaca.gob.mx\/ieepo\/wp-json\/wp\/v2\/tags?post=37943"},{"taxonomy":"series","embeddable":true,"href":"https:\/\/www.oaxaca.gob.mx\/ieepo\/wp-json\/wp\/v2\/series?post=37943"}],"curies":[{"name":"wp","href":"https:\/\/api.w.org\/{rel}","templated":true}]}}