{"id":37242,"date":"2026-04-30T10:50:39","date_gmt":"2026-04-30T16:50:39","guid":{"rendered":"https:\/\/www.oaxaca.gob.mx\/ieepo\/?p=37242"},"modified":"2026-04-30T10:52:43","modified_gmt":"2026-04-30T16:52:43","slug":"inaugura-salomon-jara-mundialito-escolar-oaxaca-2026","status":"publish","type":"post","link":"https:\/\/www.oaxaca.gob.mx\/ieepo\/inaugura-salomon-jara-mundialito-escolar-oaxaca-2026\/","title":{"rendered":"Inaugura Salom\u00f3n Jara Mundialito Escolar Oaxaca 2026"},"content":{"rendered":"<ul>\n<li><em> La competencia se celebrar\u00e1 previo al Mundial de F\u00fatbol 2026 para acercar el deporte a espacios p\u00fablicos<\/em><\/li>\n<li><em> A nivel nacional participan 25 mil escuelas y m\u00e1s de 125 equipos<\/em><\/li>\n<\/ul>\n<p><strong>Oaxaca de Ju\u00e1rez, Oax. 29 de abril de 2026.-<\/strong> El Gobernador Salom\u00f3n Jara Cruz inaugur\u00f3 en el Parque Primavera Oaxaque\u00f1a el inicio de la etapa estatal del Mundialito Escolar Oaxaca 2026, una justa deportiva impulsada desde el Gobierno de M\u00e9xico para fomentar la actividad f\u00edsica entre ni\u00f1as, ni\u00f1os y j\u00f3venes de toda la naci\u00f3n.<\/p>\n<p>La competencia ser\u00e1 celebrada en el marco del Mundial de F\u00fatbol 2026, para acercar el deporte a los espacios p\u00fablicos en cada estado, m\u00e1s all\u00e1 de los partidos que se celebrar\u00e1n durante los meses de junio y julio.<\/p>\n<p>Al encabezar el evento, el Mandatario Estatal destac\u00f3 que esta es una oportunidad para ense\u00f1ar a las infancias y juventudes que la cancha es una parte integral de la educaci\u00f3n, y que a trav\u00e9s del deporte se aprenden valores como el respeto, la solidaridad y cooperaci\u00f3n.<\/p>\n<p>\u201cEn Oaxaca creemos en el deporte como una herramienta para construir la paz y en la educaci\u00f3n como un camino para transformar las realidades; creemos en ustedes, en su talento y capacidad para hacer de nuestro estado un lugar m\u00e1s justo y fuerte\u201d, declar\u00f3 al dirigirse a las y los participantes de este torneo.<\/p>\n<p>Por su parte, el director del Instituto Estatal de Educaci\u00f3n P\u00fablica de Oaxaca (IEEPO), Emilio Montero P\u00e9rez detall\u00f3 que, como resultado de un trabajo coordinado, el Mundialito Escolar, a nivel nacional, cuenta con la participaci\u00f3n de 25 mil escuelas y m\u00e1s de 125 mil equipos femeniles y varoniles.<\/p>\n<p>Finalmente, y para guardar el esp\u00edritu deportivo y de sana competencia, se dio el juramento al juego limpio a cargo de la alumna Aime\u00e9 Juliana de la Cruz Moar; en tanto, el juramento deportivo de los jueces, fue enunciado por el delegado de la Asociaci\u00f3n de Arbitraje de F\u00fatbol Amateur del Estado de Oaxaca, Jael Alc\u00e1ntara Maldonado.<\/p>\n\r\n<div class=\"gdgallery-gallery-container\" id=\"gdgallery-container-526\" data-id=\"526\">\r\n    \r\n<div id=\"gdgallery_container_526\" style=\"display:none;\" data-view=\"tiles\">\r\n\t        <a href=\"https:\/\/www.oaxaca.gob.mx\/ieepo\/inaugura-salomon-jara-mundialito-escolar-oaxaca-2026\/\">\r\n            <img decoding=\"async\" alt=\"\"\r\n                 data-type=\"image\"\r\n                 src=\"https:\/\/www.oaxaca.gob.mx\/ieepo\/wp-content\/uploads\/sites\/75\/2026\/04\/19-04-26-1.jpeg\"\r\n                 data-image=\"https:\/\/www.oaxaca.gob.mx\/ieepo\/wp-content\/uploads\/sites\/75\/2026\/04\/19-04-26-1.jpeg\"\r\n                 data-description=\"\"\r\n\t\t\t\t                 style=\"display:block\">\r\n        <\/a>\r\n\t        <a href=\"https:\/\/www.oaxaca.gob.mx\/ieepo\/inaugura-salomon-jara-mundialito-escolar-oaxaca-2026\/\">\r\n            <img decoding=\"async\" alt=\"\"\r\n                 data-type=\"image\"\r\n                 src=\"https:\/\/www.oaxaca.gob.mx\/ieepo\/wp-content\/uploads\/sites\/75\/2026\/04\/19-04-26-10.jpeg\"\r\n                 data-image=\"https:\/\/www.oaxaca.gob.mx\/ieepo\/wp-content\/uploads\/sites\/75\/2026\/04\/19-04-26-10.jpeg\"\r\n                 data-description=\"\"\r\n\t\t\t\t                 style=\"display:block\">\r\n        <\/a>\r\n\t        <a href=\"https:\/\/www.oaxaca.gob.mx\/ieepo\/inaugura-salomon-jara-mundialito-escolar-oaxaca-2026\/\">\r\n            <img decoding=\"async\" alt=\"\"\r\n                 data-type=\"image\"\r\n                 src=\"https:\/\/www.oaxaca.gob.mx\/ieepo\/wp-content\/uploads\/sites\/75\/2026\/04\/19-04-26-9.jpeg\"\r\n                 data-image=\"https:\/\/www.oaxaca.gob.mx\/ieepo\/wp-content\/uploads\/sites\/75\/2026\/04\/19-04-26-9.jpeg\"\r\n                 data-description=\"\"\r\n\t\t\t\t                 style=\"display:block\">\r\n        <\/a>\r\n\t        <a href=\"https:\/\/www.oaxaca.gob.mx\/ieepo\/inaugura-salomon-jara-mundialito-escolar-oaxaca-2026\/\">\r\n            <img decoding=\"async\" alt=\"\"\r\n                 data-type=\"image\"\r\n                 src=\"https:\/\/www.oaxaca.gob.mx\/ieepo\/wp-content\/uploads\/sites\/75\/2026\/04\/19-04-26-8.jpeg\"\r\n                 data-image=\"https:\/\/www.oaxaca.gob.mx\/ieepo\/wp-content\/uploads\/sites\/75\/2026\/04\/19-04-26-8.jpeg\"\r\n                 data-description=\"\"\r\n\t\t\t\t                 style=\"display:block\">\r\n        <\/a>\r\n\t        <a href=\"https:\/\/www.oaxaca.gob.mx\/ieepo\/inaugura-salomon-jara-mundialito-escolar-oaxaca-2026\/\">\r\n            <img decoding=\"async\" alt=\"\"\r\n                 data-type=\"image\"\r\n                 src=\"https:\/\/www.oaxaca.gob.mx\/ieepo\/wp-content\/uploads\/sites\/75\/2026\/04\/19-04-26-7.jpeg\"\r\n                 data-image=\"https:\/\/www.oaxaca.gob.mx\/ieepo\/wp-content\/uploads\/sites\/75\/2026\/04\/19-04-26-7.jpeg\"\r\n                 data-description=\"\"\r\n\t\t\t\t                 style=\"display:block\">\r\n        <\/a>\r\n\t        <a href=\"https:\/\/www.oaxaca.gob.mx\/ieepo\/inaugura-salomon-jara-mundialito-escolar-oaxaca-2026\/\">\r\n            <img decoding=\"async\" alt=\"\"\r\n                 data-type=\"image\"\r\n                 src=\"https:\/\/www.oaxaca.gob.mx\/ieepo\/wp-content\/uploads\/sites\/75\/2026\/04\/19-04-26-6.jpeg\"\r\n                 data-image=\"https:\/\/www.oaxaca.gob.mx\/ieepo\/wp-content\/uploads\/sites\/75\/2026\/04\/19-04-26-6.jpeg\"\r\n                 data-description=\"\"\r\n\t\t\t\t                 style=\"display:block\">\r\n        <\/a>\r\n\t        <a href=\"https:\/\/www.oaxaca.gob.mx\/ieepo\/inaugura-salomon-jara-mundialito-escolar-oaxaca-2026\/\">\r\n            <img decoding=\"async\" alt=\"\"\r\n                 data-type=\"image\"\r\n                 src=\"https:\/\/www.oaxaca.gob.mx\/ieepo\/wp-content\/uploads\/sites\/75\/2026\/04\/19-04-26-5.jpeg\"\r\n                 data-image=\"https:\/\/www.oaxaca.gob.mx\/ieepo\/wp-content\/uploads\/sites\/75\/2026\/04\/19-04-26-5.jpeg\"\r\n                 data-description=\"\"\r\n\t\t\t\t                 style=\"display:block\">\r\n        <\/a>\r\n\t        <a href=\"https:\/\/www.oaxaca.gob.mx\/ieepo\/inaugura-salomon-jara-mundialito-escolar-oaxaca-2026\/\">\r\n            <img decoding=\"async\" alt=\"\"\r\n                 data-type=\"image\"\r\n                 src=\"https:\/\/www.oaxaca.gob.mx\/ieepo\/wp-content\/uploads\/sites\/75\/2026\/04\/19-04-26-4.jpg\"\r\n                 data-image=\"https:\/\/www.oaxaca.gob.mx\/ieepo\/wp-content\/uploads\/sites\/75\/2026\/04\/19-04-26-4.jpg\"\r\n                 data-description=\"\"\r\n\t\t\t\t                 style=\"display:block\">\r\n        <\/a>\r\n\t        <a href=\"https:\/\/www.oaxaca.gob.mx\/ieepo\/inaugura-salomon-jara-mundialito-escolar-oaxaca-2026\/\">\r\n            <img decoding=\"async\" alt=\"\"\r\n                 data-type=\"image\"\r\n                 src=\"https:\/\/www.oaxaca.gob.mx\/ieepo\/wp-content\/uploads\/sites\/75\/2026\/04\/19-04-26-4.jpeg\"\r\n                 data-image=\"https:\/\/www.oaxaca.gob.mx\/ieepo\/wp-content\/uploads\/sites\/75\/2026\/04\/19-04-26-4.jpeg\"\r\n                 data-description=\"\"\r\n\t\t\t\t                 style=\"display:block\">\r\n        <\/a>\r\n\t        <a href=\"https:\/\/www.oaxaca.gob.mx\/ieepo\/inaugura-salomon-jara-mundialito-escolar-oaxaca-2026\/\">\r\n            <img decoding=\"async\" alt=\"\"\r\n                 data-type=\"image\"\r\n                 src=\"https:\/\/www.oaxaca.gob.mx\/ieepo\/wp-content\/uploads\/sites\/75\/2026\/04\/19-04-26-3.jpg\"\r\n                 data-image=\"https:\/\/www.oaxaca.gob.mx\/ieepo\/wp-content\/uploads\/sites\/75\/2026\/04\/19-04-26-3.jpg\"\r\n                 data-description=\"\"\r\n\t\t\t\t                 style=\"display:block\">\r\n        <\/a>\r\n\t        <a href=\"https:\/\/www.oaxaca.gob.mx\/ieepo\/inaugura-salomon-jara-mundialito-escolar-oaxaca-2026\/\">\r\n            <img decoding=\"async\" alt=\"\"\r\n                 data-type=\"image\"\r\n                 src=\"https:\/\/www.oaxaca.gob.mx\/ieepo\/wp-content\/uploads\/sites\/75\/2026\/04\/19-04-26-3.jpeg\"\r\n                 data-image=\"https:\/\/www.oaxaca.gob.mx\/ieepo\/wp-content\/uploads\/sites\/75\/2026\/04\/19-04-26-3.jpeg\"\r\n                 data-description=\"\"\r\n\t\t\t\t                 style=\"display:block\">\r\n        <\/a>\r\n\t        <a href=\"https:\/\/www.oaxaca.gob.mx\/ieepo\/inaugura-salomon-jara-mundialito-escolar-oaxaca-2026\/\">\r\n            <img decoding=\"async\" alt=\"\"\r\n                 data-type=\"image\"\r\n                 src=\"https:\/\/www.oaxaca.gob.mx\/ieepo\/wp-content\/uploads\/sites\/75\/2026\/04\/19-04-26-2.jpg\"\r\n                 data-image=\"https:\/\/www.oaxaca.gob.mx\/ieepo\/wp-content\/uploads\/sites\/75\/2026\/04\/19-04-26-2.jpg\"\r\n                 data-description=\"\"\r\n\t\t\t\t                 style=\"display:block\">\r\n        <\/a>\r\n\t        <a href=\"https:\/\/www.oaxaca.gob.mx\/ieepo\/inaugura-salomon-jara-mundialito-escolar-oaxaca-2026\/\">\r\n            <img decoding=\"async\" alt=\"\"\r\n                 data-type=\"image\"\r\n                 src=\"https:\/\/www.oaxaca.gob.mx\/ieepo\/wp-content\/uploads\/sites\/75\/2026\/04\/19-04-26-2.jpeg\"\r\n                 data-image=\"https:\/\/www.oaxaca.gob.mx\/ieepo\/wp-content\/uploads\/sites\/75\/2026\/04\/19-04-26-2.jpeg\"\r\n                 data-description=\"\"\r\n\t\t\t\t                 style=\"display:block\">\r\n        <\/a>\r\n\t        <a href=\"https:\/\/www.oaxaca.gob.mx\/ieepo\/inaugura-salomon-jara-mundialito-escolar-oaxaca-2026\/\">\r\n            <img decoding=\"async\" alt=\"\"\r\n                 data-type=\"image\"\r\n                 src=\"https:\/\/www.oaxaca.gob.mx\/ieepo\/wp-content\/uploads\/sites\/75\/2026\/04\/19-04-26-1.jpg\"\r\n                 data-image=\"https:\/\/www.oaxaca.gob.mx\/ieepo\/wp-content\/uploads\/sites\/75\/2026\/04\/19-04-26-1.jpg\"\r\n                 data-description=\"\"\r\n\t\t\t\t                 style=\"display:block\">\r\n        <\/a>\r\n\t<\/div>\r\n\r\n<script type=\"text\/javascript\">\r\n\r\n    (function() {\r\n        var runMyCode = function() {\r\n            jQuery(document).ready(function () {\r\n                var container = jQuery(\"#gdgallery_container_526\");\r\n                container.unitegallery({\"gallery_theme\":\"tiles\",\"tiles_space_between_cols\":10,\"tiles_col_width\":250,\"tiles_min_columns\":\"2\",\"tile_enable_textpanel\":true,\"tile_textpanel_always_on\":true,\"tile_textpanel_title_text_align\":\"center\",\"tile_textpanel_title_font_size\":\"16\",\"tile_textpanel_title_color\":\"#FFFFFF\",\"tile_textpanel_bg_color\":\"#f00\",\"tile_textpanel_bg_opacity\":0.7,\"tile_enable_border\":true,\"tile_border_width\":\"0\",\"tile_border_color\":\"#333333\",\"tile_border_radius\":\"0\",\"tile_enable_overlay\":true,\"tile_enable_image_effect\":true,\"tile_image_effect_type\":\"blur\",\"tile_image_effect_reverse\":true,\"tile_enable_shadow\":false,\"tile_as_link\":false,\"tile_enable_icons\":true,\"tile_show_link_icon\":true,\"tile_textpanel_appear_type\":\"slide\",\"tile_textpanel_position\":\"inside_bottom\",\"tile_link_newpage\":true,\"lightbox_type\":\"wide\",\"lightbox_arrows_offset\":0,\"lightbox_overlay_color\":\"#000000\",\"lightbox_overlay_opacity\":1,\"lightbox_top_panel_opacity\":1,\"lightbox_show_numbers\":true,\"lightbox_numbers_size\":\"15\",\"lightbox_numbers_color\":\"#FFFFFF\",\"lightbox_slider_image_border_width\":\"0\",\"lightbox_slider_image_border_color\":\"#FFFFFF\",\"lightbox_slider_image_border_radius\":0,\"lightbox_slider_image_shadow\":true,\"lightbox_slider_control_swipe\":true,\"lightbox_slider_control_zoom\":true,\"lightbox_slider_image_border\":true,\"lightbox_show_textpanel\":true,\"lightbox_textpanel_enable_title\":true,\"lightbox_textpanel_enable_description\":false,\"lightbox_textpanel_padding_top\":5,\"lightbox_textpanel_padding_bottom\":5,\"lightbox_textpanel_padding_right\":5,\"lightbox_textpanel_padding_left\":5,\"lightbox_textpanel_title_color\":\"#FFFFFF\",\"lightbox_textpanel_title_text_align\":\"center\",\"lightbox_textpanel_title_font_size\":\"16\",\"lightbox_textpanel_desc_color\":\"#FFFFFF\",\"lightbox_textpanel_desc_text_align\":\"center\",\"lightbox_textpanel_desc_font_size\":\"14\"});\r\n            });\r\n        };\r\n        var timer = function() {\r\n            if (window.jQuery) {runMyCode(window.jQuery);}\r\n            else {window.setTimeout(timer, 100);}\r\n        };\r\n        timer();\r\n    })();\r\n<\/script><style>\r\n#gdgallery-container-526 {\r\n    text-align: center}\r\n\r\n.gdgallery-pagination-526{\r\n    text-align: center !important;\r\n}\r\n\r\n.gdgallery-pagination-526 a{\r\n    font-size: 15px !important;\r\n    padding: 8px 13px !important;\r\n    margin: 3px !important;\r\n    border: 1px solid #333333 !important;\r\n    border-radius: 0px !important;\r\n    color: #333333 !important;\r\n    background-color: #FFFFFF !important;\r\n    font-family: monospace !important;\r\n}\r\n\r\n.gdgallery-pagination-526 a:hover, .gdgallery-pagination-526 a.gdgallery-pagination-icon-active{\r\n                  color: #FFFFFF !important;\r\n                  background-color: #333333 !important;\r\n                  border-color: #333333 !important;\r\n              }\r\n\r\n#gdgallery-container-526 .gdgallery_load_more_space{\r\n                      margin-top: 20px !important;\r\n                      text-align: center !important;\r\n                  }\r\n\r\n#gdgallery-container-526 .gdgallery_load_more_space button{\r\n                      padding: 8px 13px !important;\r\n                      font-size: 15px !important;\r\n                      background-color: #333333 !important;\r\n                      color: #FFFFFF !important;\r\n                      border:1px solid #333333 !important;\r\n                      border-radius: 0px !important;\r\n                      font-family: monospace !important;\r\n                  }\r\n#gdgallery-container-526 .gdgallery_load_more_space button:hover{\r\n                      background-color: #FFFFFF !important;\r\n                      color: #333333 !important;\r\n                      border-color: #333333 !important;\r\n                  }\r\n\r\n#gdgallery-container-526 .gdgallery_load_more_space button,\r\n#gdgallery-container-526 .gdgallery_load_more_space button:hover,\r\n#gdgallery-container-526 .gdgallery_load_more_space button:active,\r\n#gdgallery-container-526 .gdgallery_load_more_space button:focus{\r\n  outline: none !important;\r\n}\r\n\r\n#gdgallery-container-526 .gdgallery_loading li{\r\n                      border: 3px solid #333333 !important;\r\n                  }\r\n\r\n.ug-lightbox .ug-lightbox-top-panel-overlay{\r\n    background-color: #000000 !important;\r\n}\r\n\r\n#gdgallery_container_526{}\r\n<\/style>\r\n\r\n\r\n\r\n<\/div>\r\n\r\n\r\n\r\n\r\n\r\n\n","protected":false},"excerpt":{"rendered":"La competencia se celebrar\u00e1 previo al Mundial de F\u00fatbol 2026 para acercar el deporte a espacios p\u00fablicos A nivel nacional participan 25 mil escuelas y m\u00e1s de 125 equipos Oaxaca de Ju\u00e1rez, Oax. 29 de abril de 2026.- El Gobernador Salom\u00f3n Jara Cruz inaugur\u00f3 en el Parque Primavera Oaxaque\u00f1a el inicio de la etapa estatal [&hellip;]","protected":false},"author":87,"featured_media":37243,"comment_status":"open","ping_status":"open","sticky":false,"template":"","format":"standard","meta":{"episode_type":"audio","audio_file":"","podmotor_file_id":"","podmotor_episode_id":"","cover_image":"","cover_image_id":"","duration":"","filesize":"","filesize_raw":"","date_recorded":"","explicit":"","block":"","footnotes":""},"categories":[10,11],"tags":[],"series":[],"class_list":["post-37242","post","type-post","status-publish","format-standard","has-post-thumbnail","hentry","category-slide","category-noticias"],"episode_featured_image":"https:\/\/www.oaxaca.gob.mx\/ieepo\/wp-content\/uploads\/sites\/75\/2026\/04\/30-04-2026.png","episode_player_image":"https:\/\/www.oaxaca.gob.mx\/ieepo\/wp-content\/plugins\/seriously-simple-podcasting\/assets\/images\/no-album-art.png","download_link":"","player_link":"","audio_player":false,"episode_data":{"playerMode":"dark","subscribeUrls":[],"rssFeedUrl":"https:\/\/www.oaxaca.gob.mx\/ieepo\/feed\/podcast\/instituto-estatal-de-educacion-publica-de-oaxaca","embedCode":"<blockquote class=\"wp-embedded-content\" data-secret=\"nufP0aPafY\"><a href=\"https:\/\/www.oaxaca.gob.mx\/ieepo\/inaugura-salomon-jara-mundialito-escolar-oaxaca-2026\/\">Inaugura Salom\u00f3n Jara Mundialito Escolar Oaxaca 2026<\/a><\/blockquote><iframe sandbox=\"allow-scripts\" security=\"restricted\" src=\"https:\/\/www.oaxaca.gob.mx\/ieepo\/inaugura-salomon-jara-mundialito-escolar-oaxaca-2026\/embed\/#?secret=nufP0aPafY\" width=\"500\" height=\"350\" title=\"\u00abInaugura Salom\u00f3n Jara Mundialito Escolar Oaxaca 2026\u00bb \u2014 Instituto Estatal de Educaci\u00f3n P\u00fablica de Oaxaca\" data-secret=\"nufP0aPafY\" frameborder=\"0\" marginwidth=\"0\" marginheight=\"0\" scrolling=\"no\" class=\"wp-embedded-content\"><\/iframe><script type=\"text\/javascript\">\n\/* <![CDATA[ *\/\n\/*! This file is auto-generated *\/\n!function(d,l){\"use strict\";l.querySelector&&d.addEventListener&&\"undefined\"!=typeof URL&&(d.wp=d.wp||{},d.wp.receiveEmbedMessage||(d.wp.receiveEmbedMessage=function(e){var t=e.data;if((t||t.secret||t.message||t.value)&&!\/[^a-zA-Z0-9]\/.test(t.secret)){for(var s,r,n,a=l.querySelectorAll('iframe[data-secret=\"'+t.secret+'\"]'),o=l.querySelectorAll('blockquote[data-secret=\"'+t.secret+'\"]'),c=new RegExp(\"^https?:$\",\"i\"),i=0;i<o.length;i++)o[i].style.display=\"none\";for(i=0;i<a.length;i++)s=a[i],e.source===s.contentWindow&&(s.removeAttribute(\"style\"),\"height\"===t.message?(1e3<(r=parseInt(t.value,10))?r=1e3:~~r<200&&(r=200),s.height=r):\"link\"===t.message&&(r=new URL(s.getAttribute(\"src\")),n=new URL(t.value),c.test(n.protocol))&&n.host===r.host&&l.activeElement===s&&(d.top.location.href=t.value))}},d.addEventListener(\"message\",d.wp.receiveEmbedMessage,!1),l.addEventListener(\"DOMContentLoaded\",function(){for(var e,t,s=l.querySelectorAll(\"iframe.wp-embedded-content\"),r=0;r<s.length;r++)(t=(e=s[r]).getAttribute(\"data-secret\"))||(t=Math.random().toString(36).substring(2,12),e.src+=\"#?secret=\"+t,e.setAttribute(\"data-secret\",t)),e.contentWindow.postMessage({message:\"ready\",secret:t},\"*\")},!1)))}(window,document);\n\/\/# sourceURL=https:\/\/www.oaxaca.gob.mx\/ieepo\/wp-includes\/js\/wp-embed.min.js\n\/* ]]> *\/\n<\/script>\n"},"acf":[],"publishpress_future_action":{"enabled":false,"date":"2026-05-07 16:33:27","action":"change-status","newStatus":"draft","terms":[],"taxonomy":"category","extraData":[]},"publishpress_future_workflow_manual_trigger":{"enabledWorkflows":[]},"_links":{"self":[{"href":"https:\/\/www.oaxaca.gob.mx\/ieepo\/wp-json\/wp\/v2\/posts\/37242","targetHints":{"allow":["GET"]}}],"collection":[{"href":"https:\/\/www.oaxaca.gob.mx\/ieepo\/wp-json\/wp\/v2\/posts"}],"about":[{"href":"https:\/\/www.oaxaca.gob.mx\/ieepo\/wp-json\/wp\/v2\/types\/post"}],"author":[{"embeddable":true,"href":"https:\/\/www.oaxaca.gob.mx\/ieepo\/wp-json\/wp\/v2\/users\/87"}],"replies":[{"embeddable":true,"href":"https:\/\/www.oaxaca.gob.mx\/ieepo\/wp-json\/wp\/v2\/comments?post=37242"}],"version-history":[{"count":3,"href":"https:\/\/www.oaxaca.gob.mx\/ieepo\/wp-json\/wp\/v2\/posts\/37242\/revisions"}],"predecessor-version":[{"id":37261,"href":"https:\/\/www.oaxaca.gob.mx\/ieepo\/wp-json\/wp\/v2\/posts\/37242\/revisions\/37261"}],"wp:featuredmedia":[{"embeddable":true,"href":"https:\/\/www.oaxaca.gob.mx\/ieepo\/wp-json\/wp\/v2\/media\/37243"}],"wp:attachment":[{"href":"https:\/\/www.oaxaca.gob.mx\/ieepo\/wp-json\/wp\/v2\/media?parent=37242"}],"wp:term":[{"taxonomy":"category","embeddable":true,"href":"https:\/\/www.oaxaca.gob.mx\/ieepo\/wp-json\/wp\/v2\/categories?post=37242"},{"taxonomy":"post_tag","embeddable":true,"href":"https:\/\/www.oaxaca.gob.mx\/ieepo\/wp-json\/wp\/v2\/tags?post=37242"},{"taxonomy":"series","embeddable":true,"href":"https:\/\/www.oaxaca.gob.mx\/ieepo\/wp-json\/wp\/v2\/series?post=37242"}],"curies":[{"name":"wp","href":"https:\/\/api.w.org\/{rel}","templated":true}]}}