{"id":37237,"date":"2026-04-29T00:21:56","date_gmt":"2026-04-29T06:21:56","guid":{"rendered":"https:\/\/www.oaxaca.gob.mx\/ieepo\/?p=37237"},"modified":"2026-04-29T08:24:11","modified_gmt":"2026-04-29T14:24:11","slug":"entrega-de-tarjetas-beca-rita-cetina-para-primaria-sera-del-18-de-mayo-al-31-de-julio-ieepo","status":"publish","type":"post","link":"https:\/\/www.oaxaca.gob.mx\/ieepo\/entrega-de-tarjetas-beca-rita-cetina-para-primaria-sera-del-18-de-mayo-al-31-de-julio-ieepo\/","title":{"rendered":"Entrega de tarjetas Beca Rita Cetina para primaria, ser\u00e1 del 18 de mayo al 31 de julio: IEEPO"},"content":{"rendered":"<ul>\n<li>El director general, Emilio Montero P\u00e9rez invita a madres, padres y tutores a preparar la documentaci\u00f3n respectiva.<\/li>\n<\/ul>\n<p><strong>Oaxaca de Ju\u00e1rez, Oax., 27 de abril de 2026.- <\/strong>El pr\u00f3ximo 18 de mayo y hasta el 31 de julio, se llevar\u00e1 a cabo la entrega de las tarjetas de la Beca Rita Cetina para estudiantes de primaria, impulsada por la presidenta Claudia Sheinbaum Pardo, como parte de la pol\u00edtica social enfocada a fortalecer la permanencia escolar.<\/p>\n<p>El director general del Instituto Estatal de Educaci\u00f3n P\u00fablica de Oaxaca (IEEPO), Emilio Montero P\u00e9rez, precis\u00f3 que este proceso permitir\u00e1 a las familias acceder de manera directa al apoyo econ\u00f3mico mediante el Banco del Bienestar, como parte de la estrategia de incorporaci\u00f3n al programa federal, por lo que invit\u00f3 a madres, padres y tutores a preparar la documentaci\u00f3n respectiva.<\/p>\n<p>De acuerdo con informaci\u00f3n de la Secretar\u00eda de Educaci\u00f3n P\u00fablica (SEP), a nivel federal, la entrega de tarjetas se realizar\u00e1 de forma escalonada y conforme a convocatorias, con el objetivo de garantizar orden y cobertura total entre las y los beneficiarios.<\/p>\n<p>En agosto, madres, padres y tutores recibir\u00e1n un pago anual de 2 mil 500 pesos destinado a la compra de uniformes y \u00fatiles escolares, en apoyo a la econom\u00eda familiar ante el pr\u00f3ximo ciclo escolar.<\/p>\n<p>\ud83d\udc69\ud83c\udffd Documentos de la madre, padre, tutora o tutor:<\/p>\n<ul>\n<li>Identificaci\u00f3n oficial en original y copia<\/li>\n<li>Copia del acta de nacimiento<\/li>\n<li>Copia de la CURP<\/li>\n<li>Copia del comprobante de domicilio con antig\u00fcedad no mayor a 6 meses<\/li>\n<\/ul>\n<p>&nbsp;<\/p>\n<p>\ud83d\udc67\ud83c\udffb Documentos de la o el alumno:<\/p>\n<ul>\n<li>Copia del acta de nacimiento<\/li>\n<li>Copia de la CURP<\/li>\n<\/ul>\n<p>La Beca Universal de Educaci\u00f3n B\u00e1sica Rita Cetina para primaria y secundaria fue creada por la presidenta Claudia Sheinbaum Pardo en 2025 para todas y todos los estudiantes de secundaria y este 2026, ampli\u00f3 su cobertura a nivel primaria.<\/p>\n","protected":false},"excerpt":{"rendered":"El director general, Emilio Montero P\u00e9rez invita a madres, padres y tutores a preparar la documentaci\u00f3n respectiva. Oaxaca de Ju\u00e1rez, Oax., 27 de abril de 2026.- El pr\u00f3ximo 18 de mayo y hasta el 31 de julio, se llevar\u00e1 a cabo la entrega de las tarjetas de la Beca Rita Cetina para estudiantes de primaria, [&hellip;]","protected":false},"author":87,"featured_media":37238,"comment_status":"open","ping_status":"open","sticky":false,"template":"","format":"standard","meta":{"episode_type":"audio","audio_file":"","podmotor_file_id":"","podmotor_episode_id":"","cover_image":"","cover_image_id":"","duration":"","filesize":"","filesize_raw":"","date_recorded":"","explicit":"","block":"","footnotes":""},"categories":[10,11],"tags":[],"series":[],"class_list":["post-37237","post","type-post","status-publish","format-standard","has-post-thumbnail","hentry","category-slide","category-noticias"],"episode_featured_image":"https:\/\/www.oaxaca.gob.mx\/ieepo\/wp-content\/uploads\/sites\/75\/2026\/04\/28-04-26.png","episode_player_image":"https:\/\/www.oaxaca.gob.mx\/ieepo\/wp-content\/plugins\/seriously-simple-podcasting\/assets\/images\/no-album-art.png","download_link":"","player_link":"","audio_player":false,"episode_data":{"playerMode":"dark","subscribeUrls":[],"rssFeedUrl":"https:\/\/www.oaxaca.gob.mx\/ieepo\/feed\/podcast\/instituto-estatal-de-educacion-publica-de-oaxaca","embedCode":"<blockquote class=\"wp-embedded-content\" data-secret=\"OsRyEN0kCF\"><a href=\"https:\/\/www.oaxaca.gob.mx\/ieepo\/entrega-de-tarjetas-beca-rita-cetina-para-primaria-sera-del-18-de-mayo-al-31-de-julio-ieepo\/\">Entrega de tarjetas Beca Rita Cetina para primaria, ser\u00e1 del 18 de mayo al 31 de julio: IEEPO<\/a><\/blockquote><iframe sandbox=\"allow-scripts\" security=\"restricted\" src=\"https:\/\/www.oaxaca.gob.mx\/ieepo\/entrega-de-tarjetas-beca-rita-cetina-para-primaria-sera-del-18-de-mayo-al-31-de-julio-ieepo\/embed\/#?secret=OsRyEN0kCF\" width=\"500\" height=\"350\" title=\"\u00abEntrega de tarjetas Beca Rita Cetina para primaria, ser\u00e1 del 18 de mayo al 31 de julio: IEEPO\u00bb \u2014 Instituto Estatal de Educaci\u00f3n P\u00fablica de Oaxaca\" data-secret=\"OsRyEN0kCF\" frameborder=\"0\" marginwidth=\"0\" marginheight=\"0\" scrolling=\"no\" class=\"wp-embedded-content\"><\/iframe><script type=\"text\/javascript\">\n\/* <![CDATA[ *\/\n\/*! This file is auto-generated *\/\n!function(d,l){\"use strict\";l.querySelector&&d.addEventListener&&\"undefined\"!=typeof URL&&(d.wp=d.wp||{},d.wp.receiveEmbedMessage||(d.wp.receiveEmbedMessage=function(e){var t=e.data;if((t||t.secret||t.message||t.value)&&!\/[^a-zA-Z0-9]\/.test(t.secret)){for(var s,r,n,a=l.querySelectorAll('iframe[data-secret=\"'+t.secret+'\"]'),o=l.querySelectorAll('blockquote[data-secret=\"'+t.secret+'\"]'),c=new RegExp(\"^https?:$\",\"i\"),i=0;i<o.length;i++)o[i].style.display=\"none\";for(i=0;i<a.length;i++)s=a[i],e.source===s.contentWindow&&(s.removeAttribute(\"style\"),\"height\"===t.message?(1e3<(r=parseInt(t.value,10))?r=1e3:~~r<200&&(r=200),s.height=r):\"link\"===t.message&&(r=new URL(s.getAttribute(\"src\")),n=new URL(t.value),c.test(n.protocol))&&n.host===r.host&&l.activeElement===s&&(d.top.location.href=t.value))}},d.addEventListener(\"message\",d.wp.receiveEmbedMessage,!1),l.addEventListener(\"DOMContentLoaded\",function(){for(var e,t,s=l.querySelectorAll(\"iframe.wp-embedded-content\"),r=0;r<s.length;r++)(t=(e=s[r]).getAttribute(\"data-secret\"))||(t=Math.random().toString(36).substring(2,12),e.src+=\"#?secret=\"+t,e.setAttribute(\"data-secret\",t)),e.contentWindow.postMessage({message:\"ready\",secret:t},\"*\")},!1)))}(window,document);\n\/\/# sourceURL=https:\/\/www.oaxaca.gob.mx\/ieepo\/wp-includes\/js\/wp-embed.min.js\n\/* ]]> *\/\n<\/script>\n"},"acf":[],"publishpress_future_action":{"enabled":false,"date":"2026-05-06 15:24:15","action":"change-status","newStatus":"draft","terms":[],"taxonomy":"category","extraData":[]},"publishpress_future_workflow_manual_trigger":{"enabledWorkflows":[]},"_links":{"self":[{"href":"https:\/\/www.oaxaca.gob.mx\/ieepo\/wp-json\/wp\/v2\/posts\/37237","targetHints":{"allow":["GET"]}}],"collection":[{"href":"https:\/\/www.oaxaca.gob.mx\/ieepo\/wp-json\/wp\/v2\/posts"}],"about":[{"href":"https:\/\/www.oaxaca.gob.mx\/ieepo\/wp-json\/wp\/v2\/types\/post"}],"author":[{"embeddable":true,"href":"https:\/\/www.oaxaca.gob.mx\/ieepo\/wp-json\/wp\/v2\/users\/87"}],"replies":[{"embeddable":true,"href":"https:\/\/www.oaxaca.gob.mx\/ieepo\/wp-json\/wp\/v2\/comments?post=37237"}],"version-history":[{"count":2,"href":"https:\/\/www.oaxaca.gob.mx\/ieepo\/wp-json\/wp\/v2\/posts\/37237\/revisions"}],"predecessor-version":[{"id":37241,"href":"https:\/\/www.oaxaca.gob.mx\/ieepo\/wp-json\/wp\/v2\/posts\/37237\/revisions\/37241"}],"wp:featuredmedia":[{"embeddable":true,"href":"https:\/\/www.oaxaca.gob.mx\/ieepo\/wp-json\/wp\/v2\/media\/37238"}],"wp:attachment":[{"href":"https:\/\/www.oaxaca.gob.mx\/ieepo\/wp-json\/wp\/v2\/media?parent=37237"}],"wp:term":[{"taxonomy":"category","embeddable":true,"href":"https:\/\/www.oaxaca.gob.mx\/ieepo\/wp-json\/wp\/v2\/categories?post=37237"},{"taxonomy":"post_tag","embeddable":true,"href":"https:\/\/www.oaxaca.gob.mx\/ieepo\/wp-json\/wp\/v2\/tags?post=37237"},{"taxonomy":"series","embeddable":true,"href":"https:\/\/www.oaxaca.gob.mx\/ieepo\/wp-json\/wp\/v2\/series?post=37237"}],"curies":[{"name":"wp","href":"https:\/\/api.w.org\/{rel}","templated":true}]}}