{"id":37216,"date":"2026-04-24T11:47:29","date_gmt":"2026-04-24T17:47:29","guid":{"rendered":"https:\/\/www.oaxaca.gob.mx\/ieepo\/?p=37216"},"modified":"2026-04-27T11:58:15","modified_gmt":"2026-04-27T17:58:15","slug":"ieepo-inaugura-etapa-estatal-de-juegos-deportivos-escolares-2025-2026-en-oaxaca","status":"publish","type":"post","link":"https:\/\/www.oaxaca.gob.mx\/ieepo\/ieepo-inaugura-etapa-estatal-de-juegos-deportivos-escolares-2025-2026-en-oaxaca\/","title":{"rendered":"IEEPO inaugura etapa estatal de Juegos Deportivos Escolares 2025\u20132026 en Oaxaca"},"content":{"rendered":"<ul>\n<li><em>M\u00e1s de mil 500 participantes se re\u00fanen en una jornada que promueve valores y talento estudiantil<\/em><\/li>\n<\/ul>\n<p>&nbsp;<\/p>\n<p><strong>Oaxaca de Ju\u00e1rez, Oax., 23 de abril de 2026.-<\/strong> Entre aplausos, emoci\u00f3n y muestras de j\u00fabilo, el director general del Instituto Estatal de Educaci\u00f3n P\u00fablica de Oaxaca (IEEPO), Emilio Montero P\u00e9rez, inaugur\u00f3 este jueves la etapa estatal de los Juegos Deportivos Nacionales Escolares de la Educaci\u00f3n B\u00e1sica 2025\u20132026, una celebraci\u00f3n del deporte escolar que reuni\u00f3 a m\u00e1s de mil 500 asistentes de las ocho regiones.<\/p>\n<p>Durante su intervenci\u00f3n, destac\u00f3 que cada participante representa no solo a su escuela, sino al esfuerzo, talento y compromiso de su comunidad. Subray\u00f3 que, m\u00e1s all\u00e1 de la competencia, estos juegos fortalecen valores como el trabajo en equipo, el respeto y la disciplina, fundamentales para la formaci\u00f3n integral.<\/p>\n<p>En el Complejo Deportivo \u201cHermanos Flores Mag\u00f3n\u201d, se vivieron momentos de gran emotividad con el juramento deportivo a cargo de la alumna Mildred Aylin Z\u00e1rate Z\u00e1rate, de la Escuela Primaria \u201cMiguel Hidalgo\u201d de San Sebasti\u00e1n Tutla; el encendido del fuego simb\u00f3lico realizado por el alumno Liam Dominic Soriano Saavedra, de la Escuela Primaria \u201cJusto Sierra\u201d de Santa Luc\u00eda del Camino, y la premiaci\u00f3n a participantes de atletismo.<\/p>\n<p>El programa cultural llen\u00f3 de color la jornada con bailes regionales que celebraron la identidad de Oaxaca, mientras autoridades educativas, docentes, entrenadores, madres y padres de familia fueron reconocidos como parte fundamental en la formaci\u00f3n de las y los atletas escolares.<\/p>\n<p>La etapa estatal de los Juegos Deportivos Nacionales Escolares de la Educaci\u00f3n B\u00e1sica 2025\u20132026 es organizada por la Direcci\u00f3n Estatal de Educaci\u00f3n F\u00edsica, en coordinaci\u00f3n con el IEEPO y las supervisiones escolares de Educaci\u00f3n F\u00edsica.<\/p>\n<p>&nbsp;<br \/>\n\t\r\n<div class=\"gdgallery-gallery-container\" id=\"gdgallery-container-525\" data-id=\"525\">\r\n    \r\n<div id=\"gdgallery_container_525\" style=\"display:none;\" data-view=\"tiles\">\r\n\t        <a href=\"https:\/\/www.oaxaca.gob.mx\/ieepo\/ieepo-inaugura-etapa-estatal-de-juegos-deportivos-escolares-2025-2026-en-oaxaca\/\">\r\n            <img decoding=\"async\" alt=\"\"\r\n                 data-type=\"image\"\r\n                 src=\"https:\/\/www.oaxaca.gob.mx\/ieepo\/wp-content\/uploads\/sites\/75\/2026\/04\/01-jrnada.jpg\"\r\n                 data-image=\"https:\/\/www.oaxaca.gob.mx\/ieepo\/wp-content\/uploads\/sites\/75\/2026\/04\/01-jrnada.jpg\"\r\n                 data-description=\"\"\r\n\t\t\t\t                 style=\"display:block\">\r\n        <\/a>\r\n\t        <a href=\"https:\/\/www.oaxaca.gob.mx\/ieepo\/ieepo-inaugura-etapa-estatal-de-juegos-deportivos-escolares-2025-2026-en-oaxaca\/\">\r\n            <img decoding=\"async\" alt=\"\"\r\n                 data-type=\"image\"\r\n                 src=\"https:\/\/www.oaxaca.gob.mx\/ieepo\/wp-content\/uploads\/sites\/75\/2026\/04\/10-jrnada.jpg\"\r\n                 data-image=\"https:\/\/www.oaxaca.gob.mx\/ieepo\/wp-content\/uploads\/sites\/75\/2026\/04\/10-jrnada.jpg\"\r\n                 data-description=\"\"\r\n\t\t\t\t                 style=\"display:block\">\r\n        <\/a>\r\n\t        <a href=\"https:\/\/www.oaxaca.gob.mx\/ieepo\/ieepo-inaugura-etapa-estatal-de-juegos-deportivos-escolares-2025-2026-en-oaxaca\/\">\r\n            <img decoding=\"async\" alt=\"\"\r\n                 data-type=\"image\"\r\n                 src=\"https:\/\/www.oaxaca.gob.mx\/ieepo\/wp-content\/uploads\/sites\/75\/2026\/04\/09-jrnada.jpg\"\r\n                 data-image=\"https:\/\/www.oaxaca.gob.mx\/ieepo\/wp-content\/uploads\/sites\/75\/2026\/04\/09-jrnada.jpg\"\r\n                 data-description=\"\"\r\n\t\t\t\t                 style=\"display:block\">\r\n        <\/a>\r\n\t        <a href=\"https:\/\/www.oaxaca.gob.mx\/ieepo\/ieepo-inaugura-etapa-estatal-de-juegos-deportivos-escolares-2025-2026-en-oaxaca\/\">\r\n            <img decoding=\"async\" alt=\"\"\r\n                 data-type=\"image\"\r\n                 src=\"https:\/\/www.oaxaca.gob.mx\/ieepo\/wp-content\/uploads\/sites\/75\/2026\/04\/08-jrnada.jpg\"\r\n                 data-image=\"https:\/\/www.oaxaca.gob.mx\/ieepo\/wp-content\/uploads\/sites\/75\/2026\/04\/08-jrnada.jpg\"\r\n                 data-description=\"\"\r\n\t\t\t\t                 style=\"display:block\">\r\n        <\/a>\r\n\t        <a href=\"https:\/\/www.oaxaca.gob.mx\/ieepo\/ieepo-inaugura-etapa-estatal-de-juegos-deportivos-escolares-2025-2026-en-oaxaca\/\">\r\n            <img decoding=\"async\" alt=\"\"\r\n                 data-type=\"image\"\r\n                 src=\"https:\/\/www.oaxaca.gob.mx\/ieepo\/wp-content\/uploads\/sites\/75\/2026\/04\/07-jrnada.jpg\"\r\n                 data-image=\"https:\/\/www.oaxaca.gob.mx\/ieepo\/wp-content\/uploads\/sites\/75\/2026\/04\/07-jrnada.jpg\"\r\n                 data-description=\"\"\r\n\t\t\t\t                 style=\"display:block\">\r\n        <\/a>\r\n\t        <a href=\"https:\/\/www.oaxaca.gob.mx\/ieepo\/ieepo-inaugura-etapa-estatal-de-juegos-deportivos-escolares-2025-2026-en-oaxaca\/\">\r\n            <img decoding=\"async\" alt=\"\"\r\n                 data-type=\"image\"\r\n                 src=\"https:\/\/www.oaxaca.gob.mx\/ieepo\/wp-content\/uploads\/sites\/75\/2026\/04\/06-jrnada.jpg\"\r\n                 data-image=\"https:\/\/www.oaxaca.gob.mx\/ieepo\/wp-content\/uploads\/sites\/75\/2026\/04\/06-jrnada.jpg\"\r\n                 data-description=\"\"\r\n\t\t\t\t                 style=\"display:block\">\r\n        <\/a>\r\n\t        <a href=\"https:\/\/www.oaxaca.gob.mx\/ieepo\/ieepo-inaugura-etapa-estatal-de-juegos-deportivos-escolares-2025-2026-en-oaxaca\/\">\r\n            <img decoding=\"async\" alt=\"\"\r\n                 data-type=\"image\"\r\n                 src=\"https:\/\/www.oaxaca.gob.mx\/ieepo\/wp-content\/uploads\/sites\/75\/2026\/04\/05-jrnada.jpg\"\r\n                 data-image=\"https:\/\/www.oaxaca.gob.mx\/ieepo\/wp-content\/uploads\/sites\/75\/2026\/04\/05-jrnada.jpg\"\r\n                 data-description=\"\"\r\n\t\t\t\t                 style=\"display:block\">\r\n        <\/a>\r\n\t        <a href=\"https:\/\/www.oaxaca.gob.mx\/ieepo\/ieepo-inaugura-etapa-estatal-de-juegos-deportivos-escolares-2025-2026-en-oaxaca\/\">\r\n            <img decoding=\"async\" alt=\"\"\r\n                 data-type=\"image\"\r\n                 src=\"https:\/\/www.oaxaca.gob.mx\/ieepo\/wp-content\/uploads\/sites\/75\/2026\/04\/04-jrnada.jpg\"\r\n                 data-image=\"https:\/\/www.oaxaca.gob.mx\/ieepo\/wp-content\/uploads\/sites\/75\/2026\/04\/04-jrnada.jpg\"\r\n                 data-description=\"\"\r\n\t\t\t\t                 style=\"display:block\">\r\n        <\/a>\r\n\t        <a href=\"https:\/\/www.oaxaca.gob.mx\/ieepo\/ieepo-inaugura-etapa-estatal-de-juegos-deportivos-escolares-2025-2026-en-oaxaca\/\">\r\n            <img decoding=\"async\" alt=\"\"\r\n                 data-type=\"image\"\r\n                 src=\"https:\/\/www.oaxaca.gob.mx\/ieepo\/wp-content\/uploads\/sites\/75\/2026\/04\/03-jrnada.jpg\"\r\n                 data-image=\"https:\/\/www.oaxaca.gob.mx\/ieepo\/wp-content\/uploads\/sites\/75\/2026\/04\/03-jrnada.jpg\"\r\n                 data-description=\"\"\r\n\t\t\t\t                 style=\"display:block\">\r\n        <\/a>\r\n\t        <a href=\"https:\/\/www.oaxaca.gob.mx\/ieepo\/ieepo-inaugura-etapa-estatal-de-juegos-deportivos-escolares-2025-2026-en-oaxaca\/\">\r\n            <img decoding=\"async\" alt=\"\"\r\n                 data-type=\"image\"\r\n                 src=\"https:\/\/www.oaxaca.gob.mx\/ieepo\/wp-content\/uploads\/sites\/75\/2026\/04\/02-jrnada.jpg\"\r\n                 data-image=\"https:\/\/www.oaxaca.gob.mx\/ieepo\/wp-content\/uploads\/sites\/75\/2026\/04\/02-jrnada.jpg\"\r\n                 data-description=\"\"\r\n\t\t\t\t                 style=\"display:block\">\r\n        <\/a>\r\n\t<\/div>\r\n\r\n<script type=\"text\/javascript\">\r\n\r\n    (function() {\r\n        var runMyCode = function() {\r\n            jQuery(document).ready(function () {\r\n                var container = jQuery(\"#gdgallery_container_525\");\r\n                container.unitegallery({\"gallery_theme\":\"tiles\",\"tiles_space_between_cols\":10,\"tiles_col_width\":250,\"tiles_min_columns\":\"2\",\"tile_enable_textpanel\":true,\"tile_textpanel_always_on\":true,\"tile_textpanel_title_text_align\":\"center\",\"tile_textpanel_title_font_size\":\"16\",\"tile_textpanel_title_color\":\"#FFFFFF\",\"tile_textpanel_bg_color\":\"#f00\",\"tile_textpanel_bg_opacity\":0.7,\"tile_enable_border\":true,\"tile_border_width\":\"0\",\"tile_border_color\":\"#333333\",\"tile_border_radius\":\"0\",\"tile_enable_overlay\":true,\"tile_enable_image_effect\":true,\"tile_image_effect_type\":\"blur\",\"tile_image_effect_reverse\":true,\"tile_enable_shadow\":false,\"tile_as_link\":false,\"tile_enable_icons\":true,\"tile_show_link_icon\":true,\"tile_textpanel_appear_type\":\"slide\",\"tile_textpanel_position\":\"inside_bottom\",\"tile_link_newpage\":true,\"lightbox_type\":\"wide\",\"lightbox_arrows_offset\":0,\"lightbox_overlay_color\":\"#000000\",\"lightbox_overlay_opacity\":1,\"lightbox_top_panel_opacity\":1,\"lightbox_show_numbers\":true,\"lightbox_numbers_size\":\"15\",\"lightbox_numbers_color\":\"#FFFFFF\",\"lightbox_slider_image_border_width\":\"0\",\"lightbox_slider_image_border_color\":\"#FFFFFF\",\"lightbox_slider_image_border_radius\":0,\"lightbox_slider_image_shadow\":true,\"lightbox_slider_control_swipe\":true,\"lightbox_slider_control_zoom\":true,\"lightbox_slider_image_border\":true,\"lightbox_show_textpanel\":true,\"lightbox_textpanel_enable_title\":true,\"lightbox_textpanel_enable_description\":false,\"lightbox_textpanel_padding_top\":5,\"lightbox_textpanel_padding_bottom\":5,\"lightbox_textpanel_padding_right\":5,\"lightbox_textpanel_padding_left\":5,\"lightbox_textpanel_title_color\":\"#FFFFFF\",\"lightbox_textpanel_title_text_align\":\"center\",\"lightbox_textpanel_title_font_size\":\"16\",\"lightbox_textpanel_desc_color\":\"#FFFFFF\",\"lightbox_textpanel_desc_text_align\":\"center\",\"lightbox_textpanel_desc_font_size\":\"14\"});\r\n            });\r\n        };\r\n        var timer = function() {\r\n            if (window.jQuery) {runMyCode(window.jQuery);}\r\n            else {window.setTimeout(timer, 100);}\r\n        };\r\n        timer();\r\n    })();\r\n<\/script><style>\r\n#gdgallery-container-525 {\r\n    text-align: center}\r\n\r\n.gdgallery-pagination-525{\r\n    text-align: center !important;\r\n}\r\n\r\n.gdgallery-pagination-525 a{\r\n    font-size: 15px !important;\r\n    padding: 8px 13px !important;\r\n    margin: 3px !important;\r\n    border: 1px solid #333333 !important;\r\n    border-radius: 0px !important;\r\n    color: #333333 !important;\r\n    background-color: #FFFFFF !important;\r\n    font-family: monospace !important;\r\n}\r\n\r\n.gdgallery-pagination-525 a:hover, .gdgallery-pagination-525 a.gdgallery-pagination-icon-active{\r\n                  color: #FFFFFF !important;\r\n                  background-color: #333333 !important;\r\n                  border-color: #333333 !important;\r\n              }\r\n\r\n#gdgallery-container-525 .gdgallery_load_more_space{\r\n                      margin-top: 20px !important;\r\n                      text-align: center !important;\r\n                  }\r\n\r\n#gdgallery-container-525 .gdgallery_load_more_space button{\r\n                      padding: 8px 13px !important;\r\n                      font-size: 15px !important;\r\n                      background-color: #333333 !important;\r\n                      color: #FFFFFF !important;\r\n                      border:1px solid #333333 !important;\r\n                      border-radius: 0px !important;\r\n                      font-family: monospace !important;\r\n                  }\r\n#gdgallery-container-525 .gdgallery_load_more_space button:hover{\r\n                      background-color: #FFFFFF !important;\r\n                      color: #333333 !important;\r\n                      border-color: #333333 !important;\r\n                  }\r\n\r\n#gdgallery-container-525 .gdgallery_load_more_space button,\r\n#gdgallery-container-525 .gdgallery_load_more_space button:hover,\r\n#gdgallery-container-525 .gdgallery_load_more_space button:active,\r\n#gdgallery-container-525 .gdgallery_load_more_space button:focus{\r\n  outline: none !important;\r\n}\r\n\r\n#gdgallery-container-525 .gdgallery_loading li{\r\n                      border: 3px solid #333333 !important;\r\n                  }\r\n\r\n.ug-lightbox .ug-lightbox-top-panel-overlay{\r\n    background-color: #000000 !important;\r\n}\r\n\r\n#gdgallery_container_525{}\r\n<\/style>\r\n\r\n\r\n\r\n<\/div>\r\n\r\n\r\n\r\n\r\n\r\n\n","protected":false},"excerpt":{"rendered":"M\u00e1s de mil 500 participantes se re\u00fanen en una jornada que promueve valores y talento estudiantil &nbsp; Oaxaca de Ju\u00e1rez, Oax., 23 de abril de 2026.- Entre aplausos, emoci\u00f3n y muestras de j\u00fabilo, el director general del Instituto Estatal de Educaci\u00f3n P\u00fablica de Oaxaca (IEEPO), Emilio Montero P\u00e9rez, inaugur\u00f3 este jueves la etapa estatal de [&hellip;]","protected":false},"author":87,"featured_media":37218,"comment_status":"open","ping_status":"open","sticky":false,"template":"","format":"standard","meta":{"episode_type":"audio","audio_file":"","podmotor_file_id":"","podmotor_episode_id":"","cover_image":"","cover_image_id":"","duration":"","filesize":"","filesize_raw":"","date_recorded":"","explicit":"","block":"","footnotes":""},"categories":[10,11],"tags":[],"series":[],"class_list":["post-37216","post","type-post","status-publish","format-standard","has-post-thumbnail","hentry","category-slide","category-noticias"],"episode_featured_image":"https:\/\/www.oaxaca.gob.mx\/ieepo\/wp-content\/uploads\/sites\/75\/2026\/04\/Captura-de-pantalla-2026-04-27-113941.png","episode_player_image":"https:\/\/www.oaxaca.gob.mx\/ieepo\/wp-content\/plugins\/seriously-simple-podcasting\/assets\/images\/no-album-art.png","download_link":"","player_link":"","audio_player":false,"episode_data":{"playerMode":"dark","subscribeUrls":[],"rssFeedUrl":"https:\/\/www.oaxaca.gob.mx\/ieepo\/feed\/podcast\/instituto-estatal-de-educacion-publica-de-oaxaca","embedCode":"<blockquote class=\"wp-embedded-content\" data-secret=\"276XWPOzIL\"><a href=\"https:\/\/www.oaxaca.gob.mx\/ieepo\/ieepo-inaugura-etapa-estatal-de-juegos-deportivos-escolares-2025-2026-en-oaxaca\/\">IEEPO inaugura etapa estatal de Juegos Deportivos Escolares 2025\u20132026 en Oaxaca<\/a><\/blockquote><iframe sandbox=\"allow-scripts\" security=\"restricted\" src=\"https:\/\/www.oaxaca.gob.mx\/ieepo\/ieepo-inaugura-etapa-estatal-de-juegos-deportivos-escolares-2025-2026-en-oaxaca\/embed\/#?secret=276XWPOzIL\" width=\"500\" height=\"350\" title=\"\u00abIEEPO inaugura etapa estatal de Juegos Deportivos Escolares 2025\u20132026 en Oaxaca\u00bb \u2014 Instituto Estatal de Educaci\u00f3n P\u00fablica de Oaxaca\" data-secret=\"276XWPOzIL\" frameborder=\"0\" marginwidth=\"0\" marginheight=\"0\" scrolling=\"no\" class=\"wp-embedded-content\"><\/iframe><script type=\"text\/javascript\">\n\/* <![CDATA[ *\/\n\/*! This file is auto-generated *\/\n!function(d,l){\"use strict\";l.querySelector&&d.addEventListener&&\"undefined\"!=typeof URL&&(d.wp=d.wp||{},d.wp.receiveEmbedMessage||(d.wp.receiveEmbedMessage=function(e){var t=e.data;if((t||t.secret||t.message||t.value)&&!\/[^a-zA-Z0-9]\/.test(t.secret)){for(var s,r,n,a=l.querySelectorAll('iframe[data-secret=\"'+t.secret+'\"]'),o=l.querySelectorAll('blockquote[data-secret=\"'+t.secret+'\"]'),c=new RegExp(\"^https?:$\",\"i\"),i=0;i<o.length;i++)o[i].style.display=\"none\";for(i=0;i<a.length;i++)s=a[i],e.source===s.contentWindow&&(s.removeAttribute(\"style\"),\"height\"===t.message?(1e3<(r=parseInt(t.value,10))?r=1e3:~~r<200&&(r=200),s.height=r):\"link\"===t.message&&(r=new URL(s.getAttribute(\"src\")),n=new URL(t.value),c.test(n.protocol))&&n.host===r.host&&l.activeElement===s&&(d.top.location.href=t.value))}},d.addEventListener(\"message\",d.wp.receiveEmbedMessage,!1),l.addEventListener(\"DOMContentLoaded\",function(){for(var e,t,s=l.querySelectorAll(\"iframe.wp-embedded-content\"),r=0;r<s.length;r++)(t=(e=s[r]).getAttribute(\"data-secret\"))||(t=Math.random().toString(36).substring(2,12),e.src+=\"#?secret=\"+t,e.setAttribute(\"data-secret\",t)),e.contentWindow.postMessage({message:\"ready\",secret:t},\"*\")},!1)))}(window,document);\n\/\/# sourceURL=https:\/\/www.oaxaca.gob.mx\/ieepo\/wp-includes\/js\/wp-embed.min.js\n\/* ]]> *\/\n<\/script>\n"},"acf":[],"publishpress_future_action":{"enabled":false,"date":"2026-05-06 11:34:29","action":"change-status","newStatus":"draft","terms":[],"taxonomy":"category","extraData":[]},"publishpress_future_workflow_manual_trigger":{"enabledWorkflows":[]},"_links":{"self":[{"href":"https:\/\/www.oaxaca.gob.mx\/ieepo\/wp-json\/wp\/v2\/posts\/37216","targetHints":{"allow":["GET"]}}],"collection":[{"href":"https:\/\/www.oaxaca.gob.mx\/ieepo\/wp-json\/wp\/v2\/posts"}],"about":[{"href":"https:\/\/www.oaxaca.gob.mx\/ieepo\/wp-json\/wp\/v2\/types\/post"}],"author":[{"embeddable":true,"href":"https:\/\/www.oaxaca.gob.mx\/ieepo\/wp-json\/wp\/v2\/users\/87"}],"replies":[{"embeddable":true,"href":"https:\/\/www.oaxaca.gob.mx\/ieepo\/wp-json\/wp\/v2\/comments?post=37216"}],"version-history":[{"count":2,"href":"https:\/\/www.oaxaca.gob.mx\/ieepo\/wp-json\/wp\/v2\/posts\/37216\/revisions"}],"predecessor-version":[{"id":37231,"href":"https:\/\/www.oaxaca.gob.mx\/ieepo\/wp-json\/wp\/v2\/posts\/37216\/revisions\/37231"}],"wp:featuredmedia":[{"embeddable":true,"href":"https:\/\/www.oaxaca.gob.mx\/ieepo\/wp-json\/wp\/v2\/media\/37218"}],"wp:attachment":[{"href":"https:\/\/www.oaxaca.gob.mx\/ieepo\/wp-json\/wp\/v2\/media?parent=37216"}],"wp:term":[{"taxonomy":"category","embeddable":true,"href":"https:\/\/www.oaxaca.gob.mx\/ieepo\/wp-json\/wp\/v2\/categories?post=37216"},{"taxonomy":"post_tag","embeddable":true,"href":"https:\/\/www.oaxaca.gob.mx\/ieepo\/wp-json\/wp\/v2\/tags?post=37216"},{"taxonomy":"series","embeddable":true,"href":"https:\/\/www.oaxaca.gob.mx\/ieepo\/wp-json\/wp\/v2\/series?post=37216"}],"curies":[{"name":"wp","href":"https:\/\/api.w.org\/{rel}","templated":true}]}}