{"id":37200,"date":"2026-04-24T09:48:35","date_gmt":"2026-04-24T15:48:35","guid":{"rendered":"https:\/\/www.oaxaca.gob.mx\/ieepo\/?p=37200"},"modified":"2026-04-27T10:22:21","modified_gmt":"2026-04-27T16:22:21","slug":"programa-semillas-para-el-futuro-en-juchitan-es-una-siembra-hacia-la-cultura-de-paz-emilio-montero-perez","status":"publish","type":"post","link":"https:\/\/www.oaxaca.gob.mx\/ieepo\/programa-semillas-para-el-futuro-en-juchitan-es-una-siembra-hacia-la-cultura-de-paz-emilio-montero-perez\/","title":{"rendered":"Programa semillas para el futuro, en Juchit\u00e1n, es una siembra hacia la cultura de paz: Emilio Montero P\u00e9rez"},"content":{"rendered":"<p><strong>Oaxaca de Ju\u00e1rez, Oax., 24 de abril de 2026.-<\/strong> Las acciones en comunidades escolares de la Heroica Juchit\u00e1n que desarrollan el Instituto Estatal de Educaci\u00f3n P\u00fablica de Oaxaca (IEEPO), en estrecha coordinaci\u00f3n con el Ayuntamiento de ese municipio, son una firme contribuci\u00f3n para la construcci\u00f3n de una cultura de paz, asever\u00f3 el director general del Instituto, Emilio Montero P\u00e9rez.<\/p>\n<p>Agreg\u00f3 que las jornadas establecidas con el alcalde Miguel S\u00e1nchez Altamirano buscan recuperar los valores, la empat\u00eda y la responsabilidad del deber compartido que los tiempos actuales de crisis social y econ\u00f3mica han lastimado, por la apuesta al individualismo, y otros factores, que las nuevas tecnolog\u00edas de informaci\u00f3n han impulsado.<\/p>\n<p>Tenemos que retomar las experiencias positivas de nuestras culturas y sumarlas a los conocimientos y necesidades que la actualidad demanda, para reconstruir el tejido social, porque la violencia no puede ser el futuro de Juchit\u00e1n, apunt\u00f3.<\/p>\n<p>Emilio Montero explic\u00f3 que las dependencias del IEEPO y el Ayuntamiento han atendido a 1215 alumnas y alumnos, as\u00ed como a 450 madres y padres de familia de las secundarias: Enedino Jim\u00e9nez Jim\u00e9nez, de la Novena secci\u00f3n; T\u00e9cnica 103, de la S\u00e9ptima secci\u00f3n, y T\u00e9cnica 196, de la colonia La planta.<\/p>\n<p>En esos lugares se han realizado los talleres: Violencia escolar, impartido por personal de la Jurisdicci\u00f3n Sanitaria n\u00famero 2; Adicciones en adolescentes, por la Direcci\u00f3n de Prevenci\u00f3n del Delito, y Prevenci\u00f3n ante el ciber acoso, por la Direcci\u00f3n de Educaci\u00f3n, ambas del Ayuntamiento.<\/p>\n<p>As\u00ed mismo, se han efectuado los de Crianza positiva, por la Direcci\u00f3n de Derechos Humanos, y Prevenci\u00f3n de adicciones, por la Delegaci\u00f3n de Servicios Regionales, del IEEPO.<\/p>\n\r\n<div class=\"gdgallery-gallery-container\" id=\"gdgallery-container-524\" data-id=\"524\">\r\n    \r\n<div id=\"gdgallery_container_524\" style=\"display:none;\" data-view=\"tiles\">\r\n\t        <a href=\"\">\r\n            <img decoding=\"async\" alt=\"01 jrnada\"\r\n                 data-type=\"image\"\r\n                 src=\"https:\/\/www.oaxaca.gob.mx\/ieepo\/wp-content\/uploads\/sites\/75\/2026\/04\/01-jrnada.jpg\"\r\n                 data-image=\"https:\/\/www.oaxaca.gob.mx\/ieepo\/wp-content\/uploads\/sites\/75\/2026\/04\/01-jrnada.jpg\"\r\n                 data-description=\"\"\r\n\t\t\t\t                 style=\"display:block\">\r\n        <\/a>\r\n\t        <a href=\"\">\r\n            <img decoding=\"async\" alt=\"10 jrnada\"\r\n                 data-type=\"image\"\r\n                 src=\"https:\/\/www.oaxaca.gob.mx\/ieepo\/wp-content\/uploads\/sites\/75\/2026\/04\/10-jrnada.jpg\"\r\n                 data-image=\"https:\/\/www.oaxaca.gob.mx\/ieepo\/wp-content\/uploads\/sites\/75\/2026\/04\/10-jrnada.jpg\"\r\n                 data-description=\"\"\r\n\t\t\t\t                 style=\"display:block\">\r\n        <\/a>\r\n\t        <a href=\"\">\r\n            <img decoding=\"async\" alt=\"09 jrnada\"\r\n                 data-type=\"image\"\r\n                 src=\"https:\/\/www.oaxaca.gob.mx\/ieepo\/wp-content\/uploads\/sites\/75\/2026\/04\/09-jrnada.jpg\"\r\n                 data-image=\"https:\/\/www.oaxaca.gob.mx\/ieepo\/wp-content\/uploads\/sites\/75\/2026\/04\/09-jrnada.jpg\"\r\n                 data-description=\"\"\r\n\t\t\t\t                 style=\"display:block\">\r\n        <\/a>\r\n\t        <a href=\"\">\r\n            <img decoding=\"async\" alt=\"08 jrnada\"\r\n                 data-type=\"image\"\r\n                 src=\"https:\/\/www.oaxaca.gob.mx\/ieepo\/wp-content\/uploads\/sites\/75\/2026\/04\/08-jrnada.jpg\"\r\n                 data-image=\"https:\/\/www.oaxaca.gob.mx\/ieepo\/wp-content\/uploads\/sites\/75\/2026\/04\/08-jrnada.jpg\"\r\n                 data-description=\"\"\r\n\t\t\t\t                 style=\"display:block\">\r\n        <\/a>\r\n\t        <a href=\"\">\r\n            <img decoding=\"async\" alt=\"07 jrnada\"\r\n                 data-type=\"image\"\r\n                 src=\"https:\/\/www.oaxaca.gob.mx\/ieepo\/wp-content\/uploads\/sites\/75\/2026\/04\/07-jrnada.jpg\"\r\n                 data-image=\"https:\/\/www.oaxaca.gob.mx\/ieepo\/wp-content\/uploads\/sites\/75\/2026\/04\/07-jrnada.jpg\"\r\n                 data-description=\"\"\r\n\t\t\t\t                 style=\"display:block\">\r\n        <\/a>\r\n\t        <a href=\"\">\r\n            <img decoding=\"async\" alt=\"06 jrnada\"\r\n                 data-type=\"image\"\r\n                 src=\"https:\/\/www.oaxaca.gob.mx\/ieepo\/wp-content\/uploads\/sites\/75\/2026\/04\/06-jrnada.jpg\"\r\n                 data-image=\"https:\/\/www.oaxaca.gob.mx\/ieepo\/wp-content\/uploads\/sites\/75\/2026\/04\/06-jrnada.jpg\"\r\n                 data-description=\"\"\r\n\t\t\t\t                 style=\"display:block\">\r\n        <\/a>\r\n\t        <a href=\"\">\r\n            <img decoding=\"async\" alt=\"05 jrnada\"\r\n                 data-type=\"image\"\r\n                 src=\"https:\/\/www.oaxaca.gob.mx\/ieepo\/wp-content\/uploads\/sites\/75\/2026\/04\/05-jrnada.jpg\"\r\n                 data-image=\"https:\/\/www.oaxaca.gob.mx\/ieepo\/wp-content\/uploads\/sites\/75\/2026\/04\/05-jrnada.jpg\"\r\n                 data-description=\"\"\r\n\t\t\t\t                 style=\"display:block\">\r\n        <\/a>\r\n\t        <a href=\"\">\r\n            <img decoding=\"async\" alt=\"04 jrnada\"\r\n                 data-type=\"image\"\r\n                 src=\"https:\/\/www.oaxaca.gob.mx\/ieepo\/wp-content\/uploads\/sites\/75\/2026\/04\/04-jrnada.jpg\"\r\n                 data-image=\"https:\/\/www.oaxaca.gob.mx\/ieepo\/wp-content\/uploads\/sites\/75\/2026\/04\/04-jrnada.jpg\"\r\n                 data-description=\"\"\r\n\t\t\t\t                 style=\"display:block\">\r\n        <\/a>\r\n\t        <a href=\"\">\r\n            <img decoding=\"async\" alt=\"03 jrnada\"\r\n                 data-type=\"image\"\r\n                 src=\"https:\/\/www.oaxaca.gob.mx\/ieepo\/wp-content\/uploads\/sites\/75\/2026\/04\/03-jrnada.jpg\"\r\n                 data-image=\"https:\/\/www.oaxaca.gob.mx\/ieepo\/wp-content\/uploads\/sites\/75\/2026\/04\/03-jrnada.jpg\"\r\n                 data-description=\"\"\r\n\t\t\t\t                 style=\"display:block\">\r\n        <\/a>\r\n\t        <a href=\"\">\r\n            <img decoding=\"async\" alt=\"02 jrnada\"\r\n                 data-type=\"image\"\r\n                 src=\"https:\/\/www.oaxaca.gob.mx\/ieepo\/wp-content\/uploads\/sites\/75\/2026\/04\/02-jrnada.jpg\"\r\n                 data-image=\"https:\/\/www.oaxaca.gob.mx\/ieepo\/wp-content\/uploads\/sites\/75\/2026\/04\/02-jrnada.jpg\"\r\n                 data-description=\"\"\r\n\t\t\t\t                 style=\"display:block\">\r\n        <\/a>\r\n\t        <a href=\"https:\/\/www.oaxaca.gob.mx\/ieepo\/programa-semillas-para-el-futuro-en-juchitan-es-una-siembra-hacia-la-cultura-de-paz-emilio-montero-perez\/\">\r\n            <img decoding=\"async\" alt=\"\"\r\n                 data-type=\"image\"\r\n                 src=\"https:\/\/www.oaxaca.gob.mx\/ieepo\/wp-content\/uploads\/sites\/75\/2026\/04\/24-04-26-2.jpg\"\r\n                 data-image=\"https:\/\/www.oaxaca.gob.mx\/ieepo\/wp-content\/uploads\/sites\/75\/2026\/04\/24-04-26-2.jpg\"\r\n                 data-description=\"\"\r\n\t\t\t\t                 style=\"display:block\">\r\n        <\/a>\r\n\t        <a href=\"https:\/\/www.oaxaca.gob.mx\/ieepo\/programa-semillas-para-el-futuro-en-juchitan-es-una-siembra-hacia-la-cultura-de-paz-emilio-montero-perez\/\">\r\n            <img decoding=\"async\" alt=\"\"\r\n                 data-type=\"image\"\r\n                 src=\"https:\/\/www.oaxaca.gob.mx\/ieepo\/wp-content\/uploads\/sites\/75\/2026\/04\/24-04-26-1.jpg\"\r\n                 data-image=\"https:\/\/www.oaxaca.gob.mx\/ieepo\/wp-content\/uploads\/sites\/75\/2026\/04\/24-04-26-1.jpg\"\r\n                 data-description=\"\"\r\n\t\t\t\t                 style=\"display:block\">\r\n        <\/a>\r\n\t        <a href=\"https:\/\/www.oaxaca.gob.mx\/ieepo\/programa-semillas-para-el-futuro-en-juchitan-es-una-siembra-hacia-la-cultura-de-paz-emilio-montero-perez\/\">\r\n            <img decoding=\"async\" alt=\"\"\r\n                 data-type=\"image\"\r\n                 src=\"https:\/\/www.oaxaca.gob.mx\/ieepo\/wp-content\/uploads\/sites\/75\/2026\/04\/24-04-26-3.jpg\"\r\n                 data-image=\"https:\/\/www.oaxaca.gob.mx\/ieepo\/wp-content\/uploads\/sites\/75\/2026\/04\/24-04-26-3.jpg\"\r\n                 data-description=\"\"\r\n\t\t\t\t                 style=\"display:block\">\r\n        <\/a>\r\n\t<\/div>\r\n\r\n<script type=\"text\/javascript\">\r\n\r\n    (function() {\r\n        var runMyCode = function() {\r\n            jQuery(document).ready(function () {\r\n                var container = jQuery(\"#gdgallery_container_524\");\r\n                container.unitegallery({\"gallery_theme\":\"tiles\",\"tiles_space_between_cols\":10,\"tiles_col_width\":250,\"tiles_min_columns\":\"2\",\"tile_enable_textpanel\":true,\"tile_textpanel_always_on\":true,\"tile_textpanel_title_text_align\":\"center\",\"tile_textpanel_title_font_size\":\"16\",\"tile_textpanel_title_color\":\"#FFFFFF\",\"tile_textpanel_bg_color\":\"#f00\",\"tile_textpanel_bg_opacity\":0.7,\"tile_enable_border\":true,\"tile_border_width\":\"0\",\"tile_border_color\":\"#333333\",\"tile_border_radius\":\"0\",\"tile_enable_overlay\":true,\"tile_enable_image_effect\":true,\"tile_image_effect_type\":\"blur\",\"tile_image_effect_reverse\":true,\"tile_enable_shadow\":false,\"tile_as_link\":false,\"tile_enable_icons\":true,\"tile_show_link_icon\":true,\"tile_textpanel_appear_type\":\"slide\",\"tile_textpanel_position\":\"inside_bottom\",\"tile_link_newpage\":true,\"lightbox_type\":\"wide\",\"lightbox_arrows_offset\":0,\"lightbox_overlay_color\":\"#000000\",\"lightbox_overlay_opacity\":1,\"lightbox_top_panel_opacity\":1,\"lightbox_show_numbers\":true,\"lightbox_numbers_size\":\"15\",\"lightbox_numbers_color\":\"#FFFFFF\",\"lightbox_slider_image_border_width\":\"0\",\"lightbox_slider_image_border_color\":\"#FFFFFF\",\"lightbox_slider_image_border_radius\":0,\"lightbox_slider_image_shadow\":true,\"lightbox_slider_control_swipe\":true,\"lightbox_slider_control_zoom\":true,\"lightbox_slider_image_border\":true,\"lightbox_show_textpanel\":true,\"lightbox_textpanel_enable_title\":true,\"lightbox_textpanel_enable_description\":false,\"lightbox_textpanel_padding_top\":5,\"lightbox_textpanel_padding_bottom\":5,\"lightbox_textpanel_padding_right\":5,\"lightbox_textpanel_padding_left\":5,\"lightbox_textpanel_title_color\":\"#FFFFFF\",\"lightbox_textpanel_title_text_align\":\"center\",\"lightbox_textpanel_title_font_size\":\"16\",\"lightbox_textpanel_desc_color\":\"#FFFFFF\",\"lightbox_textpanel_desc_text_align\":\"center\",\"lightbox_textpanel_desc_font_size\":\"14\"});\r\n            });\r\n        };\r\n        var timer = function() {\r\n            if (window.jQuery) {runMyCode(window.jQuery);}\r\n            else {window.setTimeout(timer, 100);}\r\n        };\r\n        timer();\r\n    })();\r\n<\/script><style>\r\n#gdgallery-container-524 {\r\n    text-align: center}\r\n\r\n.gdgallery-pagination-524{\r\n    text-align: center !important;\r\n}\r\n\r\n.gdgallery-pagination-524 a{\r\n    font-size: 15px !important;\r\n    padding: 8px 13px !important;\r\n    margin: 3px !important;\r\n    border: 1px solid #333333 !important;\r\n    border-radius: 0px !important;\r\n    color: #333333 !important;\r\n    background-color: #FFFFFF !important;\r\n    font-family: monospace !important;\r\n}\r\n\r\n.gdgallery-pagination-524 a:hover, .gdgallery-pagination-524 a.gdgallery-pagination-icon-active{\r\n                  color: #FFFFFF !important;\r\n                  background-color: #333333 !important;\r\n                  border-color: #333333 !important;\r\n              }\r\n\r\n#gdgallery-container-524 .gdgallery_load_more_space{\r\n                      margin-top: 20px !important;\r\n                      text-align: center !important;\r\n                  }\r\n\r\n#gdgallery-container-524 .gdgallery_load_more_space button{\r\n                      padding: 8px 13px !important;\r\n                      font-size: 15px !important;\r\n                      background-color: #333333 !important;\r\n                      color: #FFFFFF !important;\r\n                      border:1px solid #333333 !important;\r\n                      border-radius: 0px !important;\r\n                      font-family: monospace !important;\r\n                  }\r\n#gdgallery-container-524 .gdgallery_load_more_space button:hover{\r\n                      background-color: #FFFFFF !important;\r\n                      color: #333333 !important;\r\n                      border-color: #333333 !important;\r\n                  }\r\n\r\n#gdgallery-container-524 .gdgallery_load_more_space button,\r\n#gdgallery-container-524 .gdgallery_load_more_space button:hover,\r\n#gdgallery-container-524 .gdgallery_load_more_space button:active,\r\n#gdgallery-container-524 .gdgallery_load_more_space button:focus{\r\n  outline: none !important;\r\n}\r\n\r\n#gdgallery-container-524 .gdgallery_loading li{\r\n                      border: 3px solid #333333 !important;\r\n                  }\r\n\r\n.ug-lightbox .ug-lightbox-top-panel-overlay{\r\n    background-color: #000000 !important;\r\n}\r\n\r\n#gdgallery_container_524{}\r\n<\/style>\r\n\r\n\r\n\r\n<\/div>\r\n\r\n\r\n\r\n\r\n\r\n\n","protected":false},"excerpt":{"rendered":"Oaxaca de Ju\u00e1rez, Oax., 24 de abril de 2026.- Las acciones en comunidades escolares de la Heroica Juchit\u00e1n que desarrollan el Instituto Estatal de Educaci\u00f3n P\u00fablica de Oaxaca (IEEPO), en estrecha coordinaci\u00f3n con el Ayuntamiento de ese municipio, son una firme contribuci\u00f3n para la construcci\u00f3n de una cultura de paz, asever\u00f3 el director general del [&hellip;]","protected":false},"author":87,"featured_media":37201,"comment_status":"open","ping_status":"open","sticky":false,"template":"","format":"standard","meta":{"episode_type":"audio","audio_file":"","podmotor_file_id":"","podmotor_episode_id":"","cover_image":"","cover_image_id":"","duration":"","filesize":"","filesize_raw":"","date_recorded":"","explicit":"","block":"","footnotes":""},"categories":[10,11],"tags":[],"series":[],"class_list":["post-37200","post","type-post","status-publish","format-standard","has-post-thumbnail","hentry","category-slide","category-noticias"],"episode_featured_image":"https:\/\/www.oaxaca.gob.mx\/ieepo\/wp-content\/uploads\/sites\/75\/2026\/04\/24-04-2026.png","episode_player_image":"https:\/\/www.oaxaca.gob.mx\/ieepo\/wp-content\/plugins\/seriously-simple-podcasting\/assets\/images\/no-album-art.png","download_link":"","player_link":"","audio_player":false,"episode_data":{"playerMode":"dark","subscribeUrls":[],"rssFeedUrl":"https:\/\/www.oaxaca.gob.mx\/ieepo\/feed\/podcast\/instituto-estatal-de-educacion-publica-de-oaxaca","embedCode":"<blockquote class=\"wp-embedded-content\" data-secret=\"kmbOCrJVk4\"><a href=\"https:\/\/www.oaxaca.gob.mx\/ieepo\/programa-semillas-para-el-futuro-en-juchitan-es-una-siembra-hacia-la-cultura-de-paz-emilio-montero-perez\/\">Programa semillas para el futuro, en Juchit\u00e1n, es una siembra hacia la cultura de paz: Emilio Montero P\u00e9rez<\/a><\/blockquote><iframe sandbox=\"allow-scripts\" security=\"restricted\" src=\"https:\/\/www.oaxaca.gob.mx\/ieepo\/programa-semillas-para-el-futuro-en-juchitan-es-una-siembra-hacia-la-cultura-de-paz-emilio-montero-perez\/embed\/#?secret=kmbOCrJVk4\" width=\"500\" height=\"350\" title=\"\u00abPrograma semillas para el futuro, en Juchit\u00e1n, es una siembra hacia la cultura de paz: Emilio Montero P\u00e9rez\u00bb \u2014 Instituto Estatal de Educaci\u00f3n P\u00fablica de Oaxaca\" data-secret=\"kmbOCrJVk4\" frameborder=\"0\" marginwidth=\"0\" marginheight=\"0\" scrolling=\"no\" class=\"wp-embedded-content\"><\/iframe><script type=\"text\/javascript\">\n\/* <![CDATA[ *\/\n\/*! This file is auto-generated *\/\n!function(d,l){\"use strict\";l.querySelector&&d.addEventListener&&\"undefined\"!=typeof URL&&(d.wp=d.wp||{},d.wp.receiveEmbedMessage||(d.wp.receiveEmbedMessage=function(e){var t=e.data;if((t||t.secret||t.message||t.value)&&!\/[^a-zA-Z0-9]\/.test(t.secret)){for(var s,r,n,a=l.querySelectorAll('iframe[data-secret=\"'+t.secret+'\"]'),o=l.querySelectorAll('blockquote[data-secret=\"'+t.secret+'\"]'),c=new RegExp(\"^https?:$\",\"i\"),i=0;i<o.length;i++)o[i].style.display=\"none\";for(i=0;i<a.length;i++)s=a[i],e.source===s.contentWindow&&(s.removeAttribute(\"style\"),\"height\"===t.message?(1e3<(r=parseInt(t.value,10))?r=1e3:~~r<200&&(r=200),s.height=r):\"link\"===t.message&&(r=new URL(s.getAttribute(\"src\")),n=new URL(t.value),c.test(n.protocol))&&n.host===r.host&&l.activeElement===s&&(d.top.location.href=t.value))}},d.addEventListener(\"message\",d.wp.receiveEmbedMessage,!1),l.addEventListener(\"DOMContentLoaded\",function(){for(var e,t,s=l.querySelectorAll(\"iframe.wp-embedded-content\"),r=0;r<s.length;r++)(t=(e=s[r]).getAttribute(\"data-secret\"))||(t=Math.random().toString(36).substring(2,12),e.src+=\"#?secret=\"+t,e.setAttribute(\"data-secret\",t)),e.contentWindow.postMessage({message:\"ready\",secret:t},\"*\")},!1)))}(window,document);\n\/\/# sourceURL=https:\/\/www.oaxaca.gob.mx\/ieepo\/wp-includes\/js\/wp-embed.min.js\n\/* ]]> *\/\n<\/script>\n"},"acf":[],"publishpress_future_action":{"enabled":false,"date":"2026-05-06 11:34:29","action":"change-status","newStatus":"draft","terms":[],"taxonomy":"category","extraData":[]},"publishpress_future_workflow_manual_trigger":{"enabledWorkflows":[]},"_links":{"self":[{"href":"https:\/\/www.oaxaca.gob.mx\/ieepo\/wp-json\/wp\/v2\/posts\/37200","targetHints":{"allow":["GET"]}}],"collection":[{"href":"https:\/\/www.oaxaca.gob.mx\/ieepo\/wp-json\/wp\/v2\/posts"}],"about":[{"href":"https:\/\/www.oaxaca.gob.mx\/ieepo\/wp-json\/wp\/v2\/types\/post"}],"author":[{"embeddable":true,"href":"https:\/\/www.oaxaca.gob.mx\/ieepo\/wp-json\/wp\/v2\/users\/87"}],"replies":[{"embeddable":true,"href":"https:\/\/www.oaxaca.gob.mx\/ieepo\/wp-json\/wp\/v2\/comments?post=37200"}],"version-history":[{"count":1,"href":"https:\/\/www.oaxaca.gob.mx\/ieepo\/wp-json\/wp\/v2\/posts\/37200\/revisions"}],"predecessor-version":[{"id":37215,"href":"https:\/\/www.oaxaca.gob.mx\/ieepo\/wp-json\/wp\/v2\/posts\/37200\/revisions\/37215"}],"wp:featuredmedia":[{"embeddable":true,"href":"https:\/\/www.oaxaca.gob.mx\/ieepo\/wp-json\/wp\/v2\/media\/37201"}],"wp:attachment":[{"href":"https:\/\/www.oaxaca.gob.mx\/ieepo\/wp-json\/wp\/v2\/media?parent=37200"}],"wp:term":[{"taxonomy":"category","embeddable":true,"href":"https:\/\/www.oaxaca.gob.mx\/ieepo\/wp-json\/wp\/v2\/categories?post=37200"},{"taxonomy":"post_tag","embeddable":true,"href":"https:\/\/www.oaxaca.gob.mx\/ieepo\/wp-json\/wp\/v2\/tags?post=37200"},{"taxonomy":"series","embeddable":true,"href":"https:\/\/www.oaxaca.gob.mx\/ieepo\/wp-json\/wp\/v2\/series?post=37200"}],"curies":[{"name":"wp","href":"https:\/\/api.w.org\/{rel}","templated":true}]}}