{"id":33677,"date":"2024-07-04T21:53:40","date_gmt":"2024-07-05T03:53:40","guid":{"rendered":"https:\/\/www.oaxaca.gob.mx\/ieepo\/?p=33677"},"modified":"2024-07-04T21:56:08","modified_gmt":"2024-07-05T03:56:08","slug":"promueve-ieepo-proyecto-gusto-por-la-lectura-y-escritura-creativa-en-escuelas-de-educacion-indigena","status":"publish","type":"post","link":"https:\/\/www.oaxaca.gob.mx\/ieepo\/promueve-ieepo-proyecto-gusto-por-la-lectura-y-escritura-creativa-en-escuelas-de-educacion-indigena\/","title":{"rendered":"Promueve IEEPO proyecto \u201cGusto por la lectura y escritura creativa en escuelas de educaci\u00f3n ind\u00edgena\u201d"},"content":{"rendered":"<p><strong>\u00a0<\/strong><\/p>\n<ul class=\"listas-geo\">\n<li><em>Por encomienda del director general, Emilio Montero P\u00e9rez, se fortalecen las actividades que fortalezcan en las y los estudiantes el gusto por la literatura<\/em><\/li>\n<\/ul>\n<p>&nbsp;<\/p>\n<p><strong>Santiago Ap\u00f3stol, Oax. 4 de julio de 2024<\/strong>.- En el marco del Programa Estatal Fomento a la Lectura, iniciativa del Gobernador Salom\u00f3n Jara, el Instituto Estatal de Educaci\u00f3n P\u00fablica de Oaxaca (IEEPO), a trav\u00e9s de la Unidad de Educaci\u00f3n Ind\u00edgena, implement\u00f3 actividades del proyecto \u201cGusto por la lectura y escritura creativa en escuelas de educaci\u00f3n ind\u00edgena\u201d.<\/p>\n<p>En el Centro de Educaci\u00f3n Preescolar \u201cRicardo Flores Mag\u00f3n\u201d, ubicado en Santiago Ap\u00f3stol, Ocotl\u00e1n, regi\u00f3n de los Valles Centrales, la titular del \u00e1rea, Eustolia Mateos Luna, comparti\u00f3 con ni\u00f1as y ni\u00f1os la lectura del cuento \u201cEl gato dormil\u00f3n\u201d, de la autor\u00eda de Emilio \u00c1ngel Lome.<\/p>\n<p>Asimismo, se llev\u00f3 a cabo una estrategia de compresi\u00f3n lectora a trav\u00e9s del dibujo creativo y creaci\u00f3n de cuentos; se entregaron paquetes del libro del rinc\u00f3n para biblioteca de aula y con madres y padres de familia se realiz\u00f3 la charla \u201cLibros contra pantallas: \u00bfcu\u00e1l es la diferencia en el cerebro de los ni\u00f1os?, del autor Tom\u00e1s Vicente.<\/p>\n<p>El proyecto \u201cGusto por la lectura y escritura creativa en escuelas de educaci\u00f3n ind\u00edgena\u201d, tiene como objetivo potencializar las habilidades ling\u00fc\u00edsticas en espa\u00f1ol y lenguas ind\u00edgenas a partir del reconocimiento de las pr\u00e1cticas sociales de lenguaje de las realidades, experiencias familiares y comunitarias; as\u00ed, como de los diferentes g\u00e9neros literarios.<\/p>\n<p>Participaron en esta actividad docentes, asesores t\u00e9cnicos pedag\u00f3gicos, la regidora de educaci\u00f3n, la presidenta del comit\u00e9 de padres de familia y el supervisor escolar de la Zona Escolar 165.<\/p>\n<p>Desarrollar en la ni\u00f1ez el gusto por la literatura es una de las principales encomiendas en el Sector Educativo, iniciativa que respalda el Director General del IEEPO, Emilio Montero P\u00e9rez.<\/p>\n<p>&nbsp;<\/p>\n<p>&nbsp;<\/p>\n\r\n<div class=\"gdgallery-gallery-container\" id=\"gdgallery-container-428\" data-id=\"428\">\r\n    \r\n<div id=\"gdgallery_container_428\" style=\"display:none;\" data-view=\"carousel\">\r\n            <a href=\"https:\/\/www.oaxaca.gob.mx\/ieepo\/promueve-ieepo-proyecto-gusto-por-la-lectura-y-escritura-creativa-en-escuelas-de-educacion-indigena\/\">\r\n            <img decoding=\"async\" alt=\"\"\r\n                 data-type=\"image\"\r\n                 src=\"https:\/\/www.oaxaca.gob.mx\/ieepo\/wp-content\/uploads\/sites\/75\/2024\/07\/04-07-24-2-f.jpg\"\r\n                 data-image=\"https:\/\/www.oaxaca.gob.mx\/ieepo\/wp-content\/uploads\/sites\/75\/2024\/07\/04-07-24-2-f.jpg\"\r\n                 data-description=\"\"\r\n                                 style=\"display:block\">\r\n        <\/a>\r\n            <a href=\"https:\/\/www.oaxaca.gob.mx\/ieepo\/promueve-ieepo-proyecto-gusto-por-la-lectura-y-escritura-creativa-en-escuelas-de-educacion-indigena\/\">\r\n            <img decoding=\"async\" alt=\"\"\r\n                 data-type=\"image\"\r\n                 src=\"https:\/\/www.oaxaca.gob.mx\/ieepo\/wp-content\/uploads\/sites\/75\/2024\/07\/04-07-24-2-e.jpg\"\r\n                 data-image=\"https:\/\/www.oaxaca.gob.mx\/ieepo\/wp-content\/uploads\/sites\/75\/2024\/07\/04-07-24-2-e.jpg\"\r\n                 data-description=\"\"\r\n                                 style=\"display:block\">\r\n        <\/a>\r\n            <a href=\"https:\/\/www.oaxaca.gob.mx\/ieepo\/promueve-ieepo-proyecto-gusto-por-la-lectura-y-escritura-creativa-en-escuelas-de-educacion-indigena\/\">\r\n            <img decoding=\"async\" alt=\"\"\r\n                 data-type=\"image\"\r\n                 src=\"https:\/\/www.oaxaca.gob.mx\/ieepo\/wp-content\/uploads\/sites\/75\/2024\/07\/04-07-24-2-d.jpg\"\r\n                 data-image=\"https:\/\/www.oaxaca.gob.mx\/ieepo\/wp-content\/uploads\/sites\/75\/2024\/07\/04-07-24-2-d.jpg\"\r\n                 data-description=\"\"\r\n                                 style=\"display:block\">\r\n        <\/a>\r\n            <a href=\"https:\/\/www.oaxaca.gob.mx\/ieepo\/promueve-ieepo-proyecto-gusto-por-la-lectura-y-escritura-creativa-en-escuelas-de-educacion-indigena\/\">\r\n            <img decoding=\"async\" alt=\"\"\r\n                 data-type=\"image\"\r\n                 src=\"https:\/\/www.oaxaca.gob.mx\/ieepo\/wp-content\/uploads\/sites\/75\/2024\/07\/04-07-24-2-c.jpg\"\r\n                 data-image=\"https:\/\/www.oaxaca.gob.mx\/ieepo\/wp-content\/uploads\/sites\/75\/2024\/07\/04-07-24-2-c.jpg\"\r\n                 data-description=\"\"\r\n                                 style=\"display:block\">\r\n        <\/a>\r\n            <a href=\"https:\/\/www.oaxaca.gob.mx\/ieepo\/promueve-ieepo-proyecto-gusto-por-la-lectura-y-escritura-creativa-en-escuelas-de-educacion-indigena\/\">\r\n            <img decoding=\"async\" alt=\"\"\r\n                 data-type=\"image\"\r\n                 src=\"https:\/\/www.oaxaca.gob.mx\/ieepo\/wp-content\/uploads\/sites\/75\/2024\/07\/04-07-24-2-b.jpg\"\r\n                 data-image=\"https:\/\/www.oaxaca.gob.mx\/ieepo\/wp-content\/uploads\/sites\/75\/2024\/07\/04-07-24-2-b.jpg\"\r\n                 data-description=\"\"\r\n                                 style=\"display:block\">\r\n        <\/a>\r\n            <a href=\"https:\/\/www.oaxaca.gob.mx\/ieepo\/promueve-ieepo-proyecto-gusto-por-la-lectura-y-escritura-creativa-en-escuelas-de-educacion-indigena\/\">\r\n            <img decoding=\"async\" alt=\"\"\r\n                 data-type=\"image\"\r\n                 src=\"https:\/\/www.oaxaca.gob.mx\/ieepo\/wp-content\/uploads\/sites\/75\/2024\/07\/04-07-24-2-a.jpg\"\r\n                 data-image=\"https:\/\/www.oaxaca.gob.mx\/ieepo\/wp-content\/uploads\/sites\/75\/2024\/07\/04-07-24-2-a.jpg\"\r\n                 data-description=\"\"\r\n                                 style=\"display:block\">\r\n        <\/a>\r\n    <\/div>\r\n\r\n<script type=\"text\/javascript\">\r\n\r\n    (function() {\r\n        var runMyCode = function() {\r\n            jQuery(document).ready(function () {\r\n                var container = jQuery(\"#gdgallery_container_428\");\r\n                container.unitegallery({\"gallery_theme\":\"carousel\",\"carousel_space_between_tiles\":10,\"tile_width\":200,\"tile_height\":\"200\",\"tile_enable_outline\":false,\"theme_carousel_align\":\"center\",\"carousel_navigation_numtiles\":1,\"carousel_scroll_duration\":500,\"carousel_autoplay\":true,\"carousel_autoplay_timeout\":\"3000\",\"carousel_autoplay_direction\":\"right\",\"carousel_autoplay_pause_onhover\":true,\"theme_enable_navigation\":true,\"theme_navigation_position\":\"bottom\",\"theme_navigation_align\":\"center\",\"theme_navigation_enable_play\":true,\"theme_space_between_arrows\":\"20\",\"tile_enable_textpanel\":true,\"tile_textpanel_always_on\":true,\"tile_textpanel_title_text_align\":\"center\",\"tile_textpanel_title_font_size\":\"16\",\"tile_textpanel_title_color\":\"#FFFFFF\",\"tile_textpanel_bg_color\":\"#333333\",\"tile_textpanel_bg_opacity\":0.7,\"tile_enable_border\":true,\"tile_border_width\":\"0\",\"tile_border_color\":\"#333333\",\"tile_border_radius\":\"0\",\"tile_enable_overlay\":true,\"tile_enable_image_effect\":true,\"tile_image_effect_type\":\"blur\",\"tile_image_effect_reverse\":true,\"tile_enable_shadow\":false,\"tile_as_link\":false,\"tile_enable_icons\":true,\"tile_show_link_icon\":true,\"tile_textpanel_appear_type\":\"slide\",\"tile_textpanel_position\":\"inside_bottom\",\"tile_link_newpage\":true,\"lightbox_type\":\"wide\",\"lightbox_arrows_offset\":0,\"lightbox_overlay_color\":\"#000000\",\"lightbox_overlay_opacity\":1,\"lightbox_top_panel_opacity\":1,\"lightbox_show_numbers\":true,\"lightbox_numbers_size\":\"15\",\"lightbox_numbers_color\":\"#FFFFFF\",\"lightbox_slider_image_border_width\":\"0\",\"lightbox_slider_image_border_color\":\"#FFFFFF\",\"lightbox_slider_image_border_radius\":0,\"lightbox_slider_image_shadow\":true,\"lightbox_slider_control_swipe\":true,\"lightbox_slider_control_zoom\":true,\"lightbox_slider_image_border\":true,\"lightbox_show_textpanel\":true,\"lightbox_textpanel_enable_title\":true,\"lightbox_textpanel_enable_description\":false,\"lightbox_textpanel_padding_top\":5,\"lightbox_textpanel_padding_bottom\":5,\"lightbox_textpanel_padding_right\":5,\"lightbox_textpanel_padding_left\":5,\"lightbox_textpanel_title_color\":\"#FFFFFF\",\"lightbox_textpanel_title_text_align\":\"center\",\"lightbox_textpanel_title_font_size\":\"16\",\"lightbox_textpanel_desc_color\":\"#FFFFFF\",\"lightbox_textpanel_desc_text_align\":\"center\",\"lightbox_textpanel_desc_font_size\":\"14\"});\r\n            });\r\n        };\r\n        var timer = function() {\r\n            if (window.jQuery) {runMyCode(window.jQuery);}\r\n            else {window.setTimeout(timer, 100);}\r\n        };\r\n        timer();\r\n    })();\r\n\r\n\r\n<\/script><style>\r\n#gdgallery-container-428 a.ug-thumb-wrapper{\r\n    box-shadow: none !important;\r\n}\r\n\r\n.ug-lightbox .ug-lightbox-top-panel-overlay{\r\n    background-color: #000000 !important;\r\n}\r\n\r\n#gdgallery_container_428{}<\/style>\r\n<\/div>\r\n\r\n\r\n\r\n\r\n\r\n\n","protected":false},"excerpt":{"rendered":"\u00a0 Por encomienda del director general, Emilio Montero P\u00e9rez, se fortalecen las actividades que fortalezcan en las y los estudiantes el gusto por la literatura &nbsp; Santiago Ap\u00f3stol, Oax. 4 de julio de 2024.- En el marco del Programa Estatal Fomento a la Lectura, iniciativa del Gobernador Salom\u00f3n Jara, el Instituto Estatal de Educaci\u00f3n P\u00fablica [&hellip;]","protected":false},"author":87,"featured_media":33684,"comment_status":"open","ping_status":"open","sticky":false,"template":"","format":"standard","meta":{"episode_type":"audio","audio_file":"","podmotor_file_id":"","podmotor_episode_id":"","cover_image":"","cover_image_id":"","duration":"","filesize":"","filesize_raw":"","date_recorded":"","explicit":"","block":"","footnotes":""},"categories":[10,11],"tags":[],"series":[],"class_list":["post-33677","post","type-post","status-publish","format-standard","has-post-thumbnail","hentry","category-slide","category-noticias"],"episode_featured_image":"https:\/\/www.oaxaca.gob.mx\/ieepo\/wp-content\/uploads\/sites\/75\/2024\/07\/04-07-24-b-02.png","episode_player_image":"https:\/\/www.oaxaca.gob.mx\/ieepo\/wp-content\/plugins\/seriously-simple-podcasting\/assets\/images\/no-album-art.png","download_link":"","player_link":"","audio_player":false,"episode_data":{"playerMode":"dark","subscribeUrls":[],"rssFeedUrl":"https:\/\/www.oaxaca.gob.mx\/ieepo\/feed\/podcast\/instituto-estatal-de-educacion-publica-de-oaxaca","embedCode":"<blockquote class=\"wp-embedded-content\" data-secret=\"rMIw4fTKxk\"><a href=\"https:\/\/www.oaxaca.gob.mx\/ieepo\/promueve-ieepo-proyecto-gusto-por-la-lectura-y-escritura-creativa-en-escuelas-de-educacion-indigena\/\">Promueve IEEPO proyecto \u201cGusto por la lectura y escritura creativa en escuelas de educaci\u00f3n ind\u00edgena\u201d<\/a><\/blockquote><iframe sandbox=\"allow-scripts\" security=\"restricted\" src=\"https:\/\/www.oaxaca.gob.mx\/ieepo\/promueve-ieepo-proyecto-gusto-por-la-lectura-y-escritura-creativa-en-escuelas-de-educacion-indigena\/embed\/#?secret=rMIw4fTKxk\" width=\"500\" height=\"350\" title=\"\u00abPromueve IEEPO proyecto \u201cGusto por la lectura y escritura creativa en escuelas de educaci\u00f3n ind\u00edgena\u201d\u00bb \u2014 Instituto Estatal de Educaci\u00f3n P\u00fablica de Oaxaca\" data-secret=\"rMIw4fTKxk\" frameborder=\"0\" marginwidth=\"0\" marginheight=\"0\" scrolling=\"no\" class=\"wp-embedded-content\"><\/iframe><script type=\"text\/javascript\">\n\/* <![CDATA[ *\/\n\/*! This file is auto-generated *\/\n!function(d,l){\"use strict\";l.querySelector&&d.addEventListener&&\"undefined\"!=typeof URL&&(d.wp=d.wp||{},d.wp.receiveEmbedMessage||(d.wp.receiveEmbedMessage=function(e){var t=e.data;if((t||t.secret||t.message||t.value)&&!\/[^a-zA-Z0-9]\/.test(t.secret)){for(var s,r,n,a=l.querySelectorAll('iframe[data-secret=\"'+t.secret+'\"]'),o=l.querySelectorAll('blockquote[data-secret=\"'+t.secret+'\"]'),c=new RegExp(\"^https?:$\",\"i\"),i=0;i<o.length;i++)o[i].style.display=\"none\";for(i=0;i<a.length;i++)s=a[i],e.source===s.contentWindow&&(s.removeAttribute(\"style\"),\"height\"===t.message?(1e3<(r=parseInt(t.value,10))?r=1e3:~~r<200&&(r=200),s.height=r):\"link\"===t.message&&(r=new URL(s.getAttribute(\"src\")),n=new URL(t.value),c.test(n.protocol))&&n.host===r.host&&l.activeElement===s&&(d.top.location.href=t.value))}},d.addEventListener(\"message\",d.wp.receiveEmbedMessage,!1),l.addEventListener(\"DOMContentLoaded\",function(){for(var e,t,s=l.querySelectorAll(\"iframe.wp-embedded-content\"),r=0;r<s.length;r++)(t=(e=s[r]).getAttribute(\"data-secret\"))||(t=Math.random().toString(36).substring(2,12),e.src+=\"#?secret=\"+t,e.setAttribute(\"data-secret\",t)),e.contentWindow.postMessage({message:\"ready\",secret:t},\"*\")},!1)))}(window,document);\n\/\/# sourceURL=https:\/\/www.oaxaca.gob.mx\/ieepo\/wp-includes\/js\/wp-embed.min.js\n\/* ]]> *\/\n<\/script>\n"},"acf":[],"publishpress_future_action":{"enabled":false,"date":"2026-05-08 11:21:47","action":"change-status","newStatus":"draft","terms":[],"taxonomy":"category","extraData":[]},"publishpress_future_workflow_manual_trigger":{"enabledWorkflows":[]},"_links":{"self":[{"href":"https:\/\/www.oaxaca.gob.mx\/ieepo\/wp-json\/wp\/v2\/posts\/33677","targetHints":{"allow":["GET"]}}],"collection":[{"href":"https:\/\/www.oaxaca.gob.mx\/ieepo\/wp-json\/wp\/v2\/posts"}],"about":[{"href":"https:\/\/www.oaxaca.gob.mx\/ieepo\/wp-json\/wp\/v2\/types\/post"}],"author":[{"embeddable":true,"href":"https:\/\/www.oaxaca.gob.mx\/ieepo\/wp-json\/wp\/v2\/users\/87"}],"replies":[{"embeddable":true,"href":"https:\/\/www.oaxaca.gob.mx\/ieepo\/wp-json\/wp\/v2\/comments?post=33677"}],"version-history":[{"count":1,"href":"https:\/\/www.oaxaca.gob.mx\/ieepo\/wp-json\/wp\/v2\/posts\/33677\/revisions"}],"predecessor-version":[{"id":33685,"href":"https:\/\/www.oaxaca.gob.mx\/ieepo\/wp-json\/wp\/v2\/posts\/33677\/revisions\/33685"}],"wp:featuredmedia":[{"embeddable":true,"href":"https:\/\/www.oaxaca.gob.mx\/ieepo\/wp-json\/wp\/v2\/media\/33684"}],"wp:attachment":[{"href":"https:\/\/www.oaxaca.gob.mx\/ieepo\/wp-json\/wp\/v2\/media?parent=33677"}],"wp:term":[{"taxonomy":"category","embeddable":true,"href":"https:\/\/www.oaxaca.gob.mx\/ieepo\/wp-json\/wp\/v2\/categories?post=33677"},{"taxonomy":"post_tag","embeddable":true,"href":"https:\/\/www.oaxaca.gob.mx\/ieepo\/wp-json\/wp\/v2\/tags?post=33677"},{"taxonomy":"series","embeddable":true,"href":"https:\/\/www.oaxaca.gob.mx\/ieepo\/wp-json\/wp\/v2\/series?post=33677"}],"curies":[{"name":"wp","href":"https:\/\/api.w.org\/{rel}","templated":true}]}}