{"id":2775,"date":"2018-12-16T22:17:34","date_gmt":"2018-12-17T04:17:34","guid":{"rendered":"https:\/\/www.oaxaca.gob.mx\/ieepo\/portal\/?p=2775"},"modified":"2018-12-16T22:17:34","modified_gmt":"2018-12-17T04:17:34","slug":"reune-ieepo-a-200-docentes-en-congreso-de-educacion-inicial","status":"publish","type":"post","link":"https:\/\/www.oaxaca.gob.mx\/ieepo\/reune-ieepo-a-200-docentes-en-congreso-de-educacion-inicial\/","title":{"rendered":"Re\u00fane IEEPO a 200 docentes en Congreso de Educaci\u00f3n Inicial"},"content":{"rendered":"<ul>\n<li>Mediante talleres art\u00edsticos se promueve la mejora en la educaci\u00f3n de ni\u00f1as y ni\u00f1os en el estado<\/li>\n<\/ul>\n<p><strong>Oaxaca de Ju\u00e1rez, Oax. 16 de diciembre de 2018.-<\/strong> \u00a0El Instituto Estatal de Educaci\u00f3n P\u00fablica de Oaxaca (IEEPO) realiz\u00f3 el Congreso Estatal de la Primera Infancia \u00a0\u2018Educaci\u00f3n Inicial, un Buen Comienzo\u2019, el cual reuni\u00f3 a 200 docentes de las ocho regiones de la entidad.<\/p>\n<p>Con talleres de artes, m\u00fasica y teatro, maestros y maestras se capacitaron durante tres d\u00edas con el objetivo de reflexionar sobre la importancia de estas disciplinas para el desarrollo integral de las ni\u00f1as y ni\u00f1os que acuden a alguno de los Centros de Atenci\u00f3n Infantil (CAI) que brindan sus servicios en el estado.<\/p>\n<p>La jefa de la Unidad de Educaci\u00f3n Inicial y Educaci\u00f3n Preescolar del IEEPO, Amelia Ju\u00e1rez Santiago se\u00f1al\u00f3 que la profesionalizaci\u00f3n del cuerpo docente es una prioridad para el Instituto, por lo cual se promueven actividades permanentes.<\/p>\n<p>\u2018Un Buen Comienzo\u2019, tiene la finalidad de mejorar la formaci\u00f3n de las ni\u00f1as y ni\u00f1os en el estado de Oaxaca, por ello, cumpliendo las indicaciones del director general, Francisco \u00c1ngel Villarreal, constantemente se capacita a las y los docentes para de esta manera darles las herramientas y actualizaci\u00f3n que requieren para desempe\u00f1ar su labor, asegur\u00f3.<\/p>\n<p>Tenemos la misi\u00f3n de, mediante el aprendizaje, modelar la conducta de las y los ni\u00f1os a trav\u00e9s del arte, explic\u00f3 Ju\u00e1rez Santiago.<\/p>\n<p>La jefa de la Unidad de Educaci\u00f3n Inicial y Educaci\u00f3n Preescolar, puntualiz\u00f3 que la capacitaci\u00f3n permite a los maestros tener un mejor desempe\u00f1o y una adecuada planeaci\u00f3n de sus actividades en beneficio de la educaci\u00f3n de la ni\u00f1ez.<\/p>\n<p>Durante cada una de las tres jornadas del Congreso los 200 participantes abordaron distintas \u00e1reas de trabajo.<\/p>\n<p>Indicaron que este esfuerzo com\u00fan, entre docentes y el Instituto Estatal de Educaci\u00f3n P\u00fablica de Oaxaca, contribuye a elevar la educaci\u00f3n por lo que reconocieron la importancia de realizar actividades de este tipo.\t\t<\/p>\n","protected":false},"excerpt":{"rendered":"Mediante talleres art\u00edsticos se promueve la mejora en la educaci\u00f3n de ni\u00f1as y ni\u00f1os en el estado Oaxaca de Ju\u00e1rez, Oax. 16 de diciembre de 2018.- \u00a0El Instituto Estatal de Educaci\u00f3n P\u00fablica de Oaxaca (IEEPO) realiz\u00f3 el Congreso Estatal de la Primera Infancia \u00a0\u2018Educaci\u00f3n Inicial, un Buen Comienzo\u2019, el cual reuni\u00f3 a 200 docentes de [&hellip;]","protected":false},"author":1,"featured_media":2776,"comment_status":"open","ping_status":"open","sticky":false,"template":"","format":"standard","meta":{"episode_type":"","audio_file":"","podmotor_file_id":"","podmotor_episode_id":"","cover_image":"","cover_image_id":"","duration":"","filesize":"","filesize_raw":"","date_recorded":"","explicit":"","block":"","footnotes":""},"categories":[10,11],"tags":[],"series":[],"class_list":["post-2775","post","type-post","status-publish","format-standard","has-post-thumbnail","hentry","category-slide","category-noticias"],"episode_featured_image":"https:\/\/www.oaxaca.gob.mx\/ieepo\/wp-content\/uploads\/sites\/75\/2018\/12\/16-12-18.png","episode_player_image":"https:\/\/www.oaxaca.gob.mx\/ieepo\/wp-content\/plugins\/seriously-simple-podcasting\/assets\/images\/no-album-art.png","download_link":"","player_link":"","audio_player":false,"episode_data":{"playerMode":"dark","subscribeUrls":[],"rssFeedUrl":"https:\/\/www.oaxaca.gob.mx\/ieepo\/feed\/podcast\/instituto-estatal-de-educacion-publica-de-oaxaca","embedCode":"<blockquote class=\"wp-embedded-content\" data-secret=\"GwO1GoDNYv\"><a href=\"https:\/\/www.oaxaca.gob.mx\/ieepo\/reune-ieepo-a-200-docentes-en-congreso-de-educacion-inicial\/\">Re\u00fane IEEPO a 200 docentes en Congreso de Educaci\u00f3n Inicial<\/a><\/blockquote><iframe sandbox=\"allow-scripts\" security=\"restricted\" src=\"https:\/\/www.oaxaca.gob.mx\/ieepo\/reune-ieepo-a-200-docentes-en-congreso-de-educacion-inicial\/embed\/#?secret=GwO1GoDNYv\" width=\"500\" height=\"350\" title=\"\u00abRe\u00fane IEEPO a 200 docentes en Congreso de Educaci\u00f3n Inicial\u00bb \u2014 Instituto Estatal de Educaci\u00f3n P\u00fablica de Oaxaca\" data-secret=\"GwO1GoDNYv\" frameborder=\"0\" marginwidth=\"0\" marginheight=\"0\" scrolling=\"no\" class=\"wp-embedded-content\"><\/iframe><script type=\"text\/javascript\">\n\/* <![CDATA[ *\/\n\/*! This file is auto-generated *\/\n!function(d,l){\"use strict\";l.querySelector&&d.addEventListener&&\"undefined\"!=typeof URL&&(d.wp=d.wp||{},d.wp.receiveEmbedMessage||(d.wp.receiveEmbedMessage=function(e){var t=e.data;if((t||t.secret||t.message||t.value)&&!\/[^a-zA-Z0-9]\/.test(t.secret)){for(var s,r,n,a=l.querySelectorAll('iframe[data-secret=\"'+t.secret+'\"]'),o=l.querySelectorAll('blockquote[data-secret=\"'+t.secret+'\"]'),c=new RegExp(\"^https?:$\",\"i\"),i=0;i<o.length;i++)o[i].style.display=\"none\";for(i=0;i<a.length;i++)s=a[i],e.source===s.contentWindow&&(s.removeAttribute(\"style\"),\"height\"===t.message?(1e3<(r=parseInt(t.value,10))?r=1e3:~~r<200&&(r=200),s.height=r):\"link\"===t.message&&(r=new URL(s.getAttribute(\"src\")),n=new URL(t.value),c.test(n.protocol))&&n.host===r.host&&l.activeElement===s&&(d.top.location.href=t.value))}},d.addEventListener(\"message\",d.wp.receiveEmbedMessage,!1),l.addEventListener(\"DOMContentLoaded\",function(){for(var e,t,s=l.querySelectorAll(\"iframe.wp-embedded-content\"),r=0;r<s.length;r++)(t=(e=s[r]).getAttribute(\"data-secret\"))||(t=Math.random().toString(36).substring(2,12),e.src+=\"#?secret=\"+t,e.setAttribute(\"data-secret\",t)),e.contentWindow.postMessage({message:\"ready\",secret:t},\"*\")},!1)))}(window,document);\n\/\/# sourceURL=https:\/\/www.oaxaca.gob.mx\/ieepo\/wp-includes\/js\/wp-embed.min.js\n\/* ]]> *\/\n<\/script>\n"},"acf":[],"publishpress_future_action":{"enabled":false,"date":"2026-05-02 02:50:13","action":"change-status","newStatus":"draft","terms":[],"taxonomy":"category","extraData":[]},"publishpress_future_workflow_manual_trigger":{"enabledWorkflows":[]},"_links":{"self":[{"href":"https:\/\/www.oaxaca.gob.mx\/ieepo\/wp-json\/wp\/v2\/posts\/2775","targetHints":{"allow":["GET"]}}],"collection":[{"href":"https:\/\/www.oaxaca.gob.mx\/ieepo\/wp-json\/wp\/v2\/posts"}],"about":[{"href":"https:\/\/www.oaxaca.gob.mx\/ieepo\/wp-json\/wp\/v2\/types\/post"}],"author":[{"embeddable":true,"href":"https:\/\/www.oaxaca.gob.mx\/ieepo\/wp-json\/wp\/v2\/users\/1"}],"replies":[{"embeddable":true,"href":"https:\/\/www.oaxaca.gob.mx\/ieepo\/wp-json\/wp\/v2\/comments?post=2775"}],"version-history":[{"count":0,"href":"https:\/\/www.oaxaca.gob.mx\/ieepo\/wp-json\/wp\/v2\/posts\/2775\/revisions"}],"wp:featuredmedia":[{"embeddable":true,"href":"https:\/\/www.oaxaca.gob.mx\/ieepo\/wp-json\/wp\/v2\/media\/2776"}],"wp:attachment":[{"href":"https:\/\/www.oaxaca.gob.mx\/ieepo\/wp-json\/wp\/v2\/media?parent=2775"}],"wp:term":[{"taxonomy":"category","embeddable":true,"href":"https:\/\/www.oaxaca.gob.mx\/ieepo\/wp-json\/wp\/v2\/categories?post=2775"},{"taxonomy":"post_tag","embeddable":true,"href":"https:\/\/www.oaxaca.gob.mx\/ieepo\/wp-json\/wp\/v2\/tags?post=2775"},{"taxonomy":"series","embeddable":true,"href":"https:\/\/www.oaxaca.gob.mx\/ieepo\/wp-json\/wp\/v2\/series?post=2775"}],"curies":[{"name":"wp","href":"https:\/\/api.w.org\/{rel}","templated":true}]}}