{"id":2770,"date":"2018-12-15T21:25:23","date_gmt":"2018-12-16T03:25:23","guid":{"rendered":"https:\/\/www.oaxaca.gob.mx\/ieepo\/portal\/?p=2770"},"modified":"2018-12-15T21:25:23","modified_gmt":"2018-12-16T03:25:23","slug":"consolidamos-la-educacion-con-equidad-en-oaxaca-ieepo","status":"publish","type":"post","link":"https:\/\/www.oaxaca.gob.mx\/ieepo\/consolidamos-la-educacion-con-equidad-en-oaxaca-ieepo\/","title":{"rendered":"Consolidamos la educaci\u00f3n con equidad en Oaxaca: IEEPO"},"content":{"rendered":"<ul>\n<li>\u00a0El director general del Instituto Estatal de Educaci\u00f3n P\u00fablica de Oaxaca, Francisco \u00c1ngel Villarreal compareci\u00f3 ante diputados y diputadas del Congreso local<\/li>\n<\/ul>\n<p><strong>San Raymundo Jalpan, Oax. 15 de diciembre de 2018.<\/strong>\u00a0En el marco de la glosa del Segundo Informe del gobernador Alejandro Murat Hinojosa, el director general del Instituto Estatal de Educaci\u00f3n P\u00fablica de Oaxaca (IEEPO), Francisco \u00c1ngel Villarreal se\u00f1al\u00f3 que en los \u00faltimos 11 meses esta dependencia ha fortalecido la entrega de materiales y equipamiento a escuelas, la inclusi\u00f3n y equidad educativa, as\u00ed como la formaci\u00f3n continua de los docentes.<\/p>\n<p>Destac\u00f3 que resultado de las gestiones del mandatario estatal, con total transparencia y pulcritud se ejercieron 698.09 millones de pesos en programas estatales y federales, de los cuales 533.38 millones de pesos se obtuvieron de la Federaci\u00f3n para 10 programas que est\u00e1n actualmente en operaci\u00f3n y que han beneficiado a 352 mil 873 alumnos, 10 mil 122 docentes y seis mil 76 escuelas.<\/p>\n<p>\u201cNuestra meta, como lo establece el Eje 1 del Plan Estatal de Desarrollo 2016-2022, es que cada oaxaque\u00f1a, cada oaxaque\u00f1o, cumpla sus anhelos a partir de una educaci\u00f3n b\u00e1sica incluyente y con equidad. Cada acci\u00f3n de este gobierno en materia educativa busca la mejora de la educaci\u00f3n b\u00e1sica, la capacitaci\u00f3n de los docentes, la inclusi\u00f3n de todos los actores educativos y que cada educando en Oaxaca cuente con una formaci\u00f3n s\u00f3lida, en un ambiente adecuado, acorde a los tiempos actuales\u201d, enfatiz\u00f3.<\/p>\n<p>Al comparecer ante integrantes de la Comisi\u00f3n Permanente de Educaci\u00f3n, Ciencia, Tecnolog\u00eda e Innovaci\u00f3n de la LXIV Legislatura local, el director general del IEEPO reconoci\u00f3 la loable labor del magisterio y la pol\u00edtica de puertas abiertas y di\u00e1logo constante con todos y cada uno de los actores que participan e intervienen en el proceso educativo, buscando siempre la coincidencia.<\/p>\n<p>Entre otros avances, resalt\u00f3 que la entrega de materiales y equipamiento a mil 642 escuelas en 346 municipios, con una inversi\u00f3n de 76.5 millones de pesos; el fortalecimiento del Programa para la Inclusi\u00f3n y la Equidad Educativa en beneficio de las maestras y maestros de educaci\u00f3n ind\u00edgena, educaci\u00f3n especial y migrantes.<\/p>\n<p>As\u00ed mismo, despu\u00e9s de 10 a\u00f1os, en el 2018 se otorg\u00f3 un incremento del 33% de la cuota de apoyo para alimentaci\u00f3n a escuelas del nivel b\u00e1sico que brindan este servicio en las diferentes regiones de la entidad, en beneficio de m\u00e1s de tres mil 700 educandos de 26 centros educativos que corresponden a 10 Centros de Atenci\u00f3n Infantil (CAI), seis Centros de Integraci\u00f3n Social Ind\u00edgenas (CIS), dos internados del nivel secundaria, dos internados y seis albergues del nivel primaria.<\/p>\n<p>Luego de reconocer que a\u00fan falta mucho por hacer, hizo \u00e9nfasis en que en el proyecto del plan de mejora educativa planteado por el presidente Andr\u00e9s Manuel L\u00f3pez Obrador, hay coincidencias con los planteamientos en Oaxaca, por lo que exhort\u00f3 a trabajar por un solo objetivo: mejorar la educaci\u00f3n y ser parte de esta generaci\u00f3n de cambio que comparte la aspiraci\u00f3n de consolidar una mejor sociedad.\t\t<\/p>\n","protected":false},"excerpt":{"rendered":"\u00a0El director general del Instituto Estatal de Educaci\u00f3n P\u00fablica de Oaxaca, Francisco \u00c1ngel Villarreal compareci\u00f3 ante diputados y diputadas del Congreso local San Raymundo Jalpan, Oax. 15 de diciembre de 2018.\u00a0En el marco de la glosa del Segundo Informe del gobernador Alejandro Murat Hinojosa, el director general del Instituto Estatal de Educaci\u00f3n P\u00fablica de Oaxaca [&hellip;]","protected":false},"author":1,"featured_media":2780,"comment_status":"open","ping_status":"open","sticky":false,"template":"","format":"standard","meta":{"episode_type":"","audio_file":"","podmotor_file_id":"","podmotor_episode_id":"","cover_image":"","cover_image_id":"","duration":"","filesize":"","filesize_raw":"","date_recorded":"","explicit":"","block":"","footnotes":""},"categories":[10,11],"tags":[],"series":[],"class_list":["post-2770","post","type-post","status-publish","format-standard","has-post-thumbnail","hentry","category-slide","category-noticias"],"episode_featured_image":"https:\/\/www.oaxaca.gob.mx\/ieepo\/wp-content\/uploads\/sites\/75\/2018\/12\/15-12-18-.png","episode_player_image":"https:\/\/www.oaxaca.gob.mx\/ieepo\/wp-content\/plugins\/seriously-simple-podcasting\/assets\/images\/no-album-art.png","download_link":"","player_link":"","audio_player":false,"episode_data":{"playerMode":"dark","subscribeUrls":[],"rssFeedUrl":"https:\/\/www.oaxaca.gob.mx\/ieepo\/feed\/podcast\/instituto-estatal-de-educacion-publica-de-oaxaca","embedCode":"<blockquote class=\"wp-embedded-content\" data-secret=\"VTxVchnY9k\"><a href=\"https:\/\/www.oaxaca.gob.mx\/ieepo\/consolidamos-la-educacion-con-equidad-en-oaxaca-ieepo\/\">Consolidamos la educaci\u00f3n con equidad en Oaxaca: IEEPO<\/a><\/blockquote><iframe sandbox=\"allow-scripts\" security=\"restricted\" src=\"https:\/\/www.oaxaca.gob.mx\/ieepo\/consolidamos-la-educacion-con-equidad-en-oaxaca-ieepo\/embed\/#?secret=VTxVchnY9k\" width=\"500\" height=\"350\" title=\"\u00abConsolidamos la educaci\u00f3n con equidad en Oaxaca: IEEPO\u00bb \u2014 Instituto Estatal de Educaci\u00f3n P\u00fablica de Oaxaca\" data-secret=\"VTxVchnY9k\" frameborder=\"0\" marginwidth=\"0\" marginheight=\"0\" scrolling=\"no\" class=\"wp-embedded-content\"><\/iframe><script type=\"text\/javascript\">\n\/* <![CDATA[ *\/\n\/*! This file is auto-generated *\/\n!function(d,l){\"use strict\";l.querySelector&&d.addEventListener&&\"undefined\"!=typeof URL&&(d.wp=d.wp||{},d.wp.receiveEmbedMessage||(d.wp.receiveEmbedMessage=function(e){var t=e.data;if((t||t.secret||t.message||t.value)&&!\/[^a-zA-Z0-9]\/.test(t.secret)){for(var s,r,n,a=l.querySelectorAll('iframe[data-secret=\"'+t.secret+'\"]'),o=l.querySelectorAll('blockquote[data-secret=\"'+t.secret+'\"]'),c=new RegExp(\"^https?:$\",\"i\"),i=0;i<o.length;i++)o[i].style.display=\"none\";for(i=0;i<a.length;i++)s=a[i],e.source===s.contentWindow&&(s.removeAttribute(\"style\"),\"height\"===t.message?(1e3<(r=parseInt(t.value,10))?r=1e3:~~r<200&&(r=200),s.height=r):\"link\"===t.message&&(r=new URL(s.getAttribute(\"src\")),n=new URL(t.value),c.test(n.protocol))&&n.host===r.host&&l.activeElement===s&&(d.top.location.href=t.value))}},d.addEventListener(\"message\",d.wp.receiveEmbedMessage,!1),l.addEventListener(\"DOMContentLoaded\",function(){for(var e,t,s=l.querySelectorAll(\"iframe.wp-embedded-content\"),r=0;r<s.length;r++)(t=(e=s[r]).getAttribute(\"data-secret\"))||(t=Math.random().toString(36).substring(2,12),e.src+=\"#?secret=\"+t,e.setAttribute(\"data-secret\",t)),e.contentWindow.postMessage({message:\"ready\",secret:t},\"*\")},!1)))}(window,document);\n\/\/# sourceURL=https:\/\/www.oaxaca.gob.mx\/ieepo\/wp-includes\/js\/wp-embed.min.js\n\/* ]]> *\/\n<\/script>\n"},"acf":[],"publishpress_future_action":{"enabled":false,"date":"2026-05-02 02:28:34","action":"change-status","newStatus":"draft","terms":[],"taxonomy":"category","extraData":[]},"publishpress_future_workflow_manual_trigger":{"enabledWorkflows":[]},"_links":{"self":[{"href":"https:\/\/www.oaxaca.gob.mx\/ieepo\/wp-json\/wp\/v2\/posts\/2770","targetHints":{"allow":["GET"]}}],"collection":[{"href":"https:\/\/www.oaxaca.gob.mx\/ieepo\/wp-json\/wp\/v2\/posts"}],"about":[{"href":"https:\/\/www.oaxaca.gob.mx\/ieepo\/wp-json\/wp\/v2\/types\/post"}],"author":[{"embeddable":true,"href":"https:\/\/www.oaxaca.gob.mx\/ieepo\/wp-json\/wp\/v2\/users\/1"}],"replies":[{"embeddable":true,"href":"https:\/\/www.oaxaca.gob.mx\/ieepo\/wp-json\/wp\/v2\/comments?post=2770"}],"version-history":[{"count":0,"href":"https:\/\/www.oaxaca.gob.mx\/ieepo\/wp-json\/wp\/v2\/posts\/2770\/revisions"}],"wp:featuredmedia":[{"embeddable":true,"href":"https:\/\/www.oaxaca.gob.mx\/ieepo\/wp-json\/wp\/v2\/media\/2780"}],"wp:attachment":[{"href":"https:\/\/www.oaxaca.gob.mx\/ieepo\/wp-json\/wp\/v2\/media?parent=2770"}],"wp:term":[{"taxonomy":"category","embeddable":true,"href":"https:\/\/www.oaxaca.gob.mx\/ieepo\/wp-json\/wp\/v2\/categories?post=2770"},{"taxonomy":"post_tag","embeddable":true,"href":"https:\/\/www.oaxaca.gob.mx\/ieepo\/wp-json\/wp\/v2\/tags?post=2770"},{"taxonomy":"series","embeddable":true,"href":"https:\/\/www.oaxaca.gob.mx\/ieepo\/wp-json\/wp\/v2\/series?post=2770"}],"curies":[{"name":"wp","href":"https:\/\/api.w.org\/{rel}","templated":true}]}}