{"id":2766,"date":"2018-12-14T20:48:57","date_gmt":"2018-12-15T02:48:57","guid":{"rendered":"https:\/\/www.oaxaca.gob.mx\/ieepo\/portal\/?p=2766"},"modified":"2018-12-14T20:48:57","modified_gmt":"2018-12-15T02:48:57","slug":"fortalece-ieepo-transparencia-y-rendicion-de-cuentas","status":"publish","type":"post","link":"https:\/\/www.oaxaca.gob.mx\/ieepo\/fortalece-ieepo-transparencia-y-rendicion-de-cuentas\/","title":{"rendered":"Fortalece IEEPO transparencia y rendici\u00f3n de cuentas"},"content":{"rendered":"<ul>\n<li>Se realiz\u00f3 la Cuarta Sesi\u00f3n Ordinaria de la Junta Directiva del Instituto Estatal de Educaci\u00f3n P\u00fablica de Oaxaca<\/li>\n<\/ul>\n<p><strong>Oaxaca de Ju\u00e1rez, Oax. 14 de diciembre de 2018.<\/strong>\u00a0La Junta Directiva del Instituto Estatal de Educaci\u00f3n P\u00fablica de Oaxaca (IEEPO) realiz\u00f3 su cuarta y \u00faltima Sesi\u00f3n Ordinaria del a\u00f1o, en la que se destac\u00f3 el compromiso que con la transparencia y rendici\u00f3n de cuentas tiene el organismo encargado del Sistema de Educaci\u00f3n B\u00e1sica y Normal en el estado.<\/p>\n<p>Presidida por el consejero Jur\u00eddico del Gobierno del Estado, Jos\u00e9 Octavio Tinajero Zenil y el director general del IEEPO, Francisco \u00c1ngel Villarreal en su car\u00e1cter de presidente suplente y secretario t\u00e9cnico, respectivamente, durante la reuni\u00f3n se dieron a conocer las acciones emprendidas en el ejercicio 2018 y se rindi\u00f3 un informe de los avances alcanzados.<\/p>\n<p>Ante los integrantes de la Junta Directiva, funcionarios federales y estatales, se revisaron temas como el presupuesto autorizado y ministrado en los 11 programas federales al tercer trimestre del 2018, entre otros.<\/p>\n<p>En su oportunidad, el titular del IEEPO, expuso que este \u00f3rgano colegiado ha fortalecido las acciones para sanear y transparentar el proceso financiero del Instituto, as\u00ed como para cumplir en tiempo y forma las estrategias encaminadas a fortalecer el sistema educativo estatal con apego a la normatividad establecida.<\/p>\n<p>Por su parte, el Consejero Jur\u00eddico y presidente suplente, Jos\u00e9 Octavio Tinajero Zenil reconoci\u00f3 los esfuerzos realizados para fortalecer el trabajo de la instituci\u00f3n y convoc\u00f3 a redoblar esfuerzos para garantizar los servicios educativos.<\/p>\n<p>A la sesi\u00f3n asistieron representantes de las Secretarias General de Gobierno, Finanzas, Salud, Administraci\u00f3n, Desarrollo Social y Humano y de las Culturas y Artes de Oaxaca, quienes forman parte de la Junta Directiva del IEEPO.<\/p>\n<p>&nbsp;\t\t<\/p>\n","protected":false},"excerpt":{"rendered":"Se realiz\u00f3 la Cuarta Sesi\u00f3n Ordinaria de la Junta Directiva del Instituto Estatal de Educaci\u00f3n P\u00fablica de Oaxaca Oaxaca de Ju\u00e1rez, Oax. 14 de diciembre de 2018.\u00a0La Junta Directiva del Instituto Estatal de Educaci\u00f3n P\u00fablica de Oaxaca (IEEPO) realiz\u00f3 su cuarta y \u00faltima Sesi\u00f3n Ordinaria del a\u00f1o, en la que se destac\u00f3 el compromiso que [&hellip;]","protected":false},"author":1,"featured_media":2768,"comment_status":"open","ping_status":"open","sticky":false,"template":"","format":"standard","meta":{"episode_type":"","audio_file":"","podmotor_file_id":"","podmotor_episode_id":"","cover_image":"","cover_image_id":"","duration":"","filesize":"","filesize_raw":"","date_recorded":"","explicit":"","block":"","footnotes":""},"categories":[10,11],"tags":[],"series":[],"class_list":["post-2766","post","type-post","status-publish","format-standard","has-post-thumbnail","hentry","category-slide","category-noticias"],"episode_featured_image":"https:\/\/www.oaxaca.gob.mx\/ieepo\/wp-content\/uploads\/sites\/75\/2018\/12\/14-12-18.png","episode_player_image":"https:\/\/www.oaxaca.gob.mx\/ieepo\/wp-content\/plugins\/seriously-simple-podcasting\/assets\/images\/no-album-art.png","download_link":"","player_link":"","audio_player":false,"episode_data":{"playerMode":"dark","subscribeUrls":[],"rssFeedUrl":"https:\/\/www.oaxaca.gob.mx\/ieepo\/feed\/podcast\/instituto-estatal-de-educacion-publica-de-oaxaca","embedCode":"<blockquote class=\"wp-embedded-content\" data-secret=\"h7agEehLVw\"><a href=\"https:\/\/www.oaxaca.gob.mx\/ieepo\/fortalece-ieepo-transparencia-y-rendicion-de-cuentas\/\">Fortalece IEEPO transparencia y rendici\u00f3n de cuentas<\/a><\/blockquote><iframe sandbox=\"allow-scripts\" security=\"restricted\" src=\"https:\/\/www.oaxaca.gob.mx\/ieepo\/fortalece-ieepo-transparencia-y-rendicion-de-cuentas\/embed\/#?secret=h7agEehLVw\" width=\"500\" height=\"350\" title=\"\u00abFortalece IEEPO transparencia y rendici\u00f3n de cuentas\u00bb \u2014 Instituto Estatal de Educaci\u00f3n P\u00fablica de Oaxaca\" data-secret=\"h7agEehLVw\" frameborder=\"0\" marginwidth=\"0\" marginheight=\"0\" scrolling=\"no\" class=\"wp-embedded-content\"><\/iframe><script type=\"text\/javascript\">\n\/* <![CDATA[ *\/\n\/*! This file is auto-generated *\/\n!function(d,l){\"use strict\";l.querySelector&&d.addEventListener&&\"undefined\"!=typeof URL&&(d.wp=d.wp||{},d.wp.receiveEmbedMessage||(d.wp.receiveEmbedMessage=function(e){var t=e.data;if((t||t.secret||t.message||t.value)&&!\/[^a-zA-Z0-9]\/.test(t.secret)){for(var s,r,n,a=l.querySelectorAll('iframe[data-secret=\"'+t.secret+'\"]'),o=l.querySelectorAll('blockquote[data-secret=\"'+t.secret+'\"]'),c=new RegExp(\"^https?:$\",\"i\"),i=0;i<o.length;i++)o[i].style.display=\"none\";for(i=0;i<a.length;i++)s=a[i],e.source===s.contentWindow&&(s.removeAttribute(\"style\"),\"height\"===t.message?(1e3<(r=parseInt(t.value,10))?r=1e3:~~r<200&&(r=200),s.height=r):\"link\"===t.message&&(r=new URL(s.getAttribute(\"src\")),n=new URL(t.value),c.test(n.protocol))&&n.host===r.host&&l.activeElement===s&&(d.top.location.href=t.value))}},d.addEventListener(\"message\",d.wp.receiveEmbedMessage,!1),l.addEventListener(\"DOMContentLoaded\",function(){for(var e,t,s=l.querySelectorAll(\"iframe.wp-embedded-content\"),r=0;r<s.length;r++)(t=(e=s[r]).getAttribute(\"data-secret\"))||(t=Math.random().toString(36).substring(2,12),e.src+=\"#?secret=\"+t,e.setAttribute(\"data-secret\",t)),e.contentWindow.postMessage({message:\"ready\",secret:t},\"*\")},!1)))}(window,document);\n\/\/# sourceURL=https:\/\/www.oaxaca.gob.mx\/ieepo\/wp-includes\/js\/wp-embed.min.js\n\/* ]]> *\/\n<\/script>\n"},"acf":[],"publishpress_future_action":{"enabled":false,"date":"2026-05-02 02:54:39","action":"change-status","newStatus":"draft","terms":[],"taxonomy":"category","extraData":[]},"publishpress_future_workflow_manual_trigger":{"enabledWorkflows":[]},"_links":{"self":[{"href":"https:\/\/www.oaxaca.gob.mx\/ieepo\/wp-json\/wp\/v2\/posts\/2766","targetHints":{"allow":["GET"]}}],"collection":[{"href":"https:\/\/www.oaxaca.gob.mx\/ieepo\/wp-json\/wp\/v2\/posts"}],"about":[{"href":"https:\/\/www.oaxaca.gob.mx\/ieepo\/wp-json\/wp\/v2\/types\/post"}],"author":[{"embeddable":true,"href":"https:\/\/www.oaxaca.gob.mx\/ieepo\/wp-json\/wp\/v2\/users\/1"}],"replies":[{"embeddable":true,"href":"https:\/\/www.oaxaca.gob.mx\/ieepo\/wp-json\/wp\/v2\/comments?post=2766"}],"version-history":[{"count":0,"href":"https:\/\/www.oaxaca.gob.mx\/ieepo\/wp-json\/wp\/v2\/posts\/2766\/revisions"}],"wp:featuredmedia":[{"embeddable":true,"href":"https:\/\/www.oaxaca.gob.mx\/ieepo\/wp-json\/wp\/v2\/media\/2768"}],"wp:attachment":[{"href":"https:\/\/www.oaxaca.gob.mx\/ieepo\/wp-json\/wp\/v2\/media?parent=2766"}],"wp:term":[{"taxonomy":"category","embeddable":true,"href":"https:\/\/www.oaxaca.gob.mx\/ieepo\/wp-json\/wp\/v2\/categories?post=2766"},{"taxonomy":"post_tag","embeddable":true,"href":"https:\/\/www.oaxaca.gob.mx\/ieepo\/wp-json\/wp\/v2\/tags?post=2766"},{"taxonomy":"series","embeddable":true,"href":"https:\/\/www.oaxaca.gob.mx\/ieepo\/wp-json\/wp\/v2\/series?post=2766"}],"curies":[{"name":"wp","href":"https:\/\/api.w.org\/{rel}","templated":true}]}}