{"id":2697,"date":"2018-12-09T19:47:08","date_gmt":"2018-12-10T01:47:08","guid":{"rendered":"https:\/\/www.oaxaca.gob.mx\/ieepo\/portal\/?p=2697"},"modified":"2018-12-09T19:47:08","modified_gmt":"2018-12-10T01:47:08","slug":"entrega-ieepo-estimulos-a-docentes-y-coordinadores-de-alimentacion-de-890-escuelas","status":"publish","type":"post","link":"https:\/\/www.oaxaca.gob.mx\/ieepo\/entrega-ieepo-estimulos-a-docentes-y-coordinadores-de-alimentacion-de-890-escuelas\/","title":{"rendered":"Entrega IEEPO est\u00edmulos a docentes y coordinadores  de alimentaci\u00f3n de 890 escuelas"},"content":{"rendered":"<ul>\n<li>El director general del IEEPO inform\u00f3 que el pr\u00f3ximo a\u00f1o el Programa Escuelas de Tiempo Completo seguir\u00e1 con los mismos objetivos y presupuesto autorizado.<\/li>\n<\/ul>\n<p><strong>Oaxaca de Ju\u00e1rez, Oax. 9 de diciembre de 2018.<\/strong> Personal directivo, docente, intendente y coordinadores del Servicio Escolar de Alimentaci\u00f3n de 890 planteles, incorporados al Programa de Escuelas de Tiempo Completo, recibieron est\u00edmulos econ\u00f3micos por el desempe\u00f1o de sus funciones durante la ampliaci\u00f3n de la jornada escolar, en beneficio de aproximadamente 80 mil educandos.<\/p>\n<p>El director general del Instituto Estatal de Educaci\u00f3n P\u00fablica de Oaxaca (IEEPO), Francisco \u00c1ngel Villarreal presidi\u00f3 el inicio de la entrega de los apoyos por un monto total de 78.8 millones de pesos, correspondientes al periodo septiembre-diciembre de 2018, en reconocimiento a la notable vocaci\u00f3n del personal por mejorar y elevar la calidad educativa en la entidad.<\/p>\n<p>En su intervenci\u00f3n, inform\u00f3 que el Programa Escuelas de Tiempo Completo conservar\u00e1 en 2019 los mismos objetivos y presupuesto asignado, en tanto el gobernador Alejandro Murat Hinojosa continua las gestiones, ante la Secretar\u00eda de Educaci\u00f3n P\u00fablica (SEP), para atender las necesidades educativas del Estado.<\/p>\n<p>\u00c1ngel Villarreal felicit\u00f3 a los beneficiados con los est\u00edmulos por su compromiso y responsabilidad en este esquema, que promueve el desarrollo integral mediante la ampliaci\u00f3n y uso eficaz de la jornada escolar y de mecanismos de mejora en el aprendizaje que buscan ponerle alto a la deserci\u00f3n educativa y que favorezcan la retenci\u00f3n escolar.<\/p>\n<p>\u201cUstedes les aportan sus conocimientos, direcci\u00f3n y orientaci\u00f3n con su labor, en cada uno de los rincones del Estado\u201d, indic\u00f3.<\/p>\n<p>Los est\u00edmulos ser\u00e1n entregados\u00a0 de manera gradual a un total de 5 mil 349 trabajadores, entre ellos 890 directores de planteles, 3 mil 561 docentes, 246 intendentes y 652 Coordinadoras del Servicio de Alimentaci\u00f3n de 77 escuelas en la Ca\u00f1ada, 69 en la Costa, 37 en el Istmo, 280 en la Mixteca, 230 en el Papaloapan, 50 en la Sierra Norte, 64 en la Sierra Sur y 83 en los Valles Centrales.<\/p>\n<p>En el marco del inicio de la entrega de est\u00edmulos a directores, docentes, intendentes y Coordinadores del Servicio Escolar de Alimentaci\u00f3n beneficiados se\u00f1alaron que el programa ha contribuido al mejoramiento y rendimiento escolar de las y los alumnos, adem\u00e1s que les ha permitido capacitarse para las actividades enfocadas al pleno desarrollo de los educandos.<\/p>\n<p>\u201cEl apoyo que recibimos es satisfactorio por el trabajo extra, pero tambi\u00e9n recibir el agradecimiento de los padres y madres de familias es una gran recompensa\u201d, comentaron.<\/p>\n<p>El Programa Escuelas de Tiempo Completo (PETC), es una iniciativa de la Secretar\u00eda de Educaci\u00f3n P\u00fablica (SEP) que tiene como finalidad fortalecer la educaci\u00f3n b\u00e1sica, estableciendo en forma paulatina, conforme a la suficiencia presupuestal, Escuelas de Tiempo Completo (ETC) con jornadas de entre 6 y 8 horas diarias. De esta manera se puede aprovechar mejor el tiempo disponible para el desarrollo acad\u00e9mico, deportivo y cultural de las y los alumnos.\t\t<\/p>\n","protected":false},"excerpt":{"rendered":"El director general del IEEPO inform\u00f3 que el pr\u00f3ximo a\u00f1o el Programa Escuelas de Tiempo Completo seguir\u00e1 con los mismos objetivos y presupuesto autorizado. Oaxaca de Ju\u00e1rez, Oax. 9 de diciembre de 2018. Personal directivo, docente, intendente y coordinadores del Servicio Escolar de Alimentaci\u00f3n de 890 planteles, incorporados al Programa de Escuelas de Tiempo Completo, [&hellip;]","protected":false},"author":1,"featured_media":2704,"comment_status":"open","ping_status":"open","sticky":false,"template":"","format":"standard","meta":{"episode_type":"","audio_file":"","podmotor_file_id":"","podmotor_episode_id":"","cover_image":"","cover_image_id":"","duration":"","filesize":"","filesize_raw":"","date_recorded":"","explicit":"","block":"","footnotes":""},"categories":[10,11],"tags":[],"series":[],"class_list":["post-2697","post","type-post","status-publish","format-standard","has-post-thumbnail","hentry","category-slide","category-noticias"],"episode_featured_image":"https:\/\/www.oaxaca.gob.mx\/ieepo\/wp-content\/uploads\/sites\/75\/2018\/12\/09-12-18-1.png","episode_player_image":"https:\/\/www.oaxaca.gob.mx\/ieepo\/wp-content\/plugins\/seriously-simple-podcasting\/assets\/images\/no-album-art.png","download_link":"","player_link":"","audio_player":false,"episode_data":{"playerMode":"dark","subscribeUrls":[],"rssFeedUrl":"https:\/\/www.oaxaca.gob.mx\/ieepo\/feed\/podcast\/instituto-estatal-de-educacion-publica-de-oaxaca","embedCode":"<blockquote class=\"wp-embedded-content\" data-secret=\"dZgQZ339mu\"><a href=\"https:\/\/www.oaxaca.gob.mx\/ieepo\/entrega-ieepo-estimulos-a-docentes-y-coordinadores-de-alimentacion-de-890-escuelas\/\">Entrega IEEPO est\u00edmulos a docentes y coordinadores  de alimentaci\u00f3n de 890 escuelas<\/a><\/blockquote><iframe sandbox=\"allow-scripts\" security=\"restricted\" src=\"https:\/\/www.oaxaca.gob.mx\/ieepo\/entrega-ieepo-estimulos-a-docentes-y-coordinadores-de-alimentacion-de-890-escuelas\/embed\/#?secret=dZgQZ339mu\" width=\"500\" height=\"350\" title=\"\u00abEntrega IEEPO est\u00edmulos a docentes y coordinadores  de alimentaci\u00f3n de 890 escuelas\u00bb \u2014 Instituto Estatal de Educaci\u00f3n P\u00fablica de Oaxaca\" data-secret=\"dZgQZ339mu\" frameborder=\"0\" marginwidth=\"0\" marginheight=\"0\" scrolling=\"no\" class=\"wp-embedded-content\"><\/iframe><script type=\"text\/javascript\">\n\/* <![CDATA[ *\/\n\/*! This file is auto-generated *\/\n!function(d,l){\"use strict\";l.querySelector&&d.addEventListener&&\"undefined\"!=typeof URL&&(d.wp=d.wp||{},d.wp.receiveEmbedMessage||(d.wp.receiveEmbedMessage=function(e){var t=e.data;if((t||t.secret||t.message||t.value)&&!\/[^a-zA-Z0-9]\/.test(t.secret)){for(var s,r,n,a=l.querySelectorAll('iframe[data-secret=\"'+t.secret+'\"]'),o=l.querySelectorAll('blockquote[data-secret=\"'+t.secret+'\"]'),c=new RegExp(\"^https?:$\",\"i\"),i=0;i<o.length;i++)o[i].style.display=\"none\";for(i=0;i<a.length;i++)s=a[i],e.source===s.contentWindow&&(s.removeAttribute(\"style\"),\"height\"===t.message?(1e3<(r=parseInt(t.value,10))?r=1e3:~~r<200&&(r=200),s.height=r):\"link\"===t.message&&(r=new URL(s.getAttribute(\"src\")),n=new URL(t.value),c.test(n.protocol))&&n.host===r.host&&l.activeElement===s&&(d.top.location.href=t.value))}},d.addEventListener(\"message\",d.wp.receiveEmbedMessage,!1),l.addEventListener(\"DOMContentLoaded\",function(){for(var e,t,s=l.querySelectorAll(\"iframe.wp-embedded-content\"),r=0;r<s.length;r++)(t=(e=s[r]).getAttribute(\"data-secret\"))||(t=Math.random().toString(36).substring(2,12),e.src+=\"#?secret=\"+t,e.setAttribute(\"data-secret\",t)),e.contentWindow.postMessage({message:\"ready\",secret:t},\"*\")},!1)))}(window,document);\n\/\/# sourceURL=https:\/\/www.oaxaca.gob.mx\/ieepo\/wp-includes\/js\/wp-embed.min.js\n\/* ]]> *\/\n<\/script>\n"},"acf":[],"publishpress_future_action":{"enabled":false,"date":"2026-05-02 02:29:22","action":"change-status","newStatus":"draft","terms":[],"taxonomy":"category","extraData":[]},"publishpress_future_workflow_manual_trigger":{"enabledWorkflows":[]},"_links":{"self":[{"href":"https:\/\/www.oaxaca.gob.mx\/ieepo\/wp-json\/wp\/v2\/posts\/2697","targetHints":{"allow":["GET"]}}],"collection":[{"href":"https:\/\/www.oaxaca.gob.mx\/ieepo\/wp-json\/wp\/v2\/posts"}],"about":[{"href":"https:\/\/www.oaxaca.gob.mx\/ieepo\/wp-json\/wp\/v2\/types\/post"}],"author":[{"embeddable":true,"href":"https:\/\/www.oaxaca.gob.mx\/ieepo\/wp-json\/wp\/v2\/users\/1"}],"replies":[{"embeddable":true,"href":"https:\/\/www.oaxaca.gob.mx\/ieepo\/wp-json\/wp\/v2\/comments?post=2697"}],"version-history":[{"count":0,"href":"https:\/\/www.oaxaca.gob.mx\/ieepo\/wp-json\/wp\/v2\/posts\/2697\/revisions"}],"wp:featuredmedia":[{"embeddable":true,"href":"https:\/\/www.oaxaca.gob.mx\/ieepo\/wp-json\/wp\/v2\/media\/2704"}],"wp:attachment":[{"href":"https:\/\/www.oaxaca.gob.mx\/ieepo\/wp-json\/wp\/v2\/media?parent=2697"}],"wp:term":[{"taxonomy":"category","embeddable":true,"href":"https:\/\/www.oaxaca.gob.mx\/ieepo\/wp-json\/wp\/v2\/categories?post=2697"},{"taxonomy":"post_tag","embeddable":true,"href":"https:\/\/www.oaxaca.gob.mx\/ieepo\/wp-json\/wp\/v2\/tags?post=2697"},{"taxonomy":"series","embeddable":true,"href":"https:\/\/www.oaxaca.gob.mx\/ieepo\/wp-json\/wp\/v2\/series?post=2697"}],"curies":[{"name":"wp","href":"https:\/\/api.w.org\/{rel}","templated":true}]}}